{"id":2112,"date":"2020-06-13T10:35:59","date_gmt":"2020-06-13T10:35:59","guid":{"rendered":"https:\/\/parafiakrzyzowa.pl\/?p=2112"},"modified":"2020-06-13T10:36:06","modified_gmt":"2020-06-13T10:36:06","slug":"2112","status":"publish","type":"post","link":"https:\/\/parafiakrzyzowa.pl\/?p=2112","title":{"rendered":""},"content":{"rendered":"<p>&nbsp;<\/p>\n<p><strong>Krzy\u017cowa dn. 14. VI. 2020 r.<\/strong><\/p>\n<p><strong>\u00a0\u00a0\u00a0\u00a0\u00a0\u00a0\u00a0\u00a0\u00a0\u00a0\u00a0\u00a0\u00a0\u00a0\u00a0\u00a0\u00a0\u00a0\u00a0\u00a0\u00a0\u00a0\u00a0\u00a0\u00a0\u00a0\u00a0\u00a0\u00a0 <\/strong><strong>\u00a0<\/strong><\/p>\n<p><strong><u>\u00a0XI\u00a0 NIEDZIELA ZWYK\u0141A\u00a0<\/u><\/strong><\/p>\n<p>&nbsp;<\/p>\n<p>Zapraszam jeszcze dzisiaj na nabo\u017ce\u0144stwo czerwcowe o godz. 17:30 po\u0142\u0105czone z procesj\u0105 w ramach oktawy Bo\u017cego Cia\u0142a.<\/p>\n<p>W tym tygodniu msze \u015bw. w dni powszednie b\u0119dzie o godz. 18. Po mszach \u015bw. nabo\u017ce\u0144stwo do Serca Jezusowego i procesja z Naj\u015bwi\u0119tszym Sakramentem . Zako\u0144czenie Oktawy b\u0119dzie we czwartek i we czwartek b\u0119dzie po\u015bwi\u0119cenie wiank\u00f3w i zi\u00f3\u0142.<\/p>\n<p>&nbsp;<\/p>\n<p>Bardzo serdecznie zapraszam na nabo\u017ce\u0144stwo czerwcowe i procesje szczeg\u00f3lne dziewczynki\u00a0 \u00a0 \u00a0 \u00a0 \u00a0 \u00a0 \u00a0 \u00a0w strojach do sypania kwiat\u00f3w i ch\u0142opc\u00f3w z dzwoneczkami.<\/p>\n<p>W \u015brod\u0119 jak zwykle prosz\u0119 o modlitw\u0119 w intencji Ojczyzny przed wyborami prezydenckimi.<\/p>\n<p>Bardzo serdecznie dzi\u0119kuj\u0119 za ofiary kt\u00f3re z\u0142o\u017cyli\u015bcie na remont organ\u00f3w. Zebrano \u2026\u2026\u2026<\/p>\n<p>Dzi\u0119kuj\u0119 P. Walusiom za ofiarowanie lamy, kt\u00f3ra teraz o\u015bwietla nam pi\u0119knie ko\u015bci\u00f3\u0142.<\/p>\n<p>&nbsp;<\/p>\n<p>W najbli\u017csz\u0105 niedziel\u0119 21 czerwca odpust w naszej Parafii ku czci Niepokalanego Serca Naj\u015bwi\u0119tszej Maryi Panny . Suma odpustowa b\u0119dzie o godz. 11 . Niestety nie mog\u0119 zaprosi\u0107 \u017cadnych ksi\u0119\u017cy\u00a0 \u00a0 \u00a0 \u00a0 \u00a0 \u00a0 z naszego dekanatu ze wzgl\u0119du na epidemi\u0119.\u00a0 Zapraszam bardzo serdecznie na sum\u0119 stra\u017cak\u00f3w\u00a0 \u00a0 \u00a0 \u00a0 \u00a0 z Krzy\u017cowej i Krzy\u017c\u00f3wek ze sztandarem. KGW w strojach , dziewczynki w strojach do sypania kwiat\u00f3w o oraz m\u0142odzie\u017c w strojach regionalnych. Uczcijmy nasz\u0105 Patronk\u0119 jak najpi\u0119kniej bo to s\u0105 Imieniny naszej Parafii.<\/p>\n<p>Zach\u0119cam do nabywania prasy katolickiej.<\/p>\n<p>B\u00f3g zap\u0142a\u0107 za sprz\u0105tanie ko\u015bcio\u0142a w tym tygodniu. Nast\u0119pne sprz\u0105tanie b\u0119dzie w sobot\u0119 o godz. 9:00.<\/p>\n<p>Sprz\u0105taj\u0105 Panie Stanis\u0142awa G\u00f3ra J\u00f3zefa Bia\u0142o\u0144 Janina Dendys i Anna G\u00f3ra. Jolanta G\u00f3ra Halina Walig\u00f3ra Ewa Michalec i Beata Jasek. Kwiaty u\u0142o\u017cy kwiaciarka a ja do\u0142o\u017c\u0119 si\u0119 do tego.<\/p>\n<p>&nbsp;<\/p>\n<p>W poniedzia\u0142ek po wieczornej mszy \u015bw. spotkanie z kandydatami do bierzmowania.<\/p>\n<p>&nbsp;<\/p>\n<p>Kalendarz liturgiczny<\/p>\n<p>\u015aroda \u2013 wsp. \u015bw. Brata Alberta Chmielowskiego zakonnika<\/p>\n<p>Pi\u0105tek \u2013 uroczysto\u015b\u0107\u00a0 Naj\u015bwi\u0119tszego Serca Pana Jezusa.<\/p>\n<p>Sobota \u2013 wsp. Niepokalanego Serca Naj\u015bwi\u0119tszej Maryi Panny<\/p>\n<p>&nbsp;<\/p>\n<p>&nbsp;<\/p>\n<p>&nbsp;<\/p>\n","protected":false},"excerpt":{"rendered":"<p>&nbsp; Krzy\u017cowa dn. 14. VI. 2020 r. \u00a0\u00a0\u00a0\u00a0\u00a0\u00a0\u00a0\u00a0\u00a0\u00a0\u00a0\u00a0\u00a0\u00a0\u00a0\u00a0\u00a0\u00a0\u00a0\u00a0\u00a0\u00a0\u00a0\u00a0\u00a0\u00a0\u00a0\u00a0\u00a0 \u00a0 \u00a0XI\u00a0 NIEDZIELA ZWYK\u0141A\u00a0 &nbsp; Zapraszam jeszcze dzisiaj na nabo\u017ce\u0144stwo czerwcowe o godz. 17:30 po\u0142\u0105czone z procesj\u0105 w ramach oktawy Bo\u017cego Cia\u0142a. W tym tygodniu msze \u015bw. w dni powszednie b\u0119dzie o godz. 18. Po mszach \u015bw. nabo\u017ce\u0144stwo do Serca Jezusowego i procesja z Naj\u015bwi\u0119tszym Sakramentem . [&hellip;]<\/p>\n","protected":false},"author":0,"featured_media":0,"comment_status":"closed","ping_status":"closed","sticky":false,"template":"","format":"standard","meta":{"ngg_post_thumbnail":0,"footnotes":""},"categories":[3],"tags":[],"class_list":["post-2112","post","type-post","status-publish","format-standard","hentry","category-ogloszenia"],"aioseo_notices":[],"_links":{"self":[{"href":"https:\/\/parafiakrzyzowa.pl\/index.php?rest_route=\/wp\/v2\/posts\/2112","targetHints":{"allow":["GET"]}}],"collection":[{"href":"https:\/\/parafiakrzyzowa.pl\/index.php?rest_route=\/wp\/v2\/posts"}],"about":[{"href":"https:\/\/parafiakrzyzowa.pl\/index.php?rest_route=\/wp\/v2\/types\/post"}],"replies":[{"embeddable":true,"href":"https:\/\/parafiakrzyzowa.pl\/index.php?rest_route=%2Fwp%2Fv2%2Fcomments&post=2112"}],"version-history":[{"count":1,"href":"https:\/\/parafiakrzyzowa.pl\/index.php?rest_route=\/wp\/v2\/posts\/2112\/revisions"}],"predecessor-version":[{"id":2113,"href":"https:\/\/parafiakrzyzowa.pl\/index.php?rest_route=\/wp\/v2\/posts\/2112\/revisions\/2113"}],"wp:attachment":[{"href":"https:\/\/parafiakrzyzowa.pl\/index.php?rest_route=%2Fwp%2Fv2%2Fmedia&parent=2112"}],"wp:term":[{"taxonomy":"category","embeddable":true,"href":"https:\/\/parafiakrzyzowa.pl\/index.php?rest_route=%2Fwp%2Fv2%2Fcategories&post=2112"},{"taxonomy":"post_tag","embeddable":true,"href":"https:\/\/parafiakrzyzowa.pl\/index.php?rest_route=%2Fwp%2Fv2%2Ftags&post=2112"}],"curies":[{"name":"wp","href":"https:\/\/api.w.org\/{rel}","templated":true}]}}