{"id":2121,"date":"2020-06-20T08:09:53","date_gmt":"2020-06-20T08:09:53","guid":{"rendered":"https:\/\/parafiakrzyzowa.pl\/?p=2121"},"modified":"2020-06-20T08:10:03","modified_gmt":"2020-06-20T08:10:03","slug":"2121","status":"publish","type":"post","link":"https:\/\/parafiakrzyzowa.pl\/?p=2121","title":{"rendered":""},"content":{"rendered":"<p>&nbsp;<\/p>\n<p><strong>Krzy\u017cowa dn. 21. VI. 2020 r.<\/strong><\/p>\n<p><strong>\u00a0\u00a0\u00a0\u00a0\u00a0\u00a0\u00a0\u00a0\u00a0\u00a0\u00a0\u00a0\u00a0\u00a0\u00a0\u00a0\u00a0\u00a0\u00a0\u00a0\u00a0\u00a0\u00a0\u00a0\u00a0\u00a0\u00a0\u00a0\u00a0 <\/strong><strong>\u00a0<\/strong><\/p>\n<p><strong><u>\u00a0XII\u00a0 NIEDZIELA ZWYK\u0141A\u00a0<\/u><\/strong><\/p>\n<p>&nbsp;<\/p>\n<p>W naszej rodzinie parafialnej prze\u017cywamy dzi\u015b uroczysto\u015b\u0107 odpustow\u0105 ku czci Niepokalanego Serca Naj\u015bwi\u0119tszej Maryi Panny . Maryja jest nie tylko nasz\u0105 Patronk\u0105 ale najlepsz\u0105 Matk\u0105.<\/p>\n<p>Opiece Matki Naj\u015bwi\u0119tszej polecam ca\u0142\u0105 nasz\u0105 parafi\u0119 , ka\u017cd\u0105 rodzin\u0119 i ka\u017cdego osobno, nasz\u0105 m\u0142odzie\u017c dzieci , ludzi samotnych senior\u00f3w i ludzi samotnych i chorych.<\/p>\n<p>Bardzo serdecznie dzi\u0119kuj\u0119 O. Ludwikowi franciszkaninowi z Koszarawy Bystrej za celebracj\u0119 mszy \u015bwi\u0119tej i za s\u0142owo Bo\u017ce kt\u00f3re g\u0142osi dzi\u015b na wszystkich mszach \u015bwi\u0119tych.<\/p>\n<p>Bardzo serdecznie dzi\u0119kuj\u0119 wszystkim wsp\u00f3lnotom naszej Parafii za u\u015bwietnienie naszej uroczysto\u015bci<\/p>\n<p>Kapeli m\u0142odzie\u017cowej stra\u017cakom pocztom sztandarowym s\u0142u\u017cbie liturgicznej, Ko\u0142om Gospody\u0144 Wiejskich dziewczynkom sypi\u0105cym kwiaty.<\/p>\n<p>W czwartek b\u0119dzie w naszej Parafii Bierzmowanie . Ks. Biskup Tadeusz Rakoczy udzieli sakramentu bierzmowania 8 dziewczynkom i 4 ch\u0142opc\u00f3w z klasy VIII. Zapraszam bardzo serdecznie rodziny\u00a0 \u00a0 \u00a0 \u00a0 \u00a0i koleg\u00f3w i kole\u017canki bierzmowanych na msz\u0119 \u015bw. o godz. 17:00.<\/p>\n<p>&nbsp;<\/p>\n<p>W \u015brod\u0119 od 17 do 18 b\u0119dzie spowied\u017a \u015bw. dla kandydat\u00f3w do bierzmowania i ich rodziny.<\/p>\n<p>W \u015brod\u0119 po wieczornej mszy \u015bw. mamy kandydat\u00f3w przychodz\u0105 sprz\u0105ta\u0107 ko\u015bci\u00f3\u0142. Nie kupujemy kwiat\u00f3w.<\/p>\n<p>Zach\u0119cam do nabywania prasy katolickiej.<\/p>\n<p>Dzi\u0119kuj\u0119 Paniom za sprz\u0105tanie ko\u015bcio\u0142a w tym tygodniu. Nast\u0119pne sprz\u0105tanie b\u0119dzie w sobot\u0119 o godz. 9:00. Sprz\u0105taj\u0105 Panie: Janina Cul Aleksandra P\u0142aza Teresa \u0141oboz i Gra\u017cyna Dendys\/ Nie kupujemy kwiat\u00f3w.<\/p>\n<p>W najbli\u017csz\u0105 niedziel\u0119 28 czerwca s\u0105 wybory prezydenckie. Bardzo was prosz\u0119 aby\u015bcie poszli wszyscy do wybor\u00f3w i w sumieniu rozs\u0105dzili na kogo glosowa\u0107 . Kogo wybierzemy tak\u0105 b\u0119dziemy mie\u0107 Polsk\u0119 . Zabierzcie ze sob\u0105 dowody osobiste,<\/p>\n<p>&nbsp;<\/p>\n<p>Kalendarz liturgiczny<\/p>\n<p>\u015aroda \u2013 uroczysto\u015b\u0107 Narodzenia \u015bw. Jana Chrzciciela<\/p>\n","protected":false},"excerpt":{"rendered":"<p>&nbsp; Krzy\u017cowa dn. 21. VI. 2020 r. \u00a0\u00a0\u00a0\u00a0\u00a0\u00a0\u00a0\u00a0\u00a0\u00a0\u00a0\u00a0\u00a0\u00a0\u00a0\u00a0\u00a0\u00a0\u00a0\u00a0\u00a0\u00a0\u00a0\u00a0\u00a0\u00a0\u00a0\u00a0\u00a0 \u00a0 \u00a0XII\u00a0 NIEDZIELA ZWYK\u0141A\u00a0 &nbsp; W naszej rodzinie parafialnej prze\u017cywamy dzi\u015b uroczysto\u015b\u0107 odpustow\u0105 ku czci Niepokalanego Serca Naj\u015bwi\u0119tszej Maryi Panny . Maryja jest nie tylko nasz\u0105 Patronk\u0105 ale najlepsz\u0105 Matk\u0105. Opiece Matki Naj\u015bwi\u0119tszej polecam ca\u0142\u0105 nasz\u0105 parafi\u0119 , ka\u017cd\u0105 rodzin\u0119 i ka\u017cdego osobno, nasz\u0105 m\u0142odzie\u017c dzieci , [&hellip;]<\/p>\n","protected":false},"author":0,"featured_media":0,"comment_status":"closed","ping_status":"closed","sticky":false,"template":"","format":"standard","meta":{"ngg_post_thumbnail":0,"footnotes":""},"categories":[3],"tags":[],"class_list":["post-2121","post","type-post","status-publish","format-standard","hentry","category-ogloszenia"],"aioseo_notices":[],"_links":{"self":[{"href":"https:\/\/parafiakrzyzowa.pl\/index.php?rest_route=\/wp\/v2\/posts\/2121","targetHints":{"allow":["GET"]}}],"collection":[{"href":"https:\/\/parafiakrzyzowa.pl\/index.php?rest_route=\/wp\/v2\/posts"}],"about":[{"href":"https:\/\/parafiakrzyzowa.pl\/index.php?rest_route=\/wp\/v2\/types\/post"}],"replies":[{"embeddable":true,"href":"https:\/\/parafiakrzyzowa.pl\/index.php?rest_route=%2Fwp%2Fv2%2Fcomments&post=2121"}],"version-history":[{"count":1,"href":"https:\/\/parafiakrzyzowa.pl\/index.php?rest_route=\/wp\/v2\/posts\/2121\/revisions"}],"predecessor-version":[{"id":2122,"href":"https:\/\/parafiakrzyzowa.pl\/index.php?rest_route=\/wp\/v2\/posts\/2121\/revisions\/2122"}],"wp:attachment":[{"href":"https:\/\/parafiakrzyzowa.pl\/index.php?rest_route=%2Fwp%2Fv2%2Fmedia&parent=2121"}],"wp:term":[{"taxonomy":"category","embeddable":true,"href":"https:\/\/parafiakrzyzowa.pl\/index.php?rest_route=%2Fwp%2Fv2%2Fcategories&post=2121"},{"taxonomy":"post_tag","embeddable":true,"href":"https:\/\/parafiakrzyzowa.pl\/index.php?rest_route=%2Fwp%2Fv2%2Ftags&post=2121"}],"curies":[{"name":"wp","href":"https:\/\/api.w.org\/{rel}","templated":true}]}}