{"id":2125,"date":"2020-06-27T09:20:05","date_gmt":"2020-06-27T09:20:05","guid":{"rendered":"https:\/\/parafiakrzyzowa.pl\/?p=2125"},"modified":"2020-06-27T09:20:13","modified_gmt":"2020-06-27T09:20:13","slug":"2125","status":"publish","type":"post","link":"https:\/\/parafiakrzyzowa.pl\/?p=2125","title":{"rendered":""},"content":{"rendered":"<p>&nbsp;<\/p>\n<p><strong>\u00a0\u00a0\u00a0\u00a0\u00a0\u00a0\u00a0\u00a0\u00a0\u00a0\u00a0\u00a0\u00a0\u00a0\u00a0\u00a0\u00a0\u00a0\u00a0\u00a0\u00a0\u00a0\u00a0\u00a0\u00a0\u00a0\u00a0\u00a0\u00a0\u00a0\u00a0\u00a0\u00a0\u00a0\u00a0\u00a0\u00a0\u00a0\u00a0\u00a0\u00a0\u00a0\u00a0\u00a0\u00a0\u00a0\u00a0\u00a0\u00a0\u00a0\u00a0\u00a0\u00a0\u00a0\u00a0\u00a0\u00a0\u00a0\u00a0\u00a0\u00a0\u00a0\u00a0\u00a0\u00a0\u00a0\u00a0\u00a0\u00a0\u00a0\u00a0\u00a0\u00a0\u00a0\u00a0\u00a0\u00a0\u00a0 <\/strong><\/p>\n<p><strong>\u00a0\u00a0\u00a0\u00a0\u00a0\u00a0\u00a0\u00a0\u00a0\u00a0\u00a0\u00a0\u00a0\u00a0\u00a0\u00a0\u00a0\u00a0\u00a0\u00a0\u00a0\u00a0\u00a0\u00a0\u00a0\u00a0\u00a0\u00a0\u00a0\u00a0\u00a0\u00a0\u00a0\u00a0\u00a0\u00a0\u00a0\u00a0\u00a0 <\/strong><strong>\u00a0<u>INTENCJE MSZY\u00a0 \u015aWI\u0118TYCH<\/u><\/strong><\/p>\n<p>&nbsp;<\/p>\n<p><strong><u>NIEDZIELA \u00a028.VI . 2020r.<\/u><\/strong><\/p>\n<p>Godz. 8:00 \u00a0\u00a0&#8211;\u00a0 \u00a0\u00a0\u00a0+ Jan P\u0142aza<\/p>\n<p>Godz.11:00\u00a0 &#8211;\u00a0 ++ W\u0142adys\u0142aw J\u0119drzejas i rodzice<\/p>\n<p>Godz. 18\u00a0\u00a0 \u00a0\u00a0\u00a0&#8211;\u00a0\u00a0\u00a0\u00a0 + J\u00f3zef Czul w 16r. \u015bmierci<strong><u>\u00a0<\/u><\/strong><\/p>\n<p><u><strong>PONIEDZIA\u0141EK \u00a029.VI. 2020r.<\/strong>\u00a0<\/u><\/p>\n<p>Godz.8:00\u00a0\u00a0\u00a0 &#8211;\u00a0\u00a0\u00a0\u00a0\u00a0\u00a0\u00a0\u00a0 Piotr Cicho\u0144<\/p>\n<p>Godz. 18 \u00a0\u00a0&#8211;\u00a0\u00a0\u00a0\u00a0\u00a0\u00a0 \u00a0\u00a0\u00a0\u00a0\u00a0O zdrowie i b\u0142. Bo\u017ce dla cz\u0142onki\u0144 R\u00f3\u017cy \u015bw. Faustyny Kowalskiej<\/p>\n<p><strong><u>WTOREK 30.VI. 2020r.<\/u><\/strong><\/p>\n<p>Godz. 7:00 &#8211;\u00a0\u00a0\u00a0\u00a0\u00a0\u00a0\u00a0\u00a0\u00a0\u00a0 W pewnej intencji<\/p>\n<p><strong><u>\u015aRODA\u00a0 1 .VII.\u00a0 2020r.<\/u><\/strong><\/p>\n<p>Godz. 18 \u00a0\u00a0\u00a0&#8211;\u00a0\u00a0\u00a0\u00a0 \u00a0\u00a0+ J\u00f3zef Majcherek<\/p>\n<p><strong><u>CZWARTEK 2 .VII. 2020r. <\/u><\/strong><\/p>\n<p>Godz. 7:00 &#8211;\u00a0\u00a0\u00a0 \u00a0\u00a0\u00a0+ Anna J\u0119drzejas<\/p>\n<p><strong><u>\u00a0<\/u><\/strong><strong><u>PI\u0104TEK \u00a03 .VII. 2020r. <\/u><\/strong><\/p>\n<p>Godz. 18\u00a0\u00a0 &#8211; \u00a0\u00a0\u00a0\u00a0\u00a0\u00a0\u00a0\u00a0\u00a0\u00a0\u00a0Za zmar\u0142ych wypominanych<\/p>\n<p><strong><u>\u00a0<\/u><\/strong><strong><u>SOBOTA 4 .VII. 2020 r.<\/u><\/strong><\/p>\n<p>Godz. 18 \u00a0\u00a0&#8211; \u00a0\u00a0\u00a0++ Jan Barcik i rodzice<\/p>\n<p>Godz. 19\u00a0\u00a0 &#8211; Krzy\u017c\u00f3wki\u00a0 ++ Anna i Wincenty Basikowie<\/p>\n<p><strong><u>NIEDZIELA 5. VII . 2020r. <\/u><\/strong><\/p>\n<p>Godz.8:00 \u00a0\u00a0&#8211;\u00a0 \u00a0\u00a0\u00a0+ Adam Dendys w 12r, \u015bmierci<\/p>\n<p>Godz.11:00 &#8211; \u00a0\u00a0\u00a0\u00a0\u00a0\u00a0\u00a0O zdrowie i b\u0142. Bo\u017ce dla \u0141ukasza Strza\u0142ki w 18r. urodzin<\/p>\n<p>Godz. 18 \u00a0\u00a0\u00a0\u00a0&#8211; \u00a0\u00a0++ Helena Lubo\u015b w 1r. \u015bmierci m\u0105\u017c Herman<\/p>\n<p>&nbsp;<\/p>\n","protected":false},"excerpt":{"rendered":"<p>&nbsp; \u00a0\u00a0\u00a0\u00a0\u00a0\u00a0\u00a0\u00a0\u00a0\u00a0\u00a0\u00a0\u00a0\u00a0\u00a0\u00a0\u00a0\u00a0\u00a0\u00a0\u00a0\u00a0\u00a0\u00a0\u00a0\u00a0\u00a0\u00a0\u00a0\u00a0\u00a0\u00a0\u00a0\u00a0\u00a0\u00a0\u00a0\u00a0\u00a0\u00a0\u00a0\u00a0\u00a0\u00a0\u00a0\u00a0\u00a0\u00a0\u00a0\u00a0\u00a0\u00a0\u00a0\u00a0\u00a0\u00a0\u00a0\u00a0\u00a0\u00a0\u00a0\u00a0\u00a0\u00a0\u00a0\u00a0\u00a0\u00a0\u00a0\u00a0\u00a0\u00a0\u00a0\u00a0\u00a0\u00a0\u00a0\u00a0 \u00a0\u00a0\u00a0\u00a0\u00a0\u00a0\u00a0\u00a0\u00a0\u00a0\u00a0\u00a0\u00a0\u00a0\u00a0\u00a0\u00a0\u00a0\u00a0\u00a0\u00a0\u00a0\u00a0\u00a0\u00a0\u00a0\u00a0\u00a0\u00a0\u00a0\u00a0\u00a0\u00a0\u00a0\u00a0\u00a0\u00a0\u00a0\u00a0 \u00a0INTENCJE MSZY\u00a0 \u015aWI\u0118TYCH &nbsp; NIEDZIELA \u00a028.VI . 2020r. Godz. 8:00 \u00a0\u00a0&#8211;\u00a0 \u00a0\u00a0\u00a0+ Jan P\u0142aza Godz.11:00\u00a0 &#8211;\u00a0 ++ W\u0142adys\u0142aw J\u0119drzejas i rodzice Godz. 18\u00a0\u00a0 \u00a0\u00a0\u00a0&#8211;\u00a0\u00a0\u00a0\u00a0 + J\u00f3zef Czul w 16r. \u015bmierci\u00a0 PONIEDZIA\u0141EK \u00a029.VI. 2020r.\u00a0 Godz.8:00\u00a0\u00a0\u00a0 &#8211;\u00a0\u00a0\u00a0\u00a0\u00a0\u00a0\u00a0\u00a0 Piotr Cicho\u0144 Godz. 18 \u00a0\u00a0&#8211;\u00a0\u00a0\u00a0\u00a0\u00a0\u00a0 \u00a0\u00a0\u00a0\u00a0\u00a0O zdrowie i b\u0142. Bo\u017ce dla cz\u0142onki\u0144 R\u00f3\u017cy \u015bw. Faustyny Kowalskiej WTOREK [&hellip;]<\/p>\n","protected":false},"author":0,"featured_media":0,"comment_status":"closed","ping_status":"closed","sticky":false,"template":"","format":"standard","meta":{"ngg_post_thumbnail":0,"footnotes":""},"categories":[7],"tags":[],"class_list":["post-2125","post","type-post","status-publish","format-standard","hentry","category-intencje"],"aioseo_notices":[],"_links":{"self":[{"href":"https:\/\/parafiakrzyzowa.pl\/index.php?rest_route=\/wp\/v2\/posts\/2125","targetHints":{"allow":["GET"]}}],"collection":[{"href":"https:\/\/parafiakrzyzowa.pl\/index.php?rest_route=\/wp\/v2\/posts"}],"about":[{"href":"https:\/\/parafiakrzyzowa.pl\/index.php?rest_route=\/wp\/v2\/types\/post"}],"replies":[{"embeddable":true,"href":"https:\/\/parafiakrzyzowa.pl\/index.php?rest_route=%2Fwp%2Fv2%2Fcomments&post=2125"}],"version-history":[{"count":1,"href":"https:\/\/parafiakrzyzowa.pl\/index.php?rest_route=\/wp\/v2\/posts\/2125\/revisions"}],"predecessor-version":[{"id":2126,"href":"https:\/\/parafiakrzyzowa.pl\/index.php?rest_route=\/wp\/v2\/posts\/2125\/revisions\/2126"}],"wp:attachment":[{"href":"https:\/\/parafiakrzyzowa.pl\/index.php?rest_route=%2Fwp%2Fv2%2Fmedia&parent=2125"}],"wp:term":[{"taxonomy":"category","embeddable":true,"href":"https:\/\/parafiakrzyzowa.pl\/index.php?rest_route=%2Fwp%2Fv2%2Fcategories&post=2125"},{"taxonomy":"post_tag","embeddable":true,"href":"https:\/\/parafiakrzyzowa.pl\/index.php?rest_route=%2Fwp%2Fv2%2Ftags&post=2125"}],"curies":[{"name":"wp","href":"https:\/\/api.w.org\/{rel}","templated":true}]}}