{"id":2128,"date":"2020-06-27T09:26:11","date_gmt":"2020-06-27T09:26:11","guid":{"rendered":"https:\/\/parafiakrzyzowa.pl\/?p=2128"},"modified":"2020-06-27T09:26:17","modified_gmt":"2020-06-27T09:26:17","slug":"2128","status":"publish","type":"post","link":"https:\/\/parafiakrzyzowa.pl\/?p=2128","title":{"rendered":""},"content":{"rendered":"<p>&nbsp;<\/p>\n<p><strong>Krzy\u017cowa dn. 28. VI. 2020 r.<\/strong><\/p>\n<p><strong>\u00a0\u00a0\u00a0\u00a0\u00a0\u00a0\u00a0\u00a0\u00a0\u00a0\u00a0\u00a0\u00a0\u00a0\u00a0\u00a0\u00a0\u00a0\u00a0\u00a0\u00a0\u00a0\u00a0\u00a0\u00a0\u00a0\u00a0\u00a0\u00a0 <\/strong><strong>\u00a0<\/strong><\/p>\n<p><strong><u>\u00a0XIII\u00a0 NIEDZIELA ZWYK\u0141A\u00a0<\/u><\/strong><\/p>\n<p>&nbsp;<\/p>\n<p>Zapraszam jeszcze dzisiaj na nabo\u017ce\u0144stwo czerwcowe o godz. 17:30.<\/p>\n<p>Rozpocz\u0119\u0142y si\u0119 wakacje dla uczni\u00f3w wszystkich poziom\u00f3w nauczania. \u017bycz\u0119 wszystkim uczniom\u00a0 \u00a0 \u00a0 \u00a0 i nauczycielom s\u0142onecznych wakacji. Kt\u00f3re b\u0119d\u0105 jednak zupe\u0142nie inne bo jest ci\u0105gle epidemia korona wirusa. Dlatego \u017cycz\u0119 wszystkim roztropno\u015bci i ostro\u017cno\u015bci przy wszystkich wyjazdach.<\/p>\n<p>&nbsp;<\/p>\n<p>Dzi\u015b wybory na prezydenta Rzeczpospolitej Polskiej. Prosz\u0119 was bardzo id\u017acie na wybory. Wygrajmy Polsk\u0119.<\/p>\n<p>Jutro przypada uroczysto\u015b\u0107 \u015bwi\u0119tych Aposto\u0142\u00f3w Piotra i Paw\u0142a. Msze \u015bw. o godz, 8:00 i 18 wieczorem. Nabo\u017ce\u0144stwo czerwcowe o godz. 17:30. Sk\u0142adka zwana na \u015bwi\u0119topietrzem jest przeznaczona dla Ojca \u015bw. i na Stolic\u0119 Apostolsk\u0105.<\/p>\n<p>W tym tygodniu przypada I czwartek pi\u0105tek i sobota miesi\u0105ca. Spowied\u017a \u015bw. b\u0119dzie w pi\u0105tek od godz. 17 do 18.<\/p>\n<p>Od godz. 9:00 odwiedziny chorych i senior\u00f3w z Panem Jezusem.<\/p>\n<p>W \u015brod\u0119 prosz\u0119 o r\u00f3\u017caniec za nasz\u0105 Ojczyzn\u0119, a w sobot\u0119 za nasz\u0105 parafi\u0119.<\/p>\n<p>Bardzo serdecznie dzi\u0119kuj\u0119 za \u017cyczenia z okazji moich imienin i za wszystkie prezenty szczeg\u00f3lnie stra\u017cakom z Krzy\u017cowej i Krzy\u017c\u00f3wek.<\/p>\n<p>B\u00f3g zap\u0142a\u0107 parafianom z Krzy\u017cowej \u015brodkowej za ufundowanie do naszego ko\u015bcio\u0142a kompletu obrus\u00f3w, kt\u00f3re mo\u017cecie zobaczy\u0107 ju\u017c na o\u0142tarzach. W imieniu tych parafian wr\u0119czy\u0142y mi ten dar Panie: Anna Kmi\u0144ska i Ewa Walig\u00f3ra. Serdeczne B\u00f3g zap\u0142a\u0107.<\/p>\n<p>We wtorek zapraszam na godz. 18 na plebani\u0119 Rad\u0119 Duszpastersk\u0105 i Rad\u0119 Ekonomiczn\u0105 . Licz\u0119 na obecno\u015b\u0107 wszystkich Pa\u0144stwa. Jestem ju\u017c po spotkaniu z architektami i przeka\u017ce wiadomo\u015bci o naszej kaplicy przedpogrzebowej. Czeka nas wiele za\u0142atwie\u0144 administracyjnych. B\u0119dziemy rozmawia\u0107 r\u00f3wnie\u017c o przeniesieniu mszy \u015bw. niedzielnej z godz, 11 na 9:30 b\u0105d\u017a na 10. Bardzo wielu parafian prosi\u0142o mnie o to, a ja zauwa\u017cy\u0142em, \u017ce w czasie pandemii msza \u015bw.. o godz. 9:30 by\u0142a najbardziej liczna w wiernych.<\/p>\n<p>&nbsp;<\/p>\n<p>Zach\u0119cam do nabywania prasy katolickiej .<\/p>\n<p>B\u00f3g zap\u0142a\u0107 za sprz\u0105tanie ko\u015bcio\u0142a w tym tygodniu zar\u00f3wno mamom m\u0142odzie\u017cy bierzmowanej jak r\u00f3wnie\u017c grupie. Nast\u0119pne sprz\u0105tanie b\u0119dzie w sobot\u0119 o godz. 9:00. Sprz\u0105taj\u0105 Panie: Ewa Dybek Magdalena Krzesak Ewa Mr\u00f3zek i Lucyna G\u00f3ra. Nie kupujemy kwiat\u00f3w.<\/p>\n<p>Bardzo serdecznie dzi\u0119kuj\u0119 wszystkim rodzicom za trud wychowania i przygotowania swoich dzieci do przyj\u0119cia sakramentu bierzmowania.<\/p>\n<p>&nbsp;<\/p>\n<p>Kalendarz liturgiczny<\/p>\n<p>Poniedzia\u0142ek \u2013 uroczysto\u015b\u0107 \u015bwi\u0119tych Aposto\u0142\u00f3w Piotra i Paw\u0142a.<\/p>\n<p>Pi\u0105tek \u2013 \u015bwi\u0119to \u015bw. Tomasza Aposto\u0142a<\/p>\n","protected":false},"excerpt":{"rendered":"<p>&nbsp; Krzy\u017cowa dn. 28. VI. 2020 r. \u00a0\u00a0\u00a0\u00a0\u00a0\u00a0\u00a0\u00a0\u00a0\u00a0\u00a0\u00a0\u00a0\u00a0\u00a0\u00a0\u00a0\u00a0\u00a0\u00a0\u00a0\u00a0\u00a0\u00a0\u00a0\u00a0\u00a0\u00a0\u00a0 \u00a0 \u00a0XIII\u00a0 NIEDZIELA ZWYK\u0141A\u00a0 &nbsp; Zapraszam jeszcze dzisiaj na nabo\u017ce\u0144stwo czerwcowe o godz. 17:30. Rozpocz\u0119\u0142y si\u0119 wakacje dla uczni\u00f3w wszystkich poziom\u00f3w nauczania. \u017bycz\u0119 wszystkim uczniom\u00a0 \u00a0 \u00a0 \u00a0 i nauczycielom s\u0142onecznych wakacji. Kt\u00f3re b\u0119d\u0105 jednak zupe\u0142nie inne bo jest ci\u0105gle epidemia korona wirusa. Dlatego \u017cycz\u0119 wszystkim roztropno\u015bci [&hellip;]<\/p>\n","protected":false},"author":0,"featured_media":0,"comment_status":"closed","ping_status":"closed","sticky":false,"template":"","format":"standard","meta":{"ngg_post_thumbnail":0,"footnotes":""},"categories":[3],"tags":[],"class_list":["post-2128","post","type-post","status-publish","format-standard","hentry","category-ogloszenia"],"aioseo_notices":[],"_links":{"self":[{"href":"https:\/\/parafiakrzyzowa.pl\/index.php?rest_route=\/wp\/v2\/posts\/2128","targetHints":{"allow":["GET"]}}],"collection":[{"href":"https:\/\/parafiakrzyzowa.pl\/index.php?rest_route=\/wp\/v2\/posts"}],"about":[{"href":"https:\/\/parafiakrzyzowa.pl\/index.php?rest_route=\/wp\/v2\/types\/post"}],"replies":[{"embeddable":true,"href":"https:\/\/parafiakrzyzowa.pl\/index.php?rest_route=%2Fwp%2Fv2%2Fcomments&post=2128"}],"version-history":[{"count":1,"href":"https:\/\/parafiakrzyzowa.pl\/index.php?rest_route=\/wp\/v2\/posts\/2128\/revisions"}],"predecessor-version":[{"id":2129,"href":"https:\/\/parafiakrzyzowa.pl\/index.php?rest_route=\/wp\/v2\/posts\/2128\/revisions\/2129"}],"wp:attachment":[{"href":"https:\/\/parafiakrzyzowa.pl\/index.php?rest_route=%2Fwp%2Fv2%2Fmedia&parent=2128"}],"wp:term":[{"taxonomy":"category","embeddable":true,"href":"https:\/\/parafiakrzyzowa.pl\/index.php?rest_route=%2Fwp%2Fv2%2Fcategories&post=2128"},{"taxonomy":"post_tag","embeddable":true,"href":"https:\/\/parafiakrzyzowa.pl\/index.php?rest_route=%2Fwp%2Fv2%2Ftags&post=2128"}],"curies":[{"name":"wp","href":"https:\/\/api.w.org\/{rel}","templated":true}]}}