{"id":2136,"date":"2020-07-04T10:08:57","date_gmt":"2020-07-04T10:08:57","guid":{"rendered":"https:\/\/parafiakrzyzowa.pl\/?p=2136"},"modified":"2020-07-04T10:09:04","modified_gmt":"2020-07-04T10:09:04","slug":"2136","status":"publish","type":"post","link":"https:\/\/parafiakrzyzowa.pl\/?p=2136","title":{"rendered":""},"content":{"rendered":"<p><strong>\u00a0\u00a0\u00a0\u00a0\u00a0\u00a0\u00a0\u00a0\u00a0\u00a0\u00a0\u00a0\u00a0\u00a0\u00a0\u00a0\u00a0\u00a0\u00a0\u00a0\u00a0\u00a0\u00a0\u00a0\u00a0\u00a0\u00a0\u00a0\u00a0\u00a0\u00a0\u00a0\u00a0\u00a0\u00a0\u00a0\u00a0\u00a0\u00a0\u00a0\u00a0\u00a0\u00a0\u00a0\u00a0\u00a0\u00a0\u00a0\u00a0\u00a0\u00a0\u00a0\u00a0\u00a0\u00a0\u00a0\u00a0\u00a0\u00a0\u00a0\u00a0\u00a0\u00a0\u00a0\u00a0\u00a0\u00a0\u00a0\u00a0\u00a0\u00a0\u00a0\u00a0\u00a0\u00a0\u00a0\u00a0\u00a0 <\/strong><\/p>\n<p><strong>\u00a0\u00a0\u00a0\u00a0\u00a0\u00a0\u00a0\u00a0\u00a0\u00a0\u00a0\u00a0\u00a0\u00a0\u00a0\u00a0\u00a0\u00a0\u00a0\u00a0\u00a0\u00a0 \u00a0\u00a0\u00a0\u00a0\u00a0\u00a0\u00a0\u00a0\u00a0\u00a0\u00a0\u00a0\u00a0\u00a0\u00a0\u00a0<\/strong><strong><u>XIV NIEDZIELA ZWYK\u0141A<\/u><\/strong><\/p>\n<p>&nbsp;<\/p>\n<p>&nbsp;<\/p>\n<p>Dzi\u015b przypada I niedziela miesi\u0105ca. Po ka\u017cdej mszy \u015bwi\u0119tej adoracja Pana Jezusa w Naj\u015bwi\u0119tszym Sakramencie.<\/p>\n<p>&nbsp;<\/p>\n<p>Dzi\u0119kuj\u0119 bardzo serdecznie Pa\u0144stwu z Rady Duszpasterskiej i Ekonomicznej na wtorkowym spotkaniu na plebanii. Dzi\u0119kuj\u0119 za \u017cyczenia imieninowe.<\/p>\n<p>Ustalili\u015bmy na spotkaniu, \u017ce od najbli\u017cszej niedziel 12 lipca b\u0119dzie przeniesiona msza \u015bw. niedzielna\u00a0\u00a0\u00a0\u00a0 z godz. 11 na godz. 10<\/p>\n<p>&nbsp;<\/p>\n<p>Niestety jest smutna wiadomo\u015b\u0107 je\u015bli chodzi o budow\u0119 kaplicy pogrzebowej. Okaza\u0142o si\u0119 , \u017ce w planie przestrzennego zagospodarowania gminy w otoczeniu ko\u015bcio\u0142a i plebanii nie ma \u017cadnej dzia\u0142ki pod budow\u0119. M\u00f3wi\u0105c wprost nie mo\u017cna budowa\u0107 \u017cadnego budynku a wi\u0119c r\u00f3wnie\u017c kaplicy. Sprawa jest nie do za\u0142atwienia poniewa\u017c trzeba by by\u0142o zmiany planu przestrzennego zagospodarowania .<\/p>\n<p>&nbsp;<\/p>\n<p>Jak zwykle bardzo serdecznie zapraszam na codzienn\u0105 msz\u0119 \u015bw. szczeg\u00f3lnie w \u015brod\u0119 na Nowenn\u0119 do Matki Bo\u017cej Nieustaj\u0105cej Pomocy. Zapraszam dzieci i m\u0142odzie\u017c . S\u0105 wakacje wi\u0119c mo\u017cna wi\u0119cej czasu po\u015bwi\u0119ci\u0107 \u00a0na spotkania z Panem Jezusem. Przed msz\u0105 \u015bw. R\u00f3\u017caniec za Ojczyzn\u0119.<\/p>\n<p>&nbsp;<\/p>\n<p>Za tydzie\u0144 II tura wybor\u00f3w prezydenckich. Bardzo prosz\u0119 id\u017acie na wybory tak jak w I turze a mo\u017ce jeszcze liczniej . Namawiajcie tych kt\u00f3rzy nie byli w ostatni\u0105 niedziel\u0119. Wygrajmy Polsk\u0119.<\/p>\n<p>&nbsp;<\/p>\n<p>Zach\u0119cam do nabywania prasy katolickiej.<\/p>\n<p>&nbsp;<\/p>\n<p>B\u00f3g zap\u0142a\u0107 Paniom za sprz\u0105tanie ko\u015bcio\u0142a w tym tygodniu. M\u0142odej parze za ko\u015bci\u00f3\u0142. Nast\u0119pne sprz\u0105tanie b\u0119dzie w sobot\u0119 o godz. 9:00. Sprz\u0105taj\u0105 Panie: Danuta Kami\u0144ska Ma\u0142gorzata Merwa<\/p>\n<p>Krystyna Hulb\u00f3j. Nie kupujemy kwiat\u00f3w.<\/p>\n<p>&nbsp;<\/p>\n<p>Kalendarz liturgiczny<\/p>\n<p>&nbsp;<\/p>\n<p>Poniedzia\u0142ek \u2013 wsp. b\u0142. Marii Teresy Led\u00f3chowskiej<\/p>\n<p>\u015aroda \u2013 wsp. \u015bw. Jana z Dukli kap\u0142ana<\/p>\n<p>Sobota \u2013 \u015bwi\u0119to \u015bw. Benedykta opata<\/p>\n<p>&nbsp;<\/p>\n<p>W ostatnim tygodniu odszli z naszej rodziny parafialnej do Pana \u015bp. \u0141ukasz Z\u0105bek i J\u00f3zef Kaprak<\/p>\n<p>&nbsp;<\/p>\n<p>Wieczny odpoczynek racz im da\u0107 Panie<\/p>\n<p>&nbsp;<\/p>\n<p>&nbsp;<\/p>\n<p>&nbsp;<\/p>\n<p>&nbsp;<\/p>\n","protected":false},"excerpt":{"rendered":"<p>\u00a0\u00a0\u00a0\u00a0\u00a0\u00a0\u00a0\u00a0\u00a0\u00a0\u00a0\u00a0\u00a0\u00a0\u00a0\u00a0\u00a0\u00a0\u00a0\u00a0\u00a0\u00a0\u00a0\u00a0\u00a0\u00a0\u00a0\u00a0\u00a0\u00a0\u00a0\u00a0\u00a0\u00a0\u00a0\u00a0\u00a0\u00a0\u00a0\u00a0\u00a0\u00a0\u00a0\u00a0\u00a0\u00a0\u00a0\u00a0\u00a0\u00a0\u00a0\u00a0\u00a0\u00a0\u00a0\u00a0\u00a0\u00a0\u00a0\u00a0\u00a0\u00a0\u00a0\u00a0\u00a0\u00a0\u00a0\u00a0\u00a0\u00a0\u00a0\u00a0\u00a0\u00a0\u00a0\u00a0\u00a0\u00a0 \u00a0\u00a0\u00a0\u00a0\u00a0\u00a0\u00a0\u00a0\u00a0\u00a0\u00a0\u00a0\u00a0\u00a0\u00a0\u00a0\u00a0\u00a0\u00a0\u00a0\u00a0\u00a0 \u00a0\u00a0\u00a0\u00a0\u00a0\u00a0\u00a0\u00a0\u00a0\u00a0\u00a0\u00a0\u00a0\u00a0\u00a0\u00a0XIV NIEDZIELA ZWYK\u0141A &nbsp; &nbsp; Dzi\u015b przypada I niedziela miesi\u0105ca. Po ka\u017cdej mszy \u015bwi\u0119tej adoracja Pana Jezusa w Naj\u015bwi\u0119tszym Sakramencie. &nbsp; Dzi\u0119kuj\u0119 bardzo serdecznie Pa\u0144stwu z Rady Duszpasterskiej i Ekonomicznej na wtorkowym spotkaniu na plebanii. Dzi\u0119kuj\u0119 za \u017cyczenia imieninowe. Ustalili\u015bmy na spotkaniu, \u017ce od najbli\u017cszej niedziel 12 lipca b\u0119dzie przeniesiona msza \u015bw. niedzielna\u00a0\u00a0\u00a0\u00a0 [&hellip;]<\/p>\n","protected":false},"author":0,"featured_media":0,"comment_status":"closed","ping_status":"closed","sticky":false,"template":"","format":"standard","meta":{"ngg_post_thumbnail":0,"footnotes":""},"categories":[3],"tags":[],"class_list":["post-2136","post","type-post","status-publish","format-standard","hentry","category-ogloszenia"],"aioseo_notices":[],"_links":{"self":[{"href":"https:\/\/parafiakrzyzowa.pl\/index.php?rest_route=\/wp\/v2\/posts\/2136","targetHints":{"allow":["GET"]}}],"collection":[{"href":"https:\/\/parafiakrzyzowa.pl\/index.php?rest_route=\/wp\/v2\/posts"}],"about":[{"href":"https:\/\/parafiakrzyzowa.pl\/index.php?rest_route=\/wp\/v2\/types\/post"}],"replies":[{"embeddable":true,"href":"https:\/\/parafiakrzyzowa.pl\/index.php?rest_route=%2Fwp%2Fv2%2Fcomments&post=2136"}],"version-history":[{"count":1,"href":"https:\/\/parafiakrzyzowa.pl\/index.php?rest_route=\/wp\/v2\/posts\/2136\/revisions"}],"predecessor-version":[{"id":2137,"href":"https:\/\/parafiakrzyzowa.pl\/index.php?rest_route=\/wp\/v2\/posts\/2136\/revisions\/2137"}],"wp:attachment":[{"href":"https:\/\/parafiakrzyzowa.pl\/index.php?rest_route=%2Fwp%2Fv2%2Fmedia&parent=2136"}],"wp:term":[{"taxonomy":"category","embeddable":true,"href":"https:\/\/parafiakrzyzowa.pl\/index.php?rest_route=%2Fwp%2Fv2%2Fcategories&post=2136"},{"taxonomy":"post_tag","embeddable":true,"href":"https:\/\/parafiakrzyzowa.pl\/index.php?rest_route=%2Fwp%2Fv2%2Ftags&post=2136"}],"curies":[{"name":"wp","href":"https:\/\/api.w.org\/{rel}","templated":true}]}}