{"id":2141,"date":"2020-07-11T09:34:51","date_gmt":"2020-07-11T09:34:51","guid":{"rendered":"https:\/\/parafiakrzyzowa.pl\/?p=2141"},"modified":"2020-07-11T09:35:23","modified_gmt":"2020-07-11T09:35:23","slug":"2141","status":"publish","type":"post","link":"https:\/\/parafiakrzyzowa.pl\/?p=2141","title":{"rendered":""},"content":{"rendered":"<p>&nbsp;<\/p>\n<p><strong>\u00a0\u00a0\u00a0\u00a0\u00a0\u00a0\u00a0\u00a0\u00a0\u00a0\u00a0\u00a0\u00a0\u00a0\u00a0\u00a0\u00a0\u00a0\u00a0\u00a0\u00a0\u00a0\u00a0\u00a0\u00a0\u00a0\u00a0\u00a0\u00a0\u00a0\u00a0\u00a0\u00a0\u00a0\u00a0\u00a0\u00a0\u00a0\u00a0\u00a0\u00a0\u00a0\u00a0\u00a0\u00a0\u00a0\u00a0\u00a0\u00a0\u00a0\u00a0\u00a0\u00a0\u00a0\u00a0\u00a0\u00a0\u00a0\u00a0\u00a0\u00a0\u00a0\u00a0\u00a0\u00a0\u00a0\u00a0\u00a0\u00a0\u00a0\u00a0\u00a0\u00a0\u00a0\u00a0\u00a0\u00a0\u00a0 <\/strong><\/p>\n<p><strong>\u00a0\u00a0\u00a0\u00a0\u00a0\u00a0\u00a0\u00a0\u00a0\u00a0\u00a0\u00a0\u00a0\u00a0\u00a0\u00a0\u00a0\u00a0\u00a0\u00a0\u00a0\u00a0\u00a0\u00a0\u00a0\u00a0\u00a0\u00a0\u00a0\u00a0\u00a0\u00a0\u00a0\u00a0\u00a0\u00a0\u00a0\u00a0\u00a0 <\/strong><strong>\u00a0<u>INTENCJE MSZY\u00a0 \u015aWI\u0118TYCH<\/u><\/strong><\/p>\n<p><strong><u>NIEDZIELA \u00a012.VII . 2020r.<\/u><\/strong><\/p>\n<p>Godz. 8:00 \u00a0\u00a0&#8211;\u00a0 \u00a0\u00a0\u00a0+\u00a0 Helena Caputa w 12r. \u015bmierci<\/p>\n<p>Godz.10:00\u00a0 &#8211;\u00a0 \u00a0\u00a0\u00a0\u00a0\u00a0\u00a0O zdrowie i b\u0142. Bo\u017ce dla Natalii Go\u0142ek z okazji chrztu \u015bw.<\/p>\n<p>Godz. 18\u00a0\u00a0 \u00a0\u00a0\u00a0&#8211;\u00a0\u00a0 ++ Franciszka Cwajna m\u0105\u017c Franciszek<\/p>\n<p><u>\u00a0<strong>PONIEDZIA\u0141EK \u00a013.VII. 2020r.<\/strong>\u00a0<\/u><\/p>\n<p>Godz. 18 \u00a0\u00a0&#8211;\u00a0\u00a0\u00a0\u00a0\u00a0\u00a0 \u00a0+\u00a0 Wies\u0142aw Butor w 2r. \u015bmierci<\/p>\n<p><strong><u>WTOREK 14.VII. 2020r.<\/u><\/strong><\/p>\n<p>Godz. 7:00 &#8211;\u00a0\u00a0\u00a0\u00a0\u00a0\u00a0\u00a0\u00a0\u00a0\u00a0 W pewnej intencji<\/p>\n<p><strong><u>\u015aRODA\u00a0 15 .VII.\u00a0 2020r.<\/u><\/strong><\/p>\n<p>Godz. 18 \u00a0\u00a0\u00a0&#8211;\u00a0\u00a0 ++ \u00a0\u00a0\u00a0Maria i Stanis\u0142aw J\u0119drzejakowie i syn Tadeusz<\/p>\n<p><strong><u>CZWARTEK 16 .VII. 2020r. <\/u><\/strong><\/p>\n<p>Godz. 7:00 &#8211;\u00a0\u00a0\u00a0 \u00a0+\u00a0\u00a0\u00a0 J\u00f3zef Kaprak<\/p>\n<p><strong><u>\u00a0<\/u><\/strong><strong><u>PI\u0104TEK \u00a017 .VII. 2020r. <\/u><\/strong><\/p>\n<p>Godz. 18\u00a0\u00a0 &#8211; \u00a0\u00a0\u00a0\u00a0\u00a0\u00a0\u00a0\u00a0\u00a0\u00a0\u00a0\u00a0Dzi\u0119kczynna z pro\u015bb\u0105 o zdrowie i b\u0142. Bo\u017ce dla Magdaleny Barcik w 18r. urodzin<\/p>\n<p><strong><u>\u00a0<\/u><\/strong><strong><u>SOBOTA 18 .VII. 2020 r.<\/u><\/strong><\/p>\n<p>Godz. 18 \u00a0\u00a0&#8211; \u00a0\u00a0\u00a0\u00a0\u00a0\u00a0+ \u00a0\u00a0\u00a0J\u00f3zef Cima\u0142a w 1r. \u015bmierci<\/p>\n<p>Godz. 19\u00a0\u00a0 &#8211; Krzy\u017c\u00f3wki\u00a0 &#8211; ++ Stanis\u0142awa i Ignacy Urba\u0144cowie<\/p>\n<p><strong><u>NIEDZIELA 19. VII . 2020r. <\/u><\/strong><\/p>\n<p>Godz.8:00 \u00a0\u00a0&#8211;\u00a0 \u00a0\u00a0\u00a0+\u00a0 \u00a0Jan\u00a0 P\u0142aza w 4r. \u015bmierci<\/p>\n<p>Godz.10:00 &#8211; \u00a0\u00a0++\u00a0 Wojciech i Karolina Pastorowie<\/p>\n<p>Godz. 18 \u00a0\u00a0\u00a0\u00a0&#8211; \u00a0\u00a0++ \u00a0Jan Smolicki i rodzice<\/p>\n<p>&nbsp;<\/p>\n","protected":false},"excerpt":{"rendered":"<p>&nbsp; \u00a0\u00a0\u00a0\u00a0\u00a0\u00a0\u00a0\u00a0\u00a0\u00a0\u00a0\u00a0\u00a0\u00a0\u00a0\u00a0\u00a0\u00a0\u00a0\u00a0\u00a0\u00a0\u00a0\u00a0\u00a0\u00a0\u00a0\u00a0\u00a0\u00a0\u00a0\u00a0\u00a0\u00a0\u00a0\u00a0\u00a0\u00a0\u00a0\u00a0\u00a0\u00a0\u00a0\u00a0\u00a0\u00a0\u00a0\u00a0\u00a0\u00a0\u00a0\u00a0\u00a0\u00a0\u00a0\u00a0\u00a0\u00a0\u00a0\u00a0\u00a0\u00a0\u00a0\u00a0\u00a0\u00a0\u00a0\u00a0\u00a0\u00a0\u00a0\u00a0\u00a0\u00a0\u00a0\u00a0\u00a0\u00a0 \u00a0\u00a0\u00a0\u00a0\u00a0\u00a0\u00a0\u00a0\u00a0\u00a0\u00a0\u00a0\u00a0\u00a0\u00a0\u00a0\u00a0\u00a0\u00a0\u00a0\u00a0\u00a0\u00a0\u00a0\u00a0\u00a0\u00a0\u00a0\u00a0\u00a0\u00a0\u00a0\u00a0\u00a0\u00a0\u00a0\u00a0\u00a0\u00a0 \u00a0INTENCJE MSZY\u00a0 \u015aWI\u0118TYCH NIEDZIELA \u00a012.VII . 2020r. Godz. 8:00 \u00a0\u00a0&#8211;\u00a0 \u00a0\u00a0\u00a0+\u00a0 Helena Caputa w 12r. \u015bmierci Godz.10:00\u00a0 &#8211;\u00a0 \u00a0\u00a0\u00a0\u00a0\u00a0\u00a0O zdrowie i b\u0142. Bo\u017ce dla Natalii Go\u0142ek z okazji chrztu \u015bw. Godz. 18\u00a0\u00a0 \u00a0\u00a0\u00a0&#8211;\u00a0\u00a0 ++ Franciszka Cwajna m\u0105\u017c Franciszek \u00a0PONIEDZIA\u0141EK \u00a013.VII. 2020r.\u00a0 Godz. 18 \u00a0\u00a0&#8211;\u00a0\u00a0\u00a0\u00a0\u00a0\u00a0 \u00a0+\u00a0 Wies\u0142aw Butor w 2r. \u015bmierci WTOREK 14.VII. [&hellip;]<\/p>\n","protected":false},"author":0,"featured_media":0,"comment_status":"closed","ping_status":"closed","sticky":false,"template":"","format":"standard","meta":{"ngg_post_thumbnail":0,"footnotes":""},"categories":[7],"tags":[],"class_list":["post-2141","post","type-post","status-publish","format-standard","hentry","category-intencje"],"aioseo_notices":[],"_links":{"self":[{"href":"https:\/\/parafiakrzyzowa.pl\/index.php?rest_route=\/wp\/v2\/posts\/2141","targetHints":{"allow":["GET"]}}],"collection":[{"href":"https:\/\/parafiakrzyzowa.pl\/index.php?rest_route=\/wp\/v2\/posts"}],"about":[{"href":"https:\/\/parafiakrzyzowa.pl\/index.php?rest_route=\/wp\/v2\/types\/post"}],"replies":[{"embeddable":true,"href":"https:\/\/parafiakrzyzowa.pl\/index.php?rest_route=%2Fwp%2Fv2%2Fcomments&post=2141"}],"version-history":[{"count":2,"href":"https:\/\/parafiakrzyzowa.pl\/index.php?rest_route=\/wp\/v2\/posts\/2141\/revisions"}],"predecessor-version":[{"id":2143,"href":"https:\/\/parafiakrzyzowa.pl\/index.php?rest_route=\/wp\/v2\/posts\/2141\/revisions\/2143"}],"wp:attachment":[{"href":"https:\/\/parafiakrzyzowa.pl\/index.php?rest_route=%2Fwp%2Fv2%2Fmedia&parent=2141"}],"wp:term":[{"taxonomy":"category","embeddable":true,"href":"https:\/\/parafiakrzyzowa.pl\/index.php?rest_route=%2Fwp%2Fv2%2Fcategories&post=2141"},{"taxonomy":"post_tag","embeddable":true,"href":"https:\/\/parafiakrzyzowa.pl\/index.php?rest_route=%2Fwp%2Fv2%2Ftags&post=2141"}],"curies":[{"name":"wp","href":"https:\/\/api.w.org\/{rel}","templated":true}]}}