{"id":2144,"date":"2020-07-11T09:38:00","date_gmt":"2020-07-11T09:38:00","guid":{"rendered":"https:\/\/parafiakrzyzowa.pl\/?p=2144"},"modified":"2020-07-11T09:38:07","modified_gmt":"2020-07-11T09:38:07","slug":"2144","status":"publish","type":"post","link":"https:\/\/parafiakrzyzowa.pl\/?p=2144","title":{"rendered":""},"content":{"rendered":"<p>&nbsp;<\/p>\n<p>Krzy\u017cowa 12.VII. 2020r.<\/p>\n<p><strong>\u00a0\u00a0\u00a0\u00a0\u00a0\u00a0\u00a0\u00a0\u00a0\u00a0\u00a0\u00a0\u00a0\u00a0\u00a0\u00a0\u00a0\u00a0\u00a0\u00a0\u00a0\u00a0\u00a0\u00a0\u00a0\u00a0\u00a0\u00a0\u00a0\u00a0\u00a0\u00a0\u00a0\u00a0\u00a0\u00a0\u00a0\u00a0\u00a0\u00a0\u00a0\u00a0\u00a0\u00a0\u00a0\u00a0\u00a0\u00a0\u00a0\u00a0\u00a0\u00a0\u00a0\u00a0\u00a0\u00a0\u00a0\u00a0\u00a0\u00a0\u00a0\u00a0\u00a0\u00a0\u00a0\u00a0\u00a0\u00a0\u00a0\u00a0\u00a0\u00a0\u00a0\u00a0\u00a0\u00a0\u00a0\u00a0 <\/strong><\/p>\n<p><strong>\u00a0 \u00a0 \u00a0 \u00a0 \u00a0 \u00a0 \u00a0 \u00a0 \u00a0 \u00a0 \u00a0 \u00a0 \u00a0 \u00a0 \u00a0 \u00a0 \u00a0 \u00a0 \u00a0 \u00a0 \u00a0 \u00a0 \u00a0 \u00a0 \u00a0 \u00a0 \u00a0 \u00a0<\/strong><strong><u>XV NIEDZIELA ZWYK\u0141A<\/u><\/strong><\/p>\n<p>&nbsp;<\/p>\n<p>Bardzo gor\u0105co witam wszystkich wypoczywaj\u0105cych na terenie naszej Parafii, a naszym parafianom kt\u00f3rzy wyje\u017cd\u017caj\u0105 na urlopy \u017cycz\u0119 s\u0142o\u0144ca. B\u0105d\u017acie ostro\u017cni i roztropni ze wzgl\u0119du na ci\u0105gle panuj\u0105c\u0105 epidemi\u0119 koronawirusa.<\/p>\n<p>Dzisiaj II tura wybor\u00f3w prezydenckich. Bardzo serdecznie prosz\u0119 wszystkich o udzia\u0142 w wyborach. Ka\u017cdy Polak kt\u00f3ry kocha Ojczyzn\u0119 musi wzi\u0105\u0107 odpowiedzialno\u015b\u0107 za nasz\u0105 wsp\u00f3ln\u0105 Matk\u0119 ziemsk\u0105.<\/p>\n<p>Przypominam, \u017ce od dzisiaj msza \u015bw. niedzielna jest sprawowana nie o godz. 11 tylko o godz. 10.<\/p>\n<p>Pozosta\u0142e msze \u015bw. wed\u0142ug starego porz\u0105dku czyli o godz. 8:00 i 18.<\/p>\n<p>Zapraszam na codzienn\u0105 msz\u0119 \u015bw. szczeg\u00f3lne w \u015brod\u0119 na Nowenn\u0119 do Matki Bo\u017cej Nieustaj\u0105cej Pomocy .<\/p>\n<p>Zach\u0119cam do nabywania prasy katolickiej.<\/p>\n<p>Bardzo prosz\u0119 aby\u015bcie pami\u0119tali o pomocy dla rodziny syryjskiej z Allepo.<\/p>\n<p>B\u00f3g zap\u0142a\u0107 za sprz\u0105tanie ko\u015bcio\u0142a w tym tygodniu. Nast\u0119pne sprz\u0105tanie b\u0119dzie w sobot\u0119 o godz. 9:00. Sprz\u0105taj\u0105 Panie: Zdzis\u0142awa Piecha Rozalia Piecha Barbara Wyr\u00f3d Barbara Michalec.<\/p>\n<p>W pi\u0105tek po mszy \u015bw. Koronka do Bo\u017cego Mi\u0142osierdzia. Bardzo serdecznie zapraszam.<\/p>\n<p>To \u017ce mamy takie pi\u0119kne otoczenie naszego ko\u015bcio\u0142a to zas\u0142uga Pan\u00f3w Andrzeja i Karolka G\u00f3r\u00f3w<\/p>\n<p>Bardzo serdecznie im dzi\u0119kujemy.<\/p>\n<p>&nbsp;<\/p>\n<p>&nbsp;<\/p>\n<p>Kalendarz liturgiczny<\/p>\n<p>Poniedzia\u0142ek \u2013 wsp. \u015awi\u0119tych kap\u0142an\u00f3w Andrzeja \u015awierada<\/p>\n<p>\u015aroda \u2013 wsp. \u015bw. Bonawentury biskupa i Doktora Ko\u015bcio\u0142a<\/p>\n<p>Czwartek \u2013 wsp. Naj\u015bwi\u0119tszej Maryi Panny z G\u00f3ry Karmel<\/p>\n<p>&nbsp;<\/p>\n<p>&nbsp;<\/p>\n","protected":false},"excerpt":{"rendered":"<p>&nbsp; Krzy\u017cowa 12.VII. 2020r. \u00a0\u00a0\u00a0\u00a0\u00a0\u00a0\u00a0\u00a0\u00a0\u00a0\u00a0\u00a0\u00a0\u00a0\u00a0\u00a0\u00a0\u00a0\u00a0\u00a0\u00a0\u00a0\u00a0\u00a0\u00a0\u00a0\u00a0\u00a0\u00a0\u00a0\u00a0\u00a0\u00a0\u00a0\u00a0\u00a0\u00a0\u00a0\u00a0\u00a0\u00a0\u00a0\u00a0\u00a0\u00a0\u00a0\u00a0\u00a0\u00a0\u00a0\u00a0\u00a0\u00a0\u00a0\u00a0\u00a0\u00a0\u00a0\u00a0\u00a0\u00a0\u00a0\u00a0\u00a0\u00a0\u00a0\u00a0\u00a0\u00a0\u00a0\u00a0\u00a0\u00a0\u00a0\u00a0\u00a0\u00a0\u00a0 \u00a0 \u00a0 \u00a0 \u00a0 \u00a0 \u00a0 \u00a0 \u00a0 \u00a0 \u00a0 \u00a0 \u00a0 \u00a0 \u00a0 \u00a0 \u00a0 \u00a0 \u00a0 \u00a0 \u00a0 \u00a0 \u00a0 \u00a0 \u00a0 \u00a0 \u00a0 \u00a0 \u00a0XV NIEDZIELA ZWYK\u0141A &nbsp; Bardzo gor\u0105co witam wszystkich wypoczywaj\u0105cych na terenie naszej Parafii, a naszym parafianom kt\u00f3rzy wyje\u017cd\u017caj\u0105 na urlopy \u017cycz\u0119 s\u0142o\u0144ca. B\u0105d\u017acie [&hellip;]<\/p>\n","protected":false},"author":0,"featured_media":0,"comment_status":"closed","ping_status":"closed","sticky":false,"template":"","format":"standard","meta":{"ngg_post_thumbnail":0,"footnotes":""},"categories":[3],"tags":[],"class_list":["post-2144","post","type-post","status-publish","format-standard","hentry","category-ogloszenia"],"aioseo_notices":[],"_links":{"self":[{"href":"https:\/\/parafiakrzyzowa.pl\/index.php?rest_route=\/wp\/v2\/posts\/2144","targetHints":{"allow":["GET"]}}],"collection":[{"href":"https:\/\/parafiakrzyzowa.pl\/index.php?rest_route=\/wp\/v2\/posts"}],"about":[{"href":"https:\/\/parafiakrzyzowa.pl\/index.php?rest_route=\/wp\/v2\/types\/post"}],"replies":[{"embeddable":true,"href":"https:\/\/parafiakrzyzowa.pl\/index.php?rest_route=%2Fwp%2Fv2%2Fcomments&post=2144"}],"version-history":[{"count":1,"href":"https:\/\/parafiakrzyzowa.pl\/index.php?rest_route=\/wp\/v2\/posts\/2144\/revisions"}],"predecessor-version":[{"id":2145,"href":"https:\/\/parafiakrzyzowa.pl\/index.php?rest_route=\/wp\/v2\/posts\/2144\/revisions\/2145"}],"wp:attachment":[{"href":"https:\/\/parafiakrzyzowa.pl\/index.php?rest_route=%2Fwp%2Fv2%2Fmedia&parent=2144"}],"wp:term":[{"taxonomy":"category","embeddable":true,"href":"https:\/\/parafiakrzyzowa.pl\/index.php?rest_route=%2Fwp%2Fv2%2Fcategories&post=2144"},{"taxonomy":"post_tag","embeddable":true,"href":"https:\/\/parafiakrzyzowa.pl\/index.php?rest_route=%2Fwp%2Fv2%2Ftags&post=2144"}],"curies":[{"name":"wp","href":"https:\/\/api.w.org\/{rel}","templated":true}]}}