{"id":2148,"date":"2020-07-18T10:33:47","date_gmt":"2020-07-18T10:33:47","guid":{"rendered":"https:\/\/parafiakrzyzowa.pl\/?p=2148"},"modified":"2020-07-18T10:33:55","modified_gmt":"2020-07-18T10:33:55","slug":"2148","status":"publish","type":"post","link":"https:\/\/parafiakrzyzowa.pl\/?p=2148","title":{"rendered":""},"content":{"rendered":"<p>&nbsp;<\/p>\n<p><strong>\u00a0\u00a0\u00a0\u00a0\u00a0\u00a0\u00a0\u00a0\u00a0\u00a0\u00a0\u00a0\u00a0\u00a0\u00a0\u00a0\u00a0\u00a0\u00a0\u00a0\u00a0\u00a0\u00a0\u00a0\u00a0\u00a0\u00a0\u00a0\u00a0\u00a0\u00a0\u00a0\u00a0\u00a0\u00a0\u00a0\u00a0\u00a0\u00a0\u00a0\u00a0\u00a0\u00a0\u00a0\u00a0\u00a0\u00a0\u00a0\u00a0\u00a0\u00a0\u00a0\u00a0\u00a0\u00a0\u00a0\u00a0\u00a0\u00a0\u00a0\u00a0\u00a0\u00a0\u00a0\u00a0\u00a0\u00a0\u00a0\u00a0\u00a0\u00a0\u00a0\u00a0\u00a0\u00a0\u00a0\u00a0\u00a0 <\/strong><\/p>\n<p><strong>\u00a0\u00a0\u00a0\u00a0\u00a0\u00a0\u00a0\u00a0\u00a0\u00a0\u00a0\u00a0\u00a0\u00a0\u00a0\u00a0\u00a0\u00a0\u00a0\u00a0\u00a0\u00a0\u00a0\u00a0\u00a0\u00a0\u00a0\u00a0\u00a0\u00a0\u00a0\u00a0\u00a0\u00a0\u00a0\u00a0\u00a0\u00a0\u00a0 <\/strong><strong>\u00a0<u>INTENCJE MSZY\u00a0 \u015aWI\u0118TYCH<\/u><\/strong><\/p>\n<p><strong><u>NIEDZIELA \u00a019.VII . 2020r.<\/u><\/strong><strong><u>\u00a0<\/u><\/strong><\/p>\n<p>Godz. 8:00 \u00a0\u00a0&#8211;\u00a0 \u00a0\u00a0\u00a0+\u00a0 Jan P\u0142aza w 4r. \u015bmierci<\/p>\n<p>Godz.10:00\u00a0 &#8211;\u00a0 \u00a0++ Wojciech i Karolina Pastorowie<\/p>\n<p>Godz. 18\u00a0\u00a0 \u00a0\u00a0\u00a0&#8211;\u00a0\u00a0 ++ \u00a0Jan Smolicki i rodzice<strong><u>\u00a0<\/u><\/strong><\/p>\n<p><u>\u00a0<strong>PONIEDZIA\u0141EK \u00a020.VII. 2020r.<\/strong>\u00a0<\/u><\/p>\n<p>Godz. 18 \u00a0\u00a0&#8211;\u00a0\u00a0\u00a0\u00a0\u00a0\u00a0 \u00a0+\u00a0 \u0141ukasz Z\u0105bek<\/p>\n<p><strong><u>WTOREK 21.VII. 2020r.<\/u><\/strong><\/p>\n<p>Godz. 7:00 &#8211;\u00a0\u00a0\u00a0\u00a0\u00a0\u00a0\u00a0\u00a0\u00a0\u00a0 W pewnej intencji<\/p>\n<p><strong><u>\u015aRODA\u00a0 22 .VII.\u00a0 2020r.<\/u><\/strong><\/p>\n<p>Godz. 18 \u00a0\u00a0\u00a0&#8211;\u00a0\u00a0 \u00a0\u00a0\u00a0\u00a0\u00a0\u00a0\u00a0\u00a0Dzi\u0119kczynna z pro\u015bb\u0105 o zdrowie i b\u0142. Bo\u017ce dla Marii Czul z okazji Imienin<\/p>\n<p><strong><u>CZWARTEK 23 .VII. 2020r. <\/u><\/strong><\/p>\n<p>Godz. 7:00 &#8211;\u00a0\u00a0\u00a0 \u00a0\u00a0+\u00a0 Zygmunt Michalec<\/p>\n<p><strong><u>\u00a0<\/u><\/strong><strong><u>PI\u0104TEK \u00a024 .VII. 2020r. <\/u><\/strong><\/p>\n<p>Godz. 18\u00a0\u00a0 &#8211; \u00a0\u00a0\u00a0\u00a0\u00a0\u00a0+ Micha\u0142 Moro\u0144 w 10r. \u015bmierci<\/p>\n<p><strong><u>\u00a0<\/u><\/strong><strong><u>SOBOTA 25 .VII. 2020 r.<\/u><\/strong><\/p>\n<p>Godz. 18 \u00a0\u00a0&#8211; \u00a0\u00a0\u00a0\u00a0\u00a0\u00a0\u00a0\u00a0\u00a0\u00a0O zdrowie i b\u0142. Bo\u017ce dla Wiktorka Galasa w 1r. urodzin<\/p>\n<p>Godz. 19\u00a0\u00a0 &#8211; Krzy\u017c\u00f3wki\u00a0 &#8211; + J\u00f3zef Filip w 7r. \u015bmierci<\/p>\n<p><strong><u>NIEDZIELA 26. VII . 2020r. <\/u><\/strong><\/p>\n<p>Godz.8:00 \u00a0\u00a0&#8211;\u00a0 \u00a0\u00a0\u00a0+\u00a0 J\u00f3zef Dendys w 29r. \u015bmierci<\/p>\n<p>Godz.10:00 &#8211; \u00a0\u00a0\u00a0\u00a0\u00a0\u00a0\u00a0\u00a0\u00a0O zdrowie i b. Bo\u017ce dla Krzysztofa i Katarzyny Barcik\u00f3w w 40r. ur<\/p>\n<p>&#8211;\u00a0 \u00a0 + Anna Cwajna<\/p>\n<p>Godz. 18 \u00a0\u00a0\u00a0\u00a0&#8211; \u00a0\u00a0\u00a0++ \u00a0J\u00f3zefa Malinowska wnuk Grzegorz<\/p>\n<p>&nbsp;<\/p>\n","protected":false},"excerpt":{"rendered":"<p>&nbsp; \u00a0\u00a0\u00a0\u00a0\u00a0\u00a0\u00a0\u00a0\u00a0\u00a0\u00a0\u00a0\u00a0\u00a0\u00a0\u00a0\u00a0\u00a0\u00a0\u00a0\u00a0\u00a0\u00a0\u00a0\u00a0\u00a0\u00a0\u00a0\u00a0\u00a0\u00a0\u00a0\u00a0\u00a0\u00a0\u00a0\u00a0\u00a0\u00a0\u00a0\u00a0\u00a0\u00a0\u00a0\u00a0\u00a0\u00a0\u00a0\u00a0\u00a0\u00a0\u00a0\u00a0\u00a0\u00a0\u00a0\u00a0\u00a0\u00a0\u00a0\u00a0\u00a0\u00a0\u00a0\u00a0\u00a0\u00a0\u00a0\u00a0\u00a0\u00a0\u00a0\u00a0\u00a0\u00a0\u00a0\u00a0\u00a0 \u00a0\u00a0\u00a0\u00a0\u00a0\u00a0\u00a0\u00a0\u00a0\u00a0\u00a0\u00a0\u00a0\u00a0\u00a0\u00a0\u00a0\u00a0\u00a0\u00a0\u00a0\u00a0\u00a0\u00a0\u00a0\u00a0\u00a0\u00a0\u00a0\u00a0\u00a0\u00a0\u00a0\u00a0\u00a0\u00a0\u00a0\u00a0\u00a0 \u00a0INTENCJE MSZY\u00a0 \u015aWI\u0118TYCH NIEDZIELA \u00a019.VII . 2020r.\u00a0 Godz. 8:00 \u00a0\u00a0&#8211;\u00a0 \u00a0\u00a0\u00a0+\u00a0 Jan P\u0142aza w 4r. \u015bmierci Godz.10:00\u00a0 &#8211;\u00a0 \u00a0++ Wojciech i Karolina Pastorowie Godz. 18\u00a0\u00a0 \u00a0\u00a0\u00a0&#8211;\u00a0\u00a0 ++ \u00a0Jan Smolicki i rodzice\u00a0 \u00a0PONIEDZIA\u0141EK \u00a020.VII. 2020r.\u00a0 Godz. 18 \u00a0\u00a0&#8211;\u00a0\u00a0\u00a0\u00a0\u00a0\u00a0 \u00a0+\u00a0 \u0141ukasz Z\u0105bek WTOREK 21.VII. 2020r. Godz. 7:00 &#8211;\u00a0\u00a0\u00a0\u00a0\u00a0\u00a0\u00a0\u00a0\u00a0\u00a0 W pewnej intencji \u015aRODA\u00a0 22 .VII.\u00a0 [&hellip;]<\/p>\n","protected":false},"author":0,"featured_media":0,"comment_status":"closed","ping_status":"closed","sticky":false,"template":"","format":"standard","meta":{"ngg_post_thumbnail":0,"footnotes":""},"categories":[7],"tags":[],"class_list":["post-2148","post","type-post","status-publish","format-standard","hentry","category-intencje"],"aioseo_notices":[],"_links":{"self":[{"href":"https:\/\/parafiakrzyzowa.pl\/index.php?rest_route=\/wp\/v2\/posts\/2148","targetHints":{"allow":["GET"]}}],"collection":[{"href":"https:\/\/parafiakrzyzowa.pl\/index.php?rest_route=\/wp\/v2\/posts"}],"about":[{"href":"https:\/\/parafiakrzyzowa.pl\/index.php?rest_route=\/wp\/v2\/types\/post"}],"replies":[{"embeddable":true,"href":"https:\/\/parafiakrzyzowa.pl\/index.php?rest_route=%2Fwp%2Fv2%2Fcomments&post=2148"}],"version-history":[{"count":1,"href":"https:\/\/parafiakrzyzowa.pl\/index.php?rest_route=\/wp\/v2\/posts\/2148\/revisions"}],"predecessor-version":[{"id":2149,"href":"https:\/\/parafiakrzyzowa.pl\/index.php?rest_route=\/wp\/v2\/posts\/2148\/revisions\/2149"}],"wp:attachment":[{"href":"https:\/\/parafiakrzyzowa.pl\/index.php?rest_route=%2Fwp%2Fv2%2Fmedia&parent=2148"}],"wp:term":[{"taxonomy":"category","embeddable":true,"href":"https:\/\/parafiakrzyzowa.pl\/index.php?rest_route=%2Fwp%2Fv2%2Fcategories&post=2148"},{"taxonomy":"post_tag","embeddable":true,"href":"https:\/\/parafiakrzyzowa.pl\/index.php?rest_route=%2Fwp%2Fv2%2Ftags&post=2148"}],"curies":[{"name":"wp","href":"https:\/\/api.w.org\/{rel}","templated":true}]}}