{"id":2164,"date":"2020-08-01T12:26:42","date_gmt":"2020-08-01T12:26:42","guid":{"rendered":"https:\/\/parafiakrzyzowa.pl\/?p=2164"},"modified":"2020-08-01T12:26:51","modified_gmt":"2020-08-01T12:26:51","slug":"2164","status":"publish","type":"post","link":"https:\/\/parafiakrzyzowa.pl\/?p=2164","title":{"rendered":""},"content":{"rendered":"<p>&nbsp;<\/p>\n<p>Krzy\u017cowa 2 .VIII. 2020r.<\/p>\n<p><strong>\u00a0\u00a0\u00a0\u00a0\u00a0\u00a0\u00a0\u00a0\u00a0\u00a0\u00a0\u00a0\u00a0\u00a0\u00a0\u00a0\u00a0\u00a0\u00a0\u00a0\u00a0\u00a0\u00a0\u00a0\u00a0\u00a0\u00a0\u00a0\u00a0\u00a0\u00a0\u00a0\u00a0\u00a0\u00a0\u00a0\u00a0\u00a0\u00a0\u00a0\u00a0\u00a0\u00a0\u00a0\u00a0\u00a0\u00a0\u00a0\u00a0\u00a0\u00a0\u00a0\u00a0\u00a0\u00a0\u00a0\u00a0\u00a0\u00a0\u00a0\u00a0\u00a0\u00a0\u00a0\u00a0\u00a0\u00a0\u00a0\u00a0\u00a0\u00a0\u00a0\u00a0\u00a0\u00a0\u00a0\u00a0\u00a0 <\/strong><\/p>\n<p><strong>\u00a0\u00a0\u00a0\u00a0\u00a0\u00a0\u00a0\u00a0\u00a0\u00a0\u00a0\u00a0\u00a0\u00a0\u00a0\u00a0\u00a0\u00a0\u00a0\u00a0\u00a0\u00a0\u00a0\u00a0\u00a0\u00a0\u00a0\u00a0\u00a0\u00a0\u00a0\u00a0\u00a0\u00a0\u00a0\u00a0\u00a0\u00a0 <\/strong><strong><u>XVIII NIEDZIELA ZWYK\u0141A<\/u><\/strong><\/p>\n<p>&nbsp;<\/p>\n<p>Dzi\u015b przypada I niedziela miesi\u0105ca. Po ka\u017cdej mszy \u015bw. adoracja Pana Jezusa w Naj\u015bwi\u0119tszym Sakramencie.<\/p>\n<p>&nbsp;<\/p>\n<p>Witam bardzo serdecznie wszystkich wypoczywaj\u0105cych na naszej pi\u0119knej ziemi beskidzkiej. Wszystkim naszym parafianom zw\u0142aszcza dzieciom i m\u0142odzie\u017cy \u017cycz\u0119 wi\u0119cej s\u0142onecznych\u00a0 \u00a0 \u00a0 \u00a0 \u00a0 \u00a0 \u00a0 \u00a0 \u00a0 \u00a0 \u00a0 i prawdziwie letnich dni.<\/p>\n<p>Wiemy, \u017ce nast\u0105pi\u0142 znaczny wzrost zaka\u017ce\u0144 na koronawirusa. B\u0105d\u017amy czujni zak\u0142adajmy maseczki w pomieszczeniach zamkni\u0119tych w \u015brodkach komunikacji autobusowej.<\/p>\n<p>Zapraszam na codzienn\u0105 msz\u0119 \u015bw. do naszego ko\u015bcio\u0142a. Jak zwykle w \u015brod\u0119 przed msz\u0105 \u015bw. R\u00f3\u017caniec\u00a0 w intencji wszystkich wypoczywaj\u0105cych \u017ceby dobrze wypocz\u0119li i szcz\u0119\u015bliwie wr\u00f3cili do dom\u00f3w.<\/p>\n<p>W tym tygodniu przypada I czwartek i I pi\u0105tek miesi\u0105ca. Spowied\u017a \u015bw. w pi\u0105tek od 17 do 18. Po mszy \u015bwi\u0119tej nabo\u017ce\u0144stwo do Serca Jezusowego.<\/p>\n<p>Wizyta u senior\u00f3w i chorych od godz. 9:00.<\/p>\n<p>&nbsp;<\/p>\n<p>Bardzo serdecznie prosz\u0119 o zachowanie trze\u017awo\u015bci w sierpniu.<\/p>\n<p>Przypomominam \u017ceby\u015bcie pami\u0119tali o rodzinie syryjskiej.<\/p>\n<p>&nbsp;<\/p>\n<p>Zach\u0119cam do nabywania prasy katolickiej.<\/p>\n<p>B\u00f3g zap\u0142a\u0107 za sprz\u0105tanie ko\u015bcio\u0142a w tym tygodniu. Nast\u0119pne sprz\u0105tanie b\u0119dzie w sobot\u0119 o godz. 9:00. Sprz\u0105taj\u0105 Panie: Barbara Mocek Anna Wasilewska Zofia J\u0119drzejas Halina Wrzeszcz Renata G\u00f3ra i Agata Janiczek<\/p>\n<p>&nbsp;<\/p>\n<p>&nbsp;<\/p>\n<p>Kalendarz liturgiczny<\/p>\n<p>&nbsp;<\/p>\n<p>Wtorek\u00a0 \u2013 wsp. \u015bw. Jana Marii Vianneya kap\u0142ana<\/p>\n<p>Czwartek\u00a0 \u2013\u00a0 \u015bwi\u0119to Przemienienia Pa\u0144skiego<\/p>\n<p>&nbsp;<\/p>\n<p>Bardzo serdecznie prosz\u0119 o wasz\u0105 modlitw\u0119 za mojego zmar\u0142ego koleg\u0119 rocznikowego \u015bp. ks. Stanis\u0142awa B\u0119dkowskiego proboszcza z Gdowa.<\/p>\n<p>&nbsp;<\/p>\n<p>&nbsp;<\/p>\n<p>&nbsp;<\/p>\n","protected":false},"excerpt":{"rendered":"<p>&nbsp; Krzy\u017cowa 2 .VIII. 2020r. \u00a0\u00a0\u00a0\u00a0\u00a0\u00a0\u00a0\u00a0\u00a0\u00a0\u00a0\u00a0\u00a0\u00a0\u00a0\u00a0\u00a0\u00a0\u00a0\u00a0\u00a0\u00a0\u00a0\u00a0\u00a0\u00a0\u00a0\u00a0\u00a0\u00a0\u00a0\u00a0\u00a0\u00a0\u00a0\u00a0\u00a0\u00a0\u00a0\u00a0\u00a0\u00a0\u00a0\u00a0\u00a0\u00a0\u00a0\u00a0\u00a0\u00a0\u00a0\u00a0\u00a0\u00a0\u00a0\u00a0\u00a0\u00a0\u00a0\u00a0\u00a0\u00a0\u00a0\u00a0\u00a0\u00a0\u00a0\u00a0\u00a0\u00a0\u00a0\u00a0\u00a0\u00a0\u00a0\u00a0\u00a0\u00a0 \u00a0\u00a0\u00a0\u00a0\u00a0\u00a0\u00a0\u00a0\u00a0\u00a0\u00a0\u00a0\u00a0\u00a0\u00a0\u00a0\u00a0\u00a0\u00a0\u00a0\u00a0\u00a0\u00a0\u00a0\u00a0\u00a0\u00a0\u00a0\u00a0\u00a0\u00a0\u00a0\u00a0\u00a0\u00a0\u00a0\u00a0\u00a0 XVIII NIEDZIELA ZWYK\u0141A &nbsp; Dzi\u015b przypada I niedziela miesi\u0105ca. Po ka\u017cdej mszy \u015bw. adoracja Pana Jezusa w Naj\u015bwi\u0119tszym Sakramencie. &nbsp; Witam bardzo serdecznie wszystkich wypoczywaj\u0105cych na naszej pi\u0119knej ziemi beskidzkiej. Wszystkim naszym parafianom zw\u0142aszcza dzieciom i m\u0142odzie\u017cy \u017cycz\u0119 wi\u0119cej s\u0142onecznych\u00a0 \u00a0 \u00a0 \u00a0 \u00a0 \u00a0 \u00a0 \u00a0 \u00a0 [&hellip;]<\/p>\n","protected":false},"author":0,"featured_media":0,"comment_status":"closed","ping_status":"closed","sticky":false,"template":"","format":"standard","meta":{"ngg_post_thumbnail":0,"footnotes":""},"categories":[3],"tags":[],"class_list":["post-2164","post","type-post","status-publish","format-standard","hentry","category-ogloszenia"],"aioseo_notices":[],"_links":{"self":[{"href":"https:\/\/parafiakrzyzowa.pl\/index.php?rest_route=\/wp\/v2\/posts\/2164","targetHints":{"allow":["GET"]}}],"collection":[{"href":"https:\/\/parafiakrzyzowa.pl\/index.php?rest_route=\/wp\/v2\/posts"}],"about":[{"href":"https:\/\/parafiakrzyzowa.pl\/index.php?rest_route=\/wp\/v2\/types\/post"}],"replies":[{"embeddable":true,"href":"https:\/\/parafiakrzyzowa.pl\/index.php?rest_route=%2Fwp%2Fv2%2Fcomments&post=2164"}],"version-history":[{"count":1,"href":"https:\/\/parafiakrzyzowa.pl\/index.php?rest_route=\/wp\/v2\/posts\/2164\/revisions"}],"predecessor-version":[{"id":2165,"href":"https:\/\/parafiakrzyzowa.pl\/index.php?rest_route=\/wp\/v2\/posts\/2164\/revisions\/2165"}],"wp:attachment":[{"href":"https:\/\/parafiakrzyzowa.pl\/index.php?rest_route=%2Fwp%2Fv2%2Fmedia&parent=2164"}],"wp:term":[{"taxonomy":"category","embeddable":true,"href":"https:\/\/parafiakrzyzowa.pl\/index.php?rest_route=%2Fwp%2Fv2%2Fcategories&post=2164"},{"taxonomy":"post_tag","embeddable":true,"href":"https:\/\/parafiakrzyzowa.pl\/index.php?rest_route=%2Fwp%2Fv2%2Ftags&post=2164"}],"curies":[{"name":"wp","href":"https:\/\/api.w.org\/{rel}","templated":true}]}}