{"id":2176,"date":"2020-08-15T14:37:56","date_gmt":"2020-08-15T14:37:56","guid":{"rendered":"https:\/\/parafiakrzyzowa.pl\/?p=2176"},"modified":"2020-08-15T14:38:15","modified_gmt":"2020-08-15T14:38:15","slug":"2176","status":"publish","type":"post","link":"https:\/\/parafiakrzyzowa.pl\/?p=2176","title":{"rendered":""},"content":{"rendered":"<p>&nbsp;<\/p>\n<p>Krzy\u017cowa 16 .VIII. 2020r.<\/p>\n<p><strong>\u00a0\u00a0\u00a0\u00a0\u00a0\u00a0\u00a0\u00a0\u00a0\u00a0\u00a0\u00a0\u00a0\u00a0\u00a0\u00a0\u00a0\u00a0\u00a0\u00a0\u00a0\u00a0\u00a0\u00a0\u00a0\u00a0\u00a0\u00a0\u00a0\u00a0\u00a0\u00a0\u00a0\u00a0\u00a0\u00a0\u00a0\u00a0\u00a0\u00a0\u00a0\u00a0\u00a0\u00a0\u00a0\u00a0\u00a0\u00a0\u00a0\u00a0\u00a0\u00a0\u00a0\u00a0\u00a0\u00a0\u00a0\u00a0\u00a0\u00a0\u00a0\u00a0\u00a0\u00a0\u00a0\u00a0\u00a0\u00a0\u00a0\u00a0\u00a0\u00a0\u00a0\u00a0\u00a0\u00a0\u00a0\u00a0 <\/strong><\/p>\n<p><strong>\u00a0 \u00a0 \u00a0 \u00a0 \u00a0 \u00a0 \u00a0 \u00a0 \u00a0 \u00a0 \u00a0 \u00a0 \u00a0 \u00a0 \u00a0 \u00a0 \u00a0 \u00a0 \u00a0 \u00a0 \u00a0 \u00a0 \u00a0 \u00a0<\/strong><strong>\u00a0\u00a0<\/strong><strong><u>XX \u00a0NIEDZIELA ZWYK\u0141A<\/u><\/strong><\/p>\n<p>&nbsp;<\/p>\n<p>Witam bardzo serdecznie wszystkich wypoczywaj\u0105cych na naszej pi\u0119knej ziemi beskidzkiej. Wszystkim naszym parafianom zw\u0142aszcza dzieciom i m\u0142odzie\u017cy \u017cycz\u0119 wi\u0119cej s\u0142onecznych\u00a0 \u00a0 \u00a0 \u00a0 \u00a0 \u00a0 \u00a0 \u00a0 \u00a0 \u00a0 \u00a0 i prawdziwie letnich dni. To ju\u017c ostatnie 2 tygodnie wakacji i b\u0119dziemy czeka\u0107 z niecierpliwo\u015bci\u0105 czy dzieci i m\u0142odzie\u017c rozpoczn\u0105 normalny rok szkolny.<\/p>\n<p>Wiemy, \u017ce nast\u0105pi\u0142 znaczny wzrost zaka\u017ce\u0144 na koronawirusa. B\u0105d\u017amy czujni zak\u0142adajmy maseczki\u00a0\u00a0 \u00a0w pomieszczeniach zamkni\u0119tych w \u015brodkach komunikacji autobusowej.<\/p>\n<p>&nbsp;<\/p>\n<p>Zapraszam na codzienn\u0105 msz\u0119 \u015bw. do naszego ko\u015bcio\u0142a. Jak zwykle w \u015brod\u0119 przed msz\u0105 \u015bw. R\u00f3\u017caniec\u00a0 w intencji wszystkich wypoczywaj\u0105cych \u017ceby dobrze wypocz\u0119li i szcz\u0119\u015bliwie wr\u00f3cili do dom\u00f3w.<\/p>\n<p>Zapraszam jak zwykle na codzienn\u0105 msz\u0119 \u015bw. szczeg\u00f3lnie w \u015brod\u0119 na Nowenn\u0119 do Matki Bo\u017cej Nieustaj\u0105cej Pomocy.<\/p>\n<p>W pi\u0105tek msza \u015bw. do Bo\u017cego Mi\u0142osierdzia. Po mszy \u015bw. odm\u00f3wimy koronk\u0119 do Bo\u017cego mi\u0142osierdzia.<\/p>\n<p>Zach\u0119cam do nabywania prasy katolickiej,<\/p>\n<p>Od jutrzejszej niedzieli przez sierpie\u0144 i wrzesie\u0144 wszystkie sk\u0142adki niedzielne s\u0105 przeznaczone na zakup opa\u0142u na zim\u0119.<\/p>\n<p>&nbsp;<\/p>\n<p>Dzi\u015b po ka\u017cdej mszy \u015bwi\u0119tej lektorzy przed ko\u015bcio\u0142em b\u0119d\u0105 zbiera\u0107 ofiary na pomoc mieszka\u0144com Bejrutu stolicy Libanu , kt\u00f3ry zosta\u0142 praktycznie zniszczony po tragicznym wybuchu materia\u0142\u00f3w wybuchowych w porcie w Bejrucie.<\/p>\n<p>Dzi\u0119kuj\u0119 za sprz\u0105tanie ko\u015bcio\u0142a w tym tygodniu. Nast\u0119pne sprz\u0105tanie b\u0119dzie w sobot\u0119 o godz. 9:00.<\/p>\n<p>Sprz\u0105taj\u0105 Panie: Barbara S\u0142owik Beata Polak Sylwia Czul i Barbara Pietraszko.Nie kupujemy kwiat\u00f3w<\/p>\n<p>&nbsp;<\/p>\n<p>Kalendarz liturgiczny<\/p>\n<p>Poniedzia\u0142ek \u2013 wsp. \u015bw. Jacka kaplana<\/p>\n<p>Czwartek \u00a0&#8211; wsp. \u015bw. Bernarda z opata doktora Ko\u015bcio\u0142a<\/p>\n<p>Pi\u0105tek wsp. \u015bw. Piusa X papie\u017ca<\/p>\n<p>&nbsp;<\/p>\n<p>Bardzo dzi\u0119kuj\u0119 za ofiary na rodzin\u0119 syryjsk\u0105.<\/p>\n<p>Przypominam , \u017ce I Komunia \u015bw. w nasej parafii b\u0119dzie 27 wrze\u015bnia , a rocznica I komunii \u015bw. b\u0119dzie 13 wrzre\u015bnia<\/p>\n","protected":false},"excerpt":{"rendered":"<p>&nbsp; Krzy\u017cowa 16 .VIII. 2020r. \u00a0\u00a0\u00a0\u00a0\u00a0\u00a0\u00a0\u00a0\u00a0\u00a0\u00a0\u00a0\u00a0\u00a0\u00a0\u00a0\u00a0\u00a0\u00a0\u00a0\u00a0\u00a0\u00a0\u00a0\u00a0\u00a0\u00a0\u00a0\u00a0\u00a0\u00a0\u00a0\u00a0\u00a0\u00a0\u00a0\u00a0\u00a0\u00a0\u00a0\u00a0\u00a0\u00a0\u00a0\u00a0\u00a0\u00a0\u00a0\u00a0\u00a0\u00a0\u00a0\u00a0\u00a0\u00a0\u00a0\u00a0\u00a0\u00a0\u00a0\u00a0\u00a0\u00a0\u00a0\u00a0\u00a0\u00a0\u00a0\u00a0\u00a0\u00a0\u00a0\u00a0\u00a0\u00a0\u00a0\u00a0\u00a0 \u00a0 \u00a0 \u00a0 \u00a0 \u00a0 \u00a0 \u00a0 \u00a0 \u00a0 \u00a0 \u00a0 \u00a0 \u00a0 \u00a0 \u00a0 \u00a0 \u00a0 \u00a0 \u00a0 \u00a0 \u00a0 \u00a0 \u00a0 \u00a0\u00a0\u00a0XX \u00a0NIEDZIELA ZWYK\u0141A &nbsp; Witam bardzo serdecznie wszystkich wypoczywaj\u0105cych na naszej pi\u0119knej ziemi beskidzkiej. Wszystkim naszym parafianom zw\u0142aszcza dzieciom i m\u0142odzie\u017cy \u017cycz\u0119 wi\u0119cej s\u0142onecznych\u00a0 \u00a0 \u00a0 [&hellip;]<\/p>\n","protected":false},"author":0,"featured_media":0,"comment_status":"closed","ping_status":"closed","sticky":false,"template":"","format":"standard","meta":{"ngg_post_thumbnail":0,"footnotes":""},"categories":[3],"tags":[],"class_list":["post-2176","post","type-post","status-publish","format-standard","hentry","category-ogloszenia"],"aioseo_notices":[],"_links":{"self":[{"href":"https:\/\/parafiakrzyzowa.pl\/index.php?rest_route=\/wp\/v2\/posts\/2176","targetHints":{"allow":["GET"]}}],"collection":[{"href":"https:\/\/parafiakrzyzowa.pl\/index.php?rest_route=\/wp\/v2\/posts"}],"about":[{"href":"https:\/\/parafiakrzyzowa.pl\/index.php?rest_route=\/wp\/v2\/types\/post"}],"replies":[{"embeddable":true,"href":"https:\/\/parafiakrzyzowa.pl\/index.php?rest_route=%2Fwp%2Fv2%2Fcomments&post=2176"}],"version-history":[{"count":2,"href":"https:\/\/parafiakrzyzowa.pl\/index.php?rest_route=\/wp\/v2\/posts\/2176\/revisions"}],"predecessor-version":[{"id":2178,"href":"https:\/\/parafiakrzyzowa.pl\/index.php?rest_route=\/wp\/v2\/posts\/2176\/revisions\/2178"}],"wp:attachment":[{"href":"https:\/\/parafiakrzyzowa.pl\/index.php?rest_route=%2Fwp%2Fv2%2Fmedia&parent=2176"}],"wp:term":[{"taxonomy":"category","embeddable":true,"href":"https:\/\/parafiakrzyzowa.pl\/index.php?rest_route=%2Fwp%2Fv2%2Fcategories&post=2176"},{"taxonomy":"post_tag","embeddable":true,"href":"https:\/\/parafiakrzyzowa.pl\/index.php?rest_route=%2Fwp%2Fv2%2Ftags&post=2176"}],"curies":[{"name":"wp","href":"https:\/\/api.w.org\/{rel}","templated":true}]}}