{"id":2183,"date":"2020-08-22T10:43:01","date_gmt":"2020-08-22T10:43:01","guid":{"rendered":"https:\/\/parafiakrzyzowa.pl\/?p=2183"},"modified":"2020-08-22T10:43:08","modified_gmt":"2020-08-22T10:43:08","slug":"2183","status":"publish","type":"post","link":"https:\/\/parafiakrzyzowa.pl\/?p=2183","title":{"rendered":""},"content":{"rendered":"<p>&nbsp;<\/p>\n<p>Krzy\u017cowa 23.VIII. 2020r.<\/p>\n<p><strong>\u00a0\u00a0\u00a0\u00a0\u00a0\u00a0\u00a0\u00a0\u00a0\u00a0\u00a0\u00a0\u00a0\u00a0\u00a0\u00a0\u00a0\u00a0\u00a0\u00a0\u00a0\u00a0\u00a0\u00a0\u00a0\u00a0\u00a0\u00a0\u00a0\u00a0\u00a0\u00a0\u00a0\u00a0\u00a0\u00a0\u00a0\u00a0\u00a0\u00a0\u00a0\u00a0\u00a0\u00a0\u00a0\u00a0\u00a0\u00a0\u00a0\u00a0\u00a0\u00a0\u00a0\u00a0\u00a0\u00a0\u00a0\u00a0\u00a0\u00a0\u00a0\u00a0\u00a0\u00a0\u00a0\u00a0\u00a0\u00a0\u00a0\u00a0\u00a0\u00a0\u00a0\u00a0\u00a0\u00a0\u00a0\u00a0 <\/strong><\/p>\n<p><strong>\u00a0\u00a0\u00a0\u00a0\u00a0\u00a0\u00a0\u00a0\u00a0\u00a0\u00a0\u00a0\u00a0\u00a0\u00a0\u00a0\u00a0\u00a0\u00a0\u00a0\u00a0\u00a0\u00a0\u00a0\u00a0\u00a0\u00a0\u00a0\u00a0\u00a0\u00a0\u00a0\u00a0\u00a0\u00a0\u00a0 <\/strong><\/p>\n<p><strong>\u00a0<\/strong><\/p>\n<p><strong>\u00a0\u00a0\u00a0\u00a0\u00a0\u00a0\u00a0\u00a0\u00a0\u00a0\u00a0\u00a0\u00a0\u00a0\u00a0\u00a0\u00a0\u00a0\u00a0\u00a0\u00a0\u00a0\u00a0\u00a0\u00a0\u00a0\u00a0\u00a0\u00a0\u00a0\u00a0\u00a0\u00a0\u00a0\u00a0 \u00a0\u00a0\u00a0\u00a0\u00a0\u00a0\u00a0<\/strong><strong><u>XXI \u00a0NIEDZIELA ZWYK\u0141A<\/u><\/strong><\/p>\n<p>&nbsp;<\/p>\n<p>To ju\u017c ostatni tydzie\u0144 wakacji dla dzieci i m\u0142odzie\u017cy . W te ostatnie dni wypoczynku \u017cycz\u0119 wszystkim du\u017co s\u0142o\u0144ca i dobrych zakup\u00f3w przed nowym rokiem szkolnym.<\/p>\n<p>&nbsp;<\/p>\n<p>Zapraszam na codzienn\u0105 msz\u0119 \u015bw. do naszego ko\u015bcio\u0142a. Jak zwykle w \u015brod\u0119 przed msz\u0105 \u015bw. R\u00f3\u017caniec\u00a0 w intencji wszystkich wypoczywaj\u0105cych \u017ceby dobrze wypocz\u0119li i szcz\u0119\u015bliwie wr\u00f3cili do dom\u00f3w.<\/p>\n<p>&nbsp;<\/p>\n<p>Bardzo serdecznie dzi\u0119kuj\u0119 za ofiary dla poszkodowanych w Bejrucie. Zebrali\u015bmy bardzo du\u017c\u0105 sum\u0119 \u2026\u2026..<\/p>\n<p>&nbsp;<\/p>\n<p>Sk\u0142adam r\u00f3wnie\u017c wielkie B\u00f3g zap\u0142a\u0107 za ofiary na zakup opa\u0142u na zim\u0119. Zebrali\u015bmy \u2026\u2026.. ale kto\u015b\u00a0\u00a0\u00a0\u00a0\u00a0\u00a0 z parafian sam z\u0142o\u017cy\u0142 1000PLN. Wszystkie sk\u0142adki z sierpnia i wrze\u015bnia s\u0105 przeznaczone na ten cel. Bardzo prosz\u0119 r\u00f3wnie\u017c o drewno szczeg\u00f3lnie \u017ceby by\u0142o to drewno twarde np. buk.<\/p>\n<p>&nbsp;<\/p>\n<p>Dzi\u0119kuj\u0119 r\u00f3wnie\u017c parafiankom , kt\u00f3re wysprz\u0105ta\u0142y mi ca\u0142\u0105 plebani\u0119 z myciem okien i wypraniem firanek.<\/p>\n<p>Dzi\u0119kuj\u0119 bardzo P. Tadeuszowi Durajowi za now\u0105 tapicerk\u0119 na krzes\u0142ach w zakrystii i Karolkowi G\u00f3rze, \u017ce pi\u0119knie nam wykosi\u0142 otoczenie ko\u015bcio\u0142a.<\/p>\n<p>&nbsp;<\/p>\n<p>Zach\u0119cam do nabywania prasy katolickiej,<\/p>\n<p>&nbsp;<\/p>\n<p>&nbsp;<\/p>\n<p>Dzi\u0119kuj\u0119 za sprz\u0105tanie ko\u015bcio\u0142a w tym tygodniu. Nast\u0119pne sprz\u0105tanie b\u0119dzie w sobot\u0119 o godz. 9:00.<\/p>\n<p>Sprz\u0105taj\u0105 Panie: Stanis\u0142awa Cicho\u0144 Ewa Walig\u00f3ra J\u00f3zefa Sucho\u0144 Janina Matejczyk.<\/p>\n<p>&nbsp;<\/p>\n<p>Kalendarz liturgiczny<\/p>\n<p>&nbsp;<\/p>\n<p>Poniedzia\u0142ek \u2013 \u015bwi\u0119to \u015bw. Bart\u0142omieja Aposto\u0142a<\/p>\n<p>\u015aroda \u2013 uroczysto\u015b\u0107 Matki Bo\u017cej Cz\u0119stochowskiej<\/p>\n<p>Czwartek \u2013 wsp. \u015bw. Moniki<\/p>\n<p>Pi\u0105tek \u2013 wsp. \u015bw. Augustyna biskupa i Doktora K-\u0142a<\/p>\n<p>Sobota \u2013 wsp. m\u0119cze\u0144stwa \u015bw. Jana Chrzciciela<\/p>\n<p>&nbsp;<\/p>\n<p>W ostatnim tygodniu odszed\u0142 z naszej rodziny parafialnej do Pana \u015bp. J\u00f3zef \u015aliwka\u00a0\u00a0 wieczny odpoczynek racz mu da\u0107 Panie\u2026..<\/p>\n","protected":false},"excerpt":{"rendered":"<p>&nbsp; Krzy\u017cowa 23.VIII. 2020r. \u00a0\u00a0\u00a0\u00a0\u00a0\u00a0\u00a0\u00a0\u00a0\u00a0\u00a0\u00a0\u00a0\u00a0\u00a0\u00a0\u00a0\u00a0\u00a0\u00a0\u00a0\u00a0\u00a0\u00a0\u00a0\u00a0\u00a0\u00a0\u00a0\u00a0\u00a0\u00a0\u00a0\u00a0\u00a0\u00a0\u00a0\u00a0\u00a0\u00a0\u00a0\u00a0\u00a0\u00a0\u00a0\u00a0\u00a0\u00a0\u00a0\u00a0\u00a0\u00a0\u00a0\u00a0\u00a0\u00a0\u00a0\u00a0\u00a0\u00a0\u00a0\u00a0\u00a0\u00a0\u00a0\u00a0\u00a0\u00a0\u00a0\u00a0\u00a0\u00a0\u00a0\u00a0\u00a0\u00a0\u00a0\u00a0 \u00a0\u00a0\u00a0\u00a0\u00a0\u00a0\u00a0\u00a0\u00a0\u00a0\u00a0\u00a0\u00a0\u00a0\u00a0\u00a0\u00a0\u00a0\u00a0\u00a0\u00a0\u00a0\u00a0\u00a0\u00a0\u00a0\u00a0\u00a0\u00a0\u00a0\u00a0\u00a0\u00a0\u00a0\u00a0\u00a0 \u00a0 \u00a0\u00a0\u00a0\u00a0\u00a0\u00a0\u00a0\u00a0\u00a0\u00a0\u00a0\u00a0\u00a0\u00a0\u00a0\u00a0\u00a0\u00a0\u00a0\u00a0\u00a0\u00a0\u00a0\u00a0\u00a0\u00a0\u00a0\u00a0\u00a0\u00a0\u00a0\u00a0\u00a0\u00a0\u00a0 \u00a0\u00a0\u00a0\u00a0\u00a0\u00a0\u00a0XXI \u00a0NIEDZIELA ZWYK\u0141A &nbsp; To ju\u017c ostatni tydzie\u0144 wakacji dla dzieci i m\u0142odzie\u017cy . W te ostatnie dni wypoczynku \u017cycz\u0119 wszystkim du\u017co s\u0142o\u0144ca i dobrych zakup\u00f3w przed nowym rokiem szkolnym. &nbsp; Zapraszam na codzienn\u0105 msz\u0119 \u015bw. do naszego ko\u015bcio\u0142a. Jak zwykle w \u015brod\u0119 przed msz\u0105 \u015bw. R\u00f3\u017caniec\u00a0 [&hellip;]<\/p>\n","protected":false},"author":0,"featured_media":0,"comment_status":"closed","ping_status":"closed","sticky":false,"template":"","format":"standard","meta":{"ngg_post_thumbnail":0,"footnotes":""},"categories":[3],"tags":[],"class_list":["post-2183","post","type-post","status-publish","format-standard","hentry","category-ogloszenia"],"aioseo_notices":[],"_links":{"self":[{"href":"https:\/\/parafiakrzyzowa.pl\/index.php?rest_route=\/wp\/v2\/posts\/2183","targetHints":{"allow":["GET"]}}],"collection":[{"href":"https:\/\/parafiakrzyzowa.pl\/index.php?rest_route=\/wp\/v2\/posts"}],"about":[{"href":"https:\/\/parafiakrzyzowa.pl\/index.php?rest_route=\/wp\/v2\/types\/post"}],"replies":[{"embeddable":true,"href":"https:\/\/parafiakrzyzowa.pl\/index.php?rest_route=%2Fwp%2Fv2%2Fcomments&post=2183"}],"version-history":[{"count":1,"href":"https:\/\/parafiakrzyzowa.pl\/index.php?rest_route=\/wp\/v2\/posts\/2183\/revisions"}],"predecessor-version":[{"id":2184,"href":"https:\/\/parafiakrzyzowa.pl\/index.php?rest_route=\/wp\/v2\/posts\/2183\/revisions\/2184"}],"wp:attachment":[{"href":"https:\/\/parafiakrzyzowa.pl\/index.php?rest_route=%2Fwp%2Fv2%2Fmedia&parent=2183"}],"wp:term":[{"taxonomy":"category","embeddable":true,"href":"https:\/\/parafiakrzyzowa.pl\/index.php?rest_route=%2Fwp%2Fv2%2Fcategories&post=2183"},{"taxonomy":"post_tag","embeddable":true,"href":"https:\/\/parafiakrzyzowa.pl\/index.php?rest_route=%2Fwp%2Fv2%2Ftags&post=2183"}],"curies":[{"name":"wp","href":"https:\/\/api.w.org\/{rel}","templated":true}]}}