{"id":2196,"date":"2020-09-05T12:11:04","date_gmt":"2020-09-05T12:11:04","guid":{"rendered":"https:\/\/parafiakrzyzowa.pl\/?p=2196"},"modified":"2020-09-05T12:11:09","modified_gmt":"2020-09-05T12:11:09","slug":"2196","status":"publish","type":"post","link":"https:\/\/parafiakrzyzowa.pl\/?p=2196","title":{"rendered":""},"content":{"rendered":"<p>&nbsp;<\/p>\n<p><strong>\u00a0\u00a0\u00a0\u00a0\u00a0\u00a0\u00a0\u00a0\u00a0\u00a0\u00a0\u00a0\u00a0\u00a0\u00a0\u00a0\u00a0\u00a0\u00a0\u00a0\u00a0\u00a0\u00a0\u00a0\u00a0\u00a0\u00a0\u00a0\u00a0\u00a0\u00a0\u00a0\u00a0\u00a0\u00a0\u00a0\u00a0\u00a0\u00a0\u00a0\u00a0\u00a0\u00a0\u00a0\u00a0\u00a0\u00a0\u00a0\u00a0\u00a0\u00a0\u00a0\u00a0\u00a0\u00a0\u00a0\u00a0\u00a0\u00a0\u00a0\u00a0\u00a0\u00a0\u00a0\u00a0\u00a0\u00a0\u00a0\u00a0\u00a0\u00a0\u00a0\u00a0\u00a0\u00a0\u00a0\u00a0\u00a0 <\/strong><\/p>\n<p><strong>\u00a0\u00a0\u00a0\u00a0\u00a0\u00a0\u00a0\u00a0\u00a0\u00a0\u00a0\u00a0\u00a0\u00a0\u00a0\u00a0\u00a0\u00a0\u00a0\u00a0\u00a0\u00a0\u00a0\u00a0\u00a0\u00a0\u00a0\u00a0\u00a0\u00a0\u00a0\u00a0\u00a0\u00a0\u00a0\u00a0\u00a0\u00a0\u00a0 <\/strong><strong>\u00a0<u>INTENCJE MSZY\u00a0 \u015aWI\u0118TYCH<\/u><\/strong><\/p>\n<p>&nbsp;<\/p>\n<p><strong><u>\u00a0<\/u><\/strong><\/p>\n<p><strong><u>NIEDZIELA 6. IX . 2020r.<\/u><\/strong><\/p>\n<p><strong><u>\u00a0<\/u><\/strong><\/p>\n<p>Godz. 8:00 \u00a0\u00a0&#8211;\u00a0 \u00a0++ Wojciech Duraj \u017cona Rozalia syn Czes\u0142aw<\/p>\n<p>&nbsp;<\/p>\n<p>Godz.10:00\u00a0 &#8211;\u00a0 \u00a0\u00a0\u00a0+ Cecylia Kami\u0144ska w 8r. \u015bmierci<\/p>\n<p>&nbsp;<\/p>\n<p>Godz. 18\u00a0\u00a0 \u00a0\u00a0\u00a0&#8211; \u00a0\u00a0\u00a0\u00a0\u00a0\u00a0\u00a0\u00a0Dzi\u0119kczynna z pro\u015bb\u0105 o zdrowie i b\u0142. Bo\u017ce dla Moniki i Paw\u0142a Madali\u0144skich<\/p>\n<p>w 8r. \u015blubu<\/p>\n<p><strong><u>\u00a0<\/u><\/strong><\/p>\n<p><u>\u00a0<strong>PONIEDZIA\u0141EK \u00a07 . IX. 2020r.<\/strong>\u00a0\u00a0\u00a0\u00a0\u00a0\u00a0\u00a0\u00a0\u00a0\u00a0 <\/u><\/p>\n<p>&nbsp;<\/p>\n<p>Godz. 18 \u00a0\u00a0&#8211;\u00a0\u00a0\u00a0\u00a0\u00a0 ++ Bronis\u0142aw Pastor w 4r. \u015bmierci \u017cona Anna i rodzice Teresa i Wojciech<\/p>\n<p><strong><u>\u00a0<\/u><\/strong><\/p>\n<p><strong><u>WTOREK 8. IX . 2020r.<\/u><\/strong><\/p>\n<p>&nbsp;<\/p>\n<p>Godz. 7:00 &#8211;\u00a0\u00a0\u00a0\u00a0\u00a0\u00a0\u00a0\u00a0\u00a0\u00a0 Przeb\u0142aganie za grzechy pewnej osoby<\/p>\n<p><strong><u>\u00a0<\/u><\/strong><\/p>\n<p><strong><u>\u015aRODA\u00a0 9 . IX .\u00a0 2020r.<\/u><\/strong><\/p>\n<p>&nbsp;<\/p>\n<p>Godz. 18 \u00a0\u00a0\u00a0&#8211;\u00a0\u00a0 \u00a0++\u00a0 Maria Basik w 13 r. \u015bmierci m\u0105\u017c Karol<\/p>\n<p><strong><u>\u00a0<\/u><\/strong><\/p>\n<p><strong><u>CZWARTEK\u00a0 10 . IX . 2020r. <\/u><\/strong><\/p>\n<p>&nbsp;<\/p>\n<p>Godz. 7:00\u00a0 &#8211;\u00a0\u00a0 \u00a0\u00a0\u00a0+\u00a0\u00a0 W pewnej intencji<\/p>\n<p><strong><u>\u00a0<\/u><\/strong><\/p>\n<p><strong><u>\u00a0<\/u><\/strong><strong><u>PI\u0104TEK 11 . IX . 2020r. <\/u><\/strong><\/p>\n<p>&nbsp;<\/p>\n<p>Godz. 18\u00a0\u00a0 &#8211; \u00a0\u00a0\u00a0\u00a0++\u00a0 Stanis\u0142aw J\u0119drzejas \u017cona Maria syn Tadeusz<\/p>\n<p><strong><u>\u00a0<\/u><\/strong><\/p>\n<p><strong><u>\u00a0<\/u><\/strong><strong><u>SOBOTA 12 . IX. 2020 r. <\/u><\/strong><\/p>\n<p>&nbsp;<\/p>\n<p>Godz. 18\u00a0 \u00a0\u00a0\u00a0&#8211; \u00a0\u00a0\u00a0\u00a0+ Weronika Cudzich<\/p>\n<p><strong><u>\u00a0<\/u><\/strong><\/p>\n<p><strong><u>NIEDZIELA \u00a013. IX . 2020r. <\/u><\/strong><\/p>\n<p>&nbsp;<\/p>\n<p>Godz.8:00 \u00a0\u00a0&#8211;\u00a0 \u00a0++\u00a0 Karolina J\u0119drzejas i m\u0105\u017c<\/p>\n<p>&nbsp;<\/p>\n<p>Godz.10:00 &#8211; \u00a0\u00a0\u00a0\u00a0\u00a0\u00a0\u00a0\u00a0\u00a0W intencji dzieci klasy V w 1 rocznic\u0119 I Komunii \u015bw. i ich rodzin<\/p>\n<p>&nbsp;<\/p>\n<p>Godz. 18 \u00a0\u00a0\u00a0\u00a0&#8211; \u00a0\u00a0\u00a0++ Jan Gawlas i rodzice W\u0142adys\u0142aw i Aniela<\/p>\n<p>&nbsp;<\/p>\n","protected":false},"excerpt":{"rendered":"<p>&nbsp; \u00a0\u00a0\u00a0\u00a0\u00a0\u00a0\u00a0\u00a0\u00a0\u00a0\u00a0\u00a0\u00a0\u00a0\u00a0\u00a0\u00a0\u00a0\u00a0\u00a0\u00a0\u00a0\u00a0\u00a0\u00a0\u00a0\u00a0\u00a0\u00a0\u00a0\u00a0\u00a0\u00a0\u00a0\u00a0\u00a0\u00a0\u00a0\u00a0\u00a0\u00a0\u00a0\u00a0\u00a0\u00a0\u00a0\u00a0\u00a0\u00a0\u00a0\u00a0\u00a0\u00a0\u00a0\u00a0\u00a0\u00a0\u00a0\u00a0\u00a0\u00a0\u00a0\u00a0\u00a0\u00a0\u00a0\u00a0\u00a0\u00a0\u00a0\u00a0\u00a0\u00a0\u00a0\u00a0\u00a0\u00a0\u00a0 \u00a0\u00a0\u00a0\u00a0\u00a0\u00a0\u00a0\u00a0\u00a0\u00a0\u00a0\u00a0\u00a0\u00a0\u00a0\u00a0\u00a0\u00a0\u00a0\u00a0\u00a0\u00a0\u00a0\u00a0\u00a0\u00a0\u00a0\u00a0\u00a0\u00a0\u00a0\u00a0\u00a0\u00a0\u00a0\u00a0\u00a0\u00a0\u00a0 \u00a0INTENCJE MSZY\u00a0 \u015aWI\u0118TYCH &nbsp; \u00a0 NIEDZIELA 6. IX . 2020r. \u00a0 Godz. 8:00 \u00a0\u00a0&#8211;\u00a0 \u00a0++ Wojciech Duraj \u017cona Rozalia syn Czes\u0142aw &nbsp; Godz.10:00\u00a0 &#8211;\u00a0 \u00a0\u00a0\u00a0+ Cecylia Kami\u0144ska w 8r. \u015bmierci &nbsp; Godz. 18\u00a0\u00a0 \u00a0\u00a0\u00a0&#8211; \u00a0\u00a0\u00a0\u00a0\u00a0\u00a0\u00a0\u00a0Dzi\u0119kczynna z pro\u015bb\u0105 o zdrowie i b\u0142. Bo\u017ce dla Moniki i Paw\u0142a Madali\u0144skich w 8r. \u015blubu \u00a0 \u00a0PONIEDZIA\u0141EK [&hellip;]<\/p>\n","protected":false},"author":0,"featured_media":0,"comment_status":"closed","ping_status":"closed","sticky":false,"template":"","format":"standard","meta":{"ngg_post_thumbnail":0,"footnotes":""},"categories":[7],"tags":[],"class_list":["post-2196","post","type-post","status-publish","format-standard","hentry","category-intencje"],"aioseo_notices":[],"_links":{"self":[{"href":"https:\/\/parafiakrzyzowa.pl\/index.php?rest_route=\/wp\/v2\/posts\/2196","targetHints":{"allow":["GET"]}}],"collection":[{"href":"https:\/\/parafiakrzyzowa.pl\/index.php?rest_route=\/wp\/v2\/posts"}],"about":[{"href":"https:\/\/parafiakrzyzowa.pl\/index.php?rest_route=\/wp\/v2\/types\/post"}],"replies":[{"embeddable":true,"href":"https:\/\/parafiakrzyzowa.pl\/index.php?rest_route=%2Fwp%2Fv2%2Fcomments&post=2196"}],"version-history":[{"count":1,"href":"https:\/\/parafiakrzyzowa.pl\/index.php?rest_route=\/wp\/v2\/posts\/2196\/revisions"}],"predecessor-version":[{"id":2197,"href":"https:\/\/parafiakrzyzowa.pl\/index.php?rest_route=\/wp\/v2\/posts\/2196\/revisions\/2197"}],"wp:attachment":[{"href":"https:\/\/parafiakrzyzowa.pl\/index.php?rest_route=%2Fwp%2Fv2%2Fmedia&parent=2196"}],"wp:term":[{"taxonomy":"category","embeddable":true,"href":"https:\/\/parafiakrzyzowa.pl\/index.php?rest_route=%2Fwp%2Fv2%2Fcategories&post=2196"},{"taxonomy":"post_tag","embeddable":true,"href":"https:\/\/parafiakrzyzowa.pl\/index.php?rest_route=%2Fwp%2Fv2%2Ftags&post=2196"}],"curies":[{"name":"wp","href":"https:\/\/api.w.org\/{rel}","templated":true}]}}