{"id":2223,"date":"2020-10-03T11:48:51","date_gmt":"2020-10-03T11:48:51","guid":{"rendered":"https:\/\/parafiakrzyzowa.pl\/?p=2223"},"modified":"2020-10-03T11:48:58","modified_gmt":"2020-10-03T11:48:58","slug":"2223","status":"publish","type":"post","link":"https:\/\/parafiakrzyzowa.pl\/?p=2223","title":{"rendered":""},"content":{"rendered":"<p>&nbsp;<\/p>\n<p><strong>\u00a0\u00a0\u00a0\u00a0\u00a0\u00a0\u00a0\u00a0\u00a0\u00a0\u00a0\u00a0\u00a0\u00a0\u00a0\u00a0\u00a0\u00a0\u00a0\u00a0\u00a0\u00a0\u00a0\u00a0\u00a0\u00a0\u00a0\u00a0\u00a0\u00a0\u00a0\u00a0\u00a0\u00a0\u00a0\u00a0\u00a0\u00a0\u00a0\u00a0\u00a0\u00a0\u00a0\u00a0\u00a0\u00a0\u00a0\u00a0\u00a0\u00a0\u00a0\u00a0\u00a0\u00a0\u00a0\u00a0\u00a0\u00a0\u00a0\u00a0\u00a0\u00a0\u00a0\u00a0\u00a0\u00a0\u00a0\u00a0\u00a0\u00a0\u00a0\u00a0\u00a0\u00a0\u00a0\u00a0\u00a0\u00a0 <\/strong><\/p>\n<p><strong>\u00a0\u00a0\u00a0\u00a0\u00a0\u00a0\u00a0\u00a0\u00a0\u00a0\u00a0\u00a0\u00a0\u00a0\u00a0\u00a0\u00a0\u00a0\u00a0\u00a0\u00a0\u00a0\u00a0\u00a0\u00a0\u00a0\u00a0\u00a0\u00a0\u00a0\u00a0\u00a0\u00a0\u00a0\u00a0\u00a0\u00a0\u00a0\u00a0 <\/strong><strong>\u00a0<u>INTENCJE MSZY\u00a0 \u015aWI\u0118TYCH<\/u><\/strong><\/p>\n<p>&nbsp;<\/p>\n<p><strong><u>\u00a0<\/u><\/strong><\/p>\n<p><strong><u>NIEDZIELA 4. X . 2020r.<\/u><\/strong><\/p>\n<p><strong><u>\u00a0<\/u><\/strong><\/p>\n<p>Godz. 8:00 \u00a0\u00a0&#8211;\u00a0\u00a0\u00a0\u00a0\u00a0 + J\u00f3zef Dendys w 6r. \u015bmierci<\/p>\n<p>&nbsp;<\/p>\n<p>Godz.10:00\u00a0 &#8211;\u00a0 \u00a0\u00a0\u00a0\u00a0+ W\u0142adys\u0142aw Cudzich w 4r. \u015bmierci<\/p>\n<p>&nbsp;<\/p>\n<p>Godz. 18\u00a0\u00a0 \u00a0\u00a0\u00a0&#8211; \u00a0\u00a0\u00a0++ Wiktoria Klimas w 9r. \u015bmierci m\u0105\u017c Jan c\u00f3rka Teresa<\/p>\n<p><strong><u>\u00a0<\/u><\/strong><\/p>\n<p><u>\u00a0<strong>PONIEDZIA\u0141EK \u00a05 . X. 2020r.<\/strong>\u00a0\u00a0\u00a0\u00a0\u00a0\u00a0\u00a0\u00a0\u00a0\u00a0 <\/u><\/p>\n<p>&nbsp;<\/p>\n<p>Godz. 17 \u00a0\u00a0&#8211;\u00a0\u00a0\u00a0\u00a0\u00a0\u00a0\u00a0 \u00a0\u00a0\u00a0\u00a0O zdrowie i b\u0142. Bo\u017ce dla Marii Walig\u00f3ry<\/p>\n<p><strong><u>\u00a0<\/u><\/strong><\/p>\n<p><strong><u>WTOREK 6. X . 2020r.<\/u><\/strong><\/p>\n<p>&nbsp;<\/p>\n<p>Godz. 17\u00a0 \u00a0&#8211;\u00a0\u00a0\u00a0 \u00a0++ Stanis\u0142aw Skrzyp \u017cona Anna siostra Karolina<\/p>\n<p><strong><u>\u00a0<\/u><\/strong><\/p>\n<p><strong><u>\u015aRODA\u00a0 7 . X .\u00a0 2020r.<\/u><\/strong><\/p>\n<p>&nbsp;<\/p>\n<p>Godz. 17 \u00a0\u00a0\u00a0&#8211;\u00a0 \u00a0\u00a0++\u00a0 Karolina Wyr\u00f3d m\u0105\u017c W\u0142adys\u0142aw syn Jan<\/p>\n<p><strong><u>\u00a0<\/u><\/strong><\/p>\n<p><strong><u>CZWARTEK\u00a0 8 . X . 2020r. <\/u><\/strong><\/p>\n<p>&nbsp;<\/p>\n<p>Godz. 17\u00a0\u00a0 \u00a0&#8211; \u00a0\u00a0++ Franciszek i Jan Gawlasowie<\/p>\n<p><strong><u>\u00a0<\/u><\/strong><\/p>\n<p><strong><u>\u00a0<\/u><\/strong><strong><u>PI\u0104TEK \u00a09 . X . 2020r. <\/u><\/strong><\/p>\n<p>&nbsp;<\/p>\n<p>Godz. 17\u00a0\u00a0 &#8211; \u00a0\u00a0\u00a0\u00a0\u00a0\u00a0+ \u0141ukasz Z\u0105bek od rodziny Galas\u00f3w<\/p>\n<p><strong><u>\u00a0<\/u><\/strong><\/p>\n<p><strong><u>\u00a0<\/u><\/strong><strong><u>SOBOTA 10 . X. 2020 r. <\/u><\/strong><\/p>\n<p>&nbsp;<\/p>\n<p>Godz. 17\u00a0 \u00a0\u00a0\u00a0&#8211; \u00a0\u00a0\u00a0\u00a0+ Piotr Cicho\u0144 w 4r. \u015bmierci<\/p>\n<p><strong><u>\u00a0<\/u><\/strong><\/p>\n<p><strong><u>NIEDZIELA \u00a011. X . 2020r. <\/u><\/strong><\/p>\n<p>&nbsp;<\/p>\n<p>Godz.8:00 \u00a0\u00a0&#8211;\u00a0 ++ Stanis\u0142aw Niewdana w 8r. \u015bmierci i rodzice<\/p>\n<p>&nbsp;<\/p>\n<p>Godz.10:00 &#8211; \u00a0\u00a0\u00a0+ Maria Kami\u0144ska J\u0119drzejas w 1r.\u015bmierci<\/p>\n<p>&nbsp;<\/p>\n<p>Godz. 18 \u00a0\u00a0\u00a0\u00a0&#8211; \u00a0\u00a0\u00a0\u00a0\u00a0\u00a0O zdrowie i b\u0142. Bo\u017ce dla Weroniki Gawlas w 85r. urodzin<\/p>\n","protected":false},"excerpt":{"rendered":"<p>&nbsp; \u00a0\u00a0\u00a0\u00a0\u00a0\u00a0\u00a0\u00a0\u00a0\u00a0\u00a0\u00a0\u00a0\u00a0\u00a0\u00a0\u00a0\u00a0\u00a0\u00a0\u00a0\u00a0\u00a0\u00a0\u00a0\u00a0\u00a0\u00a0\u00a0\u00a0\u00a0\u00a0\u00a0\u00a0\u00a0\u00a0\u00a0\u00a0\u00a0\u00a0\u00a0\u00a0\u00a0\u00a0\u00a0\u00a0\u00a0\u00a0\u00a0\u00a0\u00a0\u00a0\u00a0\u00a0\u00a0\u00a0\u00a0\u00a0\u00a0\u00a0\u00a0\u00a0\u00a0\u00a0\u00a0\u00a0\u00a0\u00a0\u00a0\u00a0\u00a0\u00a0\u00a0\u00a0\u00a0\u00a0\u00a0\u00a0 \u00a0\u00a0\u00a0\u00a0\u00a0\u00a0\u00a0\u00a0\u00a0\u00a0\u00a0\u00a0\u00a0\u00a0\u00a0\u00a0\u00a0\u00a0\u00a0\u00a0\u00a0\u00a0\u00a0\u00a0\u00a0\u00a0\u00a0\u00a0\u00a0\u00a0\u00a0\u00a0\u00a0\u00a0\u00a0\u00a0\u00a0\u00a0\u00a0 \u00a0INTENCJE MSZY\u00a0 \u015aWI\u0118TYCH &nbsp; \u00a0 NIEDZIELA 4. X . 2020r. \u00a0 Godz. 8:00 \u00a0\u00a0&#8211;\u00a0\u00a0\u00a0\u00a0\u00a0 + J\u00f3zef Dendys w 6r. \u015bmierci &nbsp; Godz.10:00\u00a0 &#8211;\u00a0 \u00a0\u00a0\u00a0\u00a0+ W\u0142adys\u0142aw Cudzich w 4r. \u015bmierci &nbsp; Godz. 18\u00a0\u00a0 \u00a0\u00a0\u00a0&#8211; \u00a0\u00a0\u00a0++ Wiktoria Klimas w 9r. \u015bmierci m\u0105\u017c Jan c\u00f3rka Teresa \u00a0 \u00a0PONIEDZIA\u0141EK \u00a05 . X. 2020r.\u00a0\u00a0\u00a0\u00a0\u00a0\u00a0\u00a0\u00a0\u00a0\u00a0 &nbsp; Godz. 17 [&hellip;]<\/p>\n","protected":false},"author":0,"featured_media":0,"comment_status":"closed","ping_status":"closed","sticky":false,"template":"","format":"standard","meta":{"ngg_post_thumbnail":0,"footnotes":""},"categories":[7],"tags":[],"class_list":["post-2223","post","type-post","status-publish","format-standard","hentry","category-intencje"],"aioseo_notices":[],"_links":{"self":[{"href":"https:\/\/parafiakrzyzowa.pl\/index.php?rest_route=\/wp\/v2\/posts\/2223","targetHints":{"allow":["GET"]}}],"collection":[{"href":"https:\/\/parafiakrzyzowa.pl\/index.php?rest_route=\/wp\/v2\/posts"}],"about":[{"href":"https:\/\/parafiakrzyzowa.pl\/index.php?rest_route=\/wp\/v2\/types\/post"}],"replies":[{"embeddable":true,"href":"https:\/\/parafiakrzyzowa.pl\/index.php?rest_route=%2Fwp%2Fv2%2Fcomments&post=2223"}],"version-history":[{"count":1,"href":"https:\/\/parafiakrzyzowa.pl\/index.php?rest_route=\/wp\/v2\/posts\/2223\/revisions"}],"predecessor-version":[{"id":2224,"href":"https:\/\/parafiakrzyzowa.pl\/index.php?rest_route=\/wp\/v2\/posts\/2223\/revisions\/2224"}],"wp:attachment":[{"href":"https:\/\/parafiakrzyzowa.pl\/index.php?rest_route=%2Fwp%2Fv2%2Fmedia&parent=2223"}],"wp:term":[{"taxonomy":"category","embeddable":true,"href":"https:\/\/parafiakrzyzowa.pl\/index.php?rest_route=%2Fwp%2Fv2%2Fcategories&post=2223"},{"taxonomy":"post_tag","embeddable":true,"href":"https:\/\/parafiakrzyzowa.pl\/index.php?rest_route=%2Fwp%2Fv2%2Ftags&post=2223"}],"curies":[{"name":"wp","href":"https:\/\/api.w.org\/{rel}","templated":true}]}}