{"id":2252,"date":"2020-10-24T12:40:07","date_gmt":"2020-10-24T12:40:07","guid":{"rendered":"https:\/\/parafiakrzyzowa.pl\/?p=2252"},"modified":"2020-10-24T12:40:22","modified_gmt":"2020-10-24T12:40:22","slug":"2252","status":"publish","type":"post","link":"https:\/\/parafiakrzyzowa.pl\/?p=2252","title":{"rendered":""},"content":{"rendered":"<p>&nbsp;<\/p>\n<p>Krzy\u017cowa 25. X . 2020r.<\/p>\n<p><strong>\u00a0\u00a0\u00a0\u00a0\u00a0\u00a0\u00a0\u00a0\u00a0\u00a0\u00a0\u00a0\u00a0\u00a0\u00a0\u00a0\u00a0\u00a0\u00a0\u00a0\u00a0\u00a0\u00a0\u00a0\u00a0\u00a0\u00a0\u00a0\u00a0\u00a0\u00a0\u00a0\u00a0\u00a0\u00a0\u00a0\u00a0\u00a0\u00a0\u00a0\u00a0\u00a0\u00a0\u00a0\u00a0\u00a0\u00a0\u00a0\u00a0\u00a0\u00a0\u00a0\u00a0\u00a0\u00a0\u00a0\u00a0\u00a0\u00a0\u00a0\u00a0\u00a0\u00a0\u00a0\u00a0\u00a0\u00a0\u00a0\u00a0\u00a0\u00a0\u00a0\u00a0\u00a0\u00a0\u00a0\u00a0 <\/strong><\/p>\n<p><strong>\u00a0\u00a0\u00a0\u00a0\u00a0\u00a0\u00a0\u00a0\u00a0\u00a0\u00a0\u00a0\u00a0\u00a0\u00a0\u00a0\u00a0\u00a0\u00a0\u00a0\u00a0\u00a0\u00a0\u00a0\u00a0\u00a0\u00a0\u00a0\u00a0\u00a0\u00a0\u00a0\u00a0\u00a0\u00a0\u00a0 <\/strong><\/p>\n<p><strong>\u00a0<\/strong><\/p>\n<p><strong>\u00a0\u00a0\u00a0\u00a0\u00a0\u00a0\u00a0\u00a0\u00a0\u00a0\u00a0\u00a0\u00a0\u00a0\u00a0\u00a0\u00a0\u00a0\u00a0\u00a0\u00a0\u00a0\u00a0\u00a0\u00a0\u00a0\u00a0\u00a0\u00a0\u00a0\u00a0\u00a0\u00a0\u00a0\u00a0 \u00a0\u00a0\u00a0\u00a0\u00a0\u00a0\u00a0<\/strong><strong><u>XXX \u00a0NIEDZIELA ZWYK\u0141A<\/u><\/strong><\/p>\n<p>&nbsp;<\/p>\n<p>Zapraszam ca\u0142\u0105 parafi\u0119 na codzienny r\u00f3\u017caniec . Dzi\u015b modlitwa r\u00f3\u017ca\u0144cowa b\u0119dzie o godz. 17:30 w dni powszednie zawsze po mszy \u015bw. o godz. 17:00. Prosz\u0119 serdecznie\u00a0 o modlitw\u0119 w gronie rodzinnym,\u00a0 \u00a0a w Krzy\u017c\u00f3wkach przy kaplicy. Wypraszajmy przez Maryj\u0119 potrzebne \u0142aski ,\u00a0 \u00a0 \u00a0 \u00a0 \u00a0 \u00a0 \u00a0 \u00a0 \u00a0 \u00a0 a szczeg\u00f3lne aby Pan B\u00f3g odsun\u0105\u0142 od nas pandemi\u0119 koronawirusa.<\/p>\n<p>&nbsp;<\/p>\n<p>Jest coraz wi\u0119cej obostrze\u0144 , ale przede wszystkim jest wezwanie aby seniorzy bez powodu nie wychodzili z dom\u00f3w.<\/p>\n<p>&nbsp;<\/p>\n<p>W ostatnim tygodniu pa\u017adziernika na r\u00f3\u017ca\u0144cu b\u0119dziemy si\u0119 modli\u0107 za naszych bliskich zmar\u0142ych wypominanych w naszym ko\u015bciele. W pon. kl. III. wt kl. IV, \u015br. kl. V czw. kl. VI pt. kl. VIII i sob kl. VIII.<\/p>\n<p>&nbsp;<\/p>\n<p>Zach\u0119cam do nabywania prasy katolickiej.<\/p>\n<p>&nbsp;<\/p>\n<p>Mo\u017cna dawa\u0107 na wypominki roczne i jednorazowe.<\/p>\n<p>&nbsp;<\/p>\n<p>B\u00f3g zap\u0142a\u0107 za sprz\u0105tanie ko\u015bcio\u0142a w tym tygodniu. Nast\u0119pne sprz\u0105tanie b\u0119dzie w sobot\u0119 o godz. 9:00<\/p>\n<p>Bardzo prosz\u0119, aby\u00a0 Panie kupi\u0142y do ko\u015bcio\u0142a chryzantemy. Sprz\u0105taj\u0105 Panie: \u00a0Ma\u0142gorzata J\u0119drzeja Ewelina Kaprak Ma\u0142gorzata Michalec i Zofia Pierlak<\/p>\n<p>&nbsp;<\/p>\n<p>Najbli\u017csza niedziela to Uroczysto\u015b\u0107 wszystkich \u015awi\u0119tych. Nie b\u0119dzie procesji na cmentarz. Msze \u015bw. 4 tak jak dzisiaj. godz. \u00a08, 9:30 , 11 i 18.<\/p>\n<p>Spowied\u017a \u015bw. przed Uroczysto\u015bci\u0105 Wszystkich \u015bwi\u0119tych b\u0119dzie w sobot\u0119 od godz. 16 do 17.<\/p>\n<p>&nbsp;<\/p>\n<p>Dzi\u0119kuj\u0119 za ofiary na rodzin\u0119 syryjsk\u0105.<\/p>\n<p>&nbsp;<\/p>\n<p>&nbsp;<\/p>\n<p>Kalendarz liturgiczny<\/p>\n<p>&nbsp;<\/p>\n<p>\u015aroda \u2013 \u015bwi\u0119to \u015bwi\u0119tych Aposto\u0142\u00f3w Szymona i Judy Tadeusza<\/p>\n<p>&nbsp;<\/p>\n<p>Przypominam rodzicom, \u017ce dzieci do lat 16 nie mog\u0105 bez osoby doros\u0142ej od godz. 8 do 16 wychodzi\u0107 z domu same. To obostrzenie nie dotyczy sob\u00f3t i niedziel.<\/p>\n<p>Dzieci i m\u0142odzie\u017c mog\u0105 wi\u0119c uczestniczy\u0107 w codziennej mszy \u015bw, i R\u00f3\u017ca\u0144cu.<\/p>\n<p>&nbsp;<\/p>\n<p>Seniorzy po 70 roku \u017cycia nie powinni wychodzi\u0107 z domu poza p\u00f3j\u015bciem do pracy, na zakupy czy te\u017c do ko\u015bcio\u0142a.<\/p>\n<p>&nbsp;<\/p>\n<p>&nbsp;<\/p>\n<p>&nbsp;<\/p>\n","protected":false},"excerpt":{"rendered":"<p>&nbsp; Krzy\u017cowa 25. X . 2020r. \u00a0\u00a0\u00a0\u00a0\u00a0\u00a0\u00a0\u00a0\u00a0\u00a0\u00a0\u00a0\u00a0\u00a0\u00a0\u00a0\u00a0\u00a0\u00a0\u00a0\u00a0\u00a0\u00a0\u00a0\u00a0\u00a0\u00a0\u00a0\u00a0\u00a0\u00a0\u00a0\u00a0\u00a0\u00a0\u00a0\u00a0\u00a0\u00a0\u00a0\u00a0\u00a0\u00a0\u00a0\u00a0\u00a0\u00a0\u00a0\u00a0\u00a0\u00a0\u00a0\u00a0\u00a0\u00a0\u00a0\u00a0\u00a0\u00a0\u00a0\u00a0\u00a0\u00a0\u00a0\u00a0\u00a0\u00a0\u00a0\u00a0\u00a0\u00a0\u00a0\u00a0\u00a0\u00a0\u00a0\u00a0 \u00a0\u00a0\u00a0\u00a0\u00a0\u00a0\u00a0\u00a0\u00a0\u00a0\u00a0\u00a0\u00a0\u00a0\u00a0\u00a0\u00a0\u00a0\u00a0\u00a0\u00a0\u00a0\u00a0\u00a0\u00a0\u00a0\u00a0\u00a0\u00a0\u00a0\u00a0\u00a0\u00a0\u00a0\u00a0\u00a0 \u00a0 \u00a0\u00a0\u00a0\u00a0\u00a0\u00a0\u00a0\u00a0\u00a0\u00a0\u00a0\u00a0\u00a0\u00a0\u00a0\u00a0\u00a0\u00a0\u00a0\u00a0\u00a0\u00a0\u00a0\u00a0\u00a0\u00a0\u00a0\u00a0\u00a0\u00a0\u00a0\u00a0\u00a0\u00a0\u00a0 \u00a0\u00a0\u00a0\u00a0\u00a0\u00a0\u00a0XXX \u00a0NIEDZIELA ZWYK\u0141A &nbsp; Zapraszam ca\u0142\u0105 parafi\u0119 na codzienny r\u00f3\u017caniec . Dzi\u015b modlitwa r\u00f3\u017ca\u0144cowa b\u0119dzie o godz. 17:30 w dni powszednie zawsze po mszy \u015bw. o godz. 17:00. Prosz\u0119 serdecznie\u00a0 o modlitw\u0119 w gronie rodzinnym,\u00a0 \u00a0a w Krzy\u017c\u00f3wkach przy kaplicy. Wypraszajmy przez Maryj\u0119 potrzebne \u0142aski [&hellip;]<\/p>\n","protected":false},"author":0,"featured_media":0,"comment_status":"closed","ping_status":"closed","sticky":false,"template":"","format":"standard","meta":{"ngg_post_thumbnail":0,"footnotes":""},"categories":[3],"tags":[],"class_list":["post-2252","post","type-post","status-publish","format-standard","hentry","category-ogloszenia"],"aioseo_notices":[],"_links":{"self":[{"href":"https:\/\/parafiakrzyzowa.pl\/index.php?rest_route=\/wp\/v2\/posts\/2252","targetHints":{"allow":["GET"]}}],"collection":[{"href":"https:\/\/parafiakrzyzowa.pl\/index.php?rest_route=\/wp\/v2\/posts"}],"about":[{"href":"https:\/\/parafiakrzyzowa.pl\/index.php?rest_route=\/wp\/v2\/types\/post"}],"replies":[{"embeddable":true,"href":"https:\/\/parafiakrzyzowa.pl\/index.php?rest_route=%2Fwp%2Fv2%2Fcomments&post=2252"}],"version-history":[{"count":1,"href":"https:\/\/parafiakrzyzowa.pl\/index.php?rest_route=\/wp\/v2\/posts\/2252\/revisions"}],"predecessor-version":[{"id":2253,"href":"https:\/\/parafiakrzyzowa.pl\/index.php?rest_route=\/wp\/v2\/posts\/2252\/revisions\/2253"}],"wp:attachment":[{"href":"https:\/\/parafiakrzyzowa.pl\/index.php?rest_route=%2Fwp%2Fv2%2Fmedia&parent=2252"}],"wp:term":[{"taxonomy":"category","embeddable":true,"href":"https:\/\/parafiakrzyzowa.pl\/index.php?rest_route=%2Fwp%2Fv2%2Fcategories&post=2252"},{"taxonomy":"post_tag","embeddable":true,"href":"https:\/\/parafiakrzyzowa.pl\/index.php?rest_route=%2Fwp%2Fv2%2Ftags&post=2252"}],"curies":[{"name":"wp","href":"https:\/\/api.w.org\/{rel}","templated":true}]}}