{"id":2255,"date":"2020-10-31T07:23:18","date_gmt":"2020-10-31T07:23:18","guid":{"rendered":"https:\/\/parafiakrzyzowa.pl\/?p=2255"},"modified":"2020-10-31T07:23:24","modified_gmt":"2020-10-31T07:23:24","slug":"2255","status":"publish","type":"post","link":"https:\/\/parafiakrzyzowa.pl\/?p=2255","title":{"rendered":""},"content":{"rendered":"<p>&nbsp;<\/p>\n<p>Krzy\u017cowa 1. XI . 2020r.<\/p>\n<p><strong>\u00a0\u00a0\u00a0\u00a0\u00a0\u00a0\u00a0\u00a0\u00a0\u00a0\u00a0\u00a0\u00a0\u00a0\u00a0\u00a0\u00a0\u00a0\u00a0\u00a0\u00a0\u00a0\u00a0\u00a0\u00a0\u00a0\u00a0\u00a0\u00a0\u00a0\u00a0\u00a0\u00a0\u00a0\u00a0\u00a0\u00a0\u00a0\u00a0\u00a0\u00a0\u00a0\u00a0\u00a0\u00a0\u00a0\u00a0\u00a0\u00a0\u00a0\u00a0\u00a0\u00a0\u00a0\u00a0\u00a0\u00a0\u00a0\u00a0\u00a0\u00a0\u00a0\u00a0\u00a0\u00a0\u00a0\u00a0\u00a0\u00a0\u00a0\u00a0\u00a0\u00a0\u00a0\u00a0\u00a0\u00a0 <\/strong><\/p>\n<p><strong>\u00a0\u00a0\u00a0\u00a0\u00a0\u00a0\u00a0\u00a0\u00a0\u00a0\u00a0\u00a0\u00a0\u00a0\u00a0\u00a0\u00a0\u00a0\u00a0\u00a0\u00a0\u00a0\u00a0\u00a0\u00a0\u00a0\u00a0\u00a0\u00a0\u00a0\u00a0\u00a0\u00a0\u00a0\u00a0\u00a0 <\/strong><\/p>\n<p><strong>\u00a0<\/strong><\/p>\n<p><strong>\u00a0\u00a0\u00a0 \u00a0\u00a0\u00a0\u00a0\u00a0\u00a0\u00a0\u00a0\u00a0\u00a0\u00a0\u00a0\u00a0\u00a0\u00a0\u00a0\u00a0\u00a0\u00a0\u00a0\u00a0\u00a0\u00a0\u00a0\u00a0<\/strong><strong><u>UROCZYSTO\u015a\u0106 WSZYSTKICH \u015aWI\u0118TYCH<\/u><\/strong><\/p>\n<p>&nbsp;<\/p>\n<p>&nbsp;<\/p>\n<p>Dzi\u015b przypada Uroczysto\u015b\u0107 Wszystkich \u015awi\u0119tych. Czcimy nasze siostry i braci, kt\u00f3rzy po ziemskiej pielgrzymce osi\u0105gn\u0119li Niebo. Dzisiaj msze \u015bw. o godz. 8, 9:30.11 i 18 wieczorem. Bardzo serdecznie zapraszam na msze \u015bw. Wiemy, \u017ce cmentarze s\u0105 zamkni\u0119te i nie ma procesji na cmentarz.<\/p>\n<p>&nbsp;<\/p>\n<p>Jutro przypada Dzie\u0144 Zaduszny. Dzie\u0144 naszej modlitwy za dusze w czy\u015b\u0107cu cierpi\u0105ce. Msze \u015bw. b\u0119d\u0105 w naszym ko\u015bciele o\u00a0 godz. 7:00, 8:30 i 17 wieczorem. 15 minut przed ka\u017cd\u0105 msz\u0105 \u015bw. b\u0119dziemy wypomina\u0107 zmar\u0142ych i modli\u0107 si\u0119 za nich. Bardzo serdecznie zapraszam. Niestety cmentarz b\u0119dzie zamkni\u0119ty. Przypominam, \u017ce odpusty za bliskich zmar\u0142ych mo\u017cna zyskiwa\u0107 przez ca\u0142y listopad. A od wtorku cmentarze b\u0119d\u0105 ju\u017c otwarte.<\/p>\n<p>&nbsp;<\/p>\n<p>Od tego tygodnia msze \u015bw. we wtorki i czwartki b\u0119d\u0105 o godz. 7:00.<\/p>\n<p>W tym tygodniu przypada I pi\u0105tek i I sobota miesi\u0105ca. Spowied\u017a \u015bw. b\u0119dzie w pi\u0105tek od godz. 16 do 17.<\/p>\n<p>Niestety nie b\u0119dzie wizyty u chorych i senior\u00f3w.<\/p>\n<p>&nbsp;<\/p>\n<p>Bardzo prosz\u0119 o modlitw\u0119 r\u00f3\u017ca\u0144cow\u0105 w \u015brod\u0119 i w sobot\u0119 przed mszami \u015bw. w intencji zatrzymania epidemii i o pok\u00f3j w naszej Ojczy\u017anie.<\/p>\n<p>&nbsp;<\/p>\n<p>Zach\u0119cam do nabywania prasy katolickiej.<\/p>\n<p>&nbsp;<\/p>\n<p>B\u00f3g zap\u0142a\u0107 za sprz\u0105tanie ko\u015bcio\u0142a w tym tygodniu i za kwiaty do ko\u015bcio\u0142a. Nast\u0119pne sprz\u0105tanie b\u0119dzie w sobot\u0119 o godz. 9:00. Sprz\u0105taj\u0105 Panie\u00a0 Marta Cudzich Wioletta Kobies Gabriela Michalec Maria Michalec. Nie kupujemy kwiat\u00f3w.<\/p>\n<p>&nbsp;<\/p>\n<p>Bardzo prosz\u0119 dbajcie o siebie i waszych starszych rodzic\u00f3w.<\/p>\n<p>&nbsp;<\/p>\n<p>Kalendarz liturgiczny<\/p>\n<p>&nbsp;<\/p>\n<p>Poniedzia\u0142ek \u2013 Dzie\u0144 zaduszny<\/p>\n<p>\u015aroda \u2013 wsp. \u015bw. Karola Boromeuszka biskupa<\/p>\n<p>&nbsp;<\/p>\n<p>W ostatnim tygodniu odesz\u0142a do Pana po wieczn\u0105 nagrod\u0119 z naszej rodziny parafialnej \u015bp. Waleria Walig\u00f3ra.\u00a0\u00a0 Wieczny odpoczynek racz jej da\u0107 Panie\u2026\u2026<\/p>\n<p>&nbsp;<\/p>\n<p>Od najbli\u017cszej niedzieli b\u0119d\u0105 czytane nowe wypominki. Bardzo serdecznie prosz\u0119 o zg\u0142aszanie wszystkich pomy\u0142ek kt\u00f3re us\u0142yszycie.<\/p>\n<p>&nbsp;<\/p>\n","protected":false},"excerpt":{"rendered":"<p>&nbsp; Krzy\u017cowa 1. XI . 2020r. \u00a0\u00a0\u00a0\u00a0\u00a0\u00a0\u00a0\u00a0\u00a0\u00a0\u00a0\u00a0\u00a0\u00a0\u00a0\u00a0\u00a0\u00a0\u00a0\u00a0\u00a0\u00a0\u00a0\u00a0\u00a0\u00a0\u00a0\u00a0\u00a0\u00a0\u00a0\u00a0\u00a0\u00a0\u00a0\u00a0\u00a0\u00a0\u00a0\u00a0\u00a0\u00a0\u00a0\u00a0\u00a0\u00a0\u00a0\u00a0\u00a0\u00a0\u00a0\u00a0\u00a0\u00a0\u00a0\u00a0\u00a0\u00a0\u00a0\u00a0\u00a0\u00a0\u00a0\u00a0\u00a0\u00a0\u00a0\u00a0\u00a0\u00a0\u00a0\u00a0\u00a0\u00a0\u00a0\u00a0\u00a0 \u00a0\u00a0\u00a0\u00a0\u00a0\u00a0\u00a0\u00a0\u00a0\u00a0\u00a0\u00a0\u00a0\u00a0\u00a0\u00a0\u00a0\u00a0\u00a0\u00a0\u00a0\u00a0\u00a0\u00a0\u00a0\u00a0\u00a0\u00a0\u00a0\u00a0\u00a0\u00a0\u00a0\u00a0\u00a0\u00a0 \u00a0 \u00a0\u00a0\u00a0 \u00a0\u00a0\u00a0\u00a0\u00a0\u00a0\u00a0\u00a0\u00a0\u00a0\u00a0\u00a0\u00a0\u00a0\u00a0\u00a0\u00a0\u00a0\u00a0\u00a0\u00a0\u00a0\u00a0\u00a0\u00a0UROCZYSTO\u015a\u0106 WSZYSTKICH \u015aWI\u0118TYCH &nbsp; &nbsp; Dzi\u015b przypada Uroczysto\u015b\u0107 Wszystkich \u015awi\u0119tych. Czcimy nasze siostry i braci, kt\u00f3rzy po ziemskiej pielgrzymce osi\u0105gn\u0119li Niebo. Dzisiaj msze \u015bw. o godz. 8, 9:30.11 i 18 wieczorem. Bardzo serdecznie zapraszam na msze \u015bw. Wiemy, \u017ce cmentarze s\u0105 zamkni\u0119te i nie ma [&hellip;]<\/p>\n","protected":false},"author":0,"featured_media":0,"comment_status":"closed","ping_status":"closed","sticky":false,"template":"","format":"standard","meta":{"ngg_post_thumbnail":0,"footnotes":""},"categories":[3],"tags":[],"class_list":["post-2255","post","type-post","status-publish","format-standard","hentry","category-ogloszenia"],"aioseo_notices":[],"_links":{"self":[{"href":"https:\/\/parafiakrzyzowa.pl\/index.php?rest_route=\/wp\/v2\/posts\/2255","targetHints":{"allow":["GET"]}}],"collection":[{"href":"https:\/\/parafiakrzyzowa.pl\/index.php?rest_route=\/wp\/v2\/posts"}],"about":[{"href":"https:\/\/parafiakrzyzowa.pl\/index.php?rest_route=\/wp\/v2\/types\/post"}],"replies":[{"embeddable":true,"href":"https:\/\/parafiakrzyzowa.pl\/index.php?rest_route=%2Fwp%2Fv2%2Fcomments&post=2255"}],"version-history":[{"count":1,"href":"https:\/\/parafiakrzyzowa.pl\/index.php?rest_route=\/wp\/v2\/posts\/2255\/revisions"}],"predecessor-version":[{"id":2256,"href":"https:\/\/parafiakrzyzowa.pl\/index.php?rest_route=\/wp\/v2\/posts\/2255\/revisions\/2256"}],"wp:attachment":[{"href":"https:\/\/parafiakrzyzowa.pl\/index.php?rest_route=%2Fwp%2Fv2%2Fmedia&parent=2255"}],"wp:term":[{"taxonomy":"category","embeddable":true,"href":"https:\/\/parafiakrzyzowa.pl\/index.php?rest_route=%2Fwp%2Fv2%2Fcategories&post=2255"},{"taxonomy":"post_tag","embeddable":true,"href":"https:\/\/parafiakrzyzowa.pl\/index.php?rest_route=%2Fwp%2Fv2%2Ftags&post=2255"}],"curies":[{"name":"wp","href":"https:\/\/api.w.org\/{rel}","templated":true}]}}