{"id":2258,"date":"2020-10-31T07:24:20","date_gmt":"2020-10-31T07:24:20","guid":{"rendered":"https:\/\/parafiakrzyzowa.pl\/?p=2258"},"modified":"2020-10-31T07:24:26","modified_gmt":"2020-10-31T07:24:26","slug":"2258","status":"publish","type":"post","link":"https:\/\/parafiakrzyzowa.pl\/?p=2258","title":{"rendered":""},"content":{"rendered":"<p>&nbsp;<\/p>\n<p><strong>\u00a0\u00a0\u00a0\u00a0\u00a0\u00a0\u00a0\u00a0\u00a0\u00a0\u00a0\u00a0\u00a0\u00a0\u00a0\u00a0\u00a0\u00a0\u00a0\u00a0\u00a0\u00a0\u00a0\u00a0\u00a0\u00a0\u00a0\u00a0\u00a0\u00a0\u00a0\u00a0\u00a0\u00a0\u00a0\u00a0\u00a0\u00a0\u00a0\u00a0\u00a0\u00a0\u00a0\u00a0\u00a0\u00a0\u00a0\u00a0\u00a0\u00a0\u00a0\u00a0\u00a0\u00a0\u00a0\u00a0\u00a0\u00a0\u00a0\u00a0\u00a0\u00a0\u00a0\u00a0\u00a0\u00a0\u00a0\u00a0\u00a0\u00a0\u00a0\u00a0\u00a0\u00a0\u00a0\u00a0\u00a0\u00a0 <\/strong><\/p>\n<p><strong>\u00a0\u00a0\u00a0\u00a0\u00a0\u00a0 \u00a0\u00a0\u00a0\u00a0\u00a0\u00a0\u00a0\u00a0\u00a0\u00a0\u00a0\u00a0\u00a0\u00a0\u00a0\u00a0\u00a0\u00a0\u00a0\u00a0\u00a0\u00a0\u00a0\u00a0\u00a0<\/strong><strong>\u00a0<u>INTENCJE MSZY\u00a0 \u015aWI\u0118TYCH<\/u><\/strong><\/p>\n<p>&nbsp;<\/p>\n<p><strong><u>NIEDZIELA 1. XI . 2020r.<\/u><\/strong><\/p>\n<p><strong><u>\u00a0<\/u><\/strong><\/p>\n<p>Godz. 8:00 \u00a0\u00a0&#8211;\u00a0\u00a0 ++ Agnieszka P\u0142aza w 22r. \u015bmierci m\u0105\u017c J\u00f3zef<\/p>\n<p>&nbsp;<\/p>\n<p>Godz.9:30 \u00a0\u00a0\u00a0&#8211;\u00a0 \u00a0\u00a0\u00a0\u00a0\u00a0\u00a0\u00a0W intencji Parafian<\/p>\n<p>&nbsp;<\/p>\n<p>Godz. 11\u00a0\u00a0 \u00a0\u00a0\u00a0&#8211; \u00a0\u00a0\u00a0\u00a0\u00a0\u00a0\u00a0\u00a0\u00a0Za zmar\u0142ych spoczywaj\u0105cych na naszym cmentarzu<\/p>\n<p>&nbsp;<\/p>\n<p>Godz. 18\u00a0\u00a0\u00a0\u00a0\u00a0 &#8211;\u00a0\u00a0 ++ J\u00f3zefa Majcherek m\u0105\u017c Franciszek<\/p>\n<p><strong><u>\u00a0<\/u><\/strong><\/p>\n<p><u>\u00a0<strong>PONIEDZIA\u0141EK \u00a02 . XI. 2020r.<\/strong> \u2013 <strong>DZIE\u0143 ZADUSZNY<\/strong>\u00a0\u00a0\u00a0\u00a0\u00a0\u00a0\u00a0\u00a0 <\/u><\/p>\n<p>&nbsp;<\/p>\n<p>Godz. 7 :00 \u00a0&#8211;\u00a0\u00a0\u00a0\u00a0\u00a0\u00a0\u00a0\u00a0 Za wszystkich wiernych zmar\u0142ych<\/p>\n<p>Godz. 8:30\u00a0\u00a0 &#8211;\u00a0\u00a0\u00a0\u00a0\u00a0\u00a0\u00a0\u00a0 W intencjach Ojca \u015bw.<\/p>\n<p>Godz. 17\u00a0\u00a0\u00a0\u00a0\u00a0 &#8211;\u00a0\u00a0\u00a0\u00a0\u00a0 + J\u00f3zef Michalec w 11r. \u015bmierci<\/p>\n<p><strong><u>\u00a0<\/u><\/strong><\/p>\n<p><strong><u>WTOREK 3. XI . 2020r.<\/u><\/strong><\/p>\n<p>&nbsp;<\/p>\n<p>Godz. 7:00\u00a0 \u00a0&#8211;\u00a0\u00a0\u00a0 \u00a0\u00a0\u00a0\u00a0\u00a0\u00a0W pewnej intencji<\/p>\n<p><strong><u>\u00a0<\/u><\/strong><\/p>\n<p><strong><u>\u015aRODA\u00a0 4. XI .\u00a0 2020r.<\/u><\/strong><\/p>\n<p>&nbsp;<\/p>\n<p>Godz. 17 \u00a0\u00a0\u00a0&#8211;\u00a0\u00a0\u00a0\u00a0\u00a0\u00a0 + Ireneusz Kozik<\/p>\n<p><strong><u>\u00a0<\/u><\/strong><\/p>\n<p><strong><u>CZWARTEK\u00a0 5. XI. 2020r. <\/u><\/strong><\/p>\n<p>&nbsp;<\/p>\n<p>Godz. 7:00\u00a0\u00a0 \u00a0&#8211;\u00a0\u00a0\u00a0 \u00a0+ J\u00f3zef \u015aliwka<\/p>\n<p><strong><u>\u00a0<\/u><\/strong><\/p>\n<p><strong><u>PI\u0104TEK \u00a06 . XI. 2020 r.<\/u><\/strong><\/p>\n<p><u>\u00a0<\/u><\/p>\n<p>Godz. 17\u00a0 &#8211;\u00a0 \u00a0\u00a0\u00a0\u00a0\u00a0\u00a0\u00a0\u00a0\u00a0\u00a0\u00a0\u00a0\u00a0Za zmar\u0142ych wypominanych<\/p>\n<p><strong><u>\u00a0<\/u><\/strong><\/p>\n<p><strong><u>SOBOTA 7. XI . 2020r.<\/u><\/strong><u>.<\/u><\/p>\n<p><u>\u00a0<\/u><\/p>\n<p>Godz. 17\u00a0 &#8211;\u00a0\u00a0\u00a0 \u00a0\u00a0\u00a0+\u00a0\u00a0\u00a0\u00a0 Kazimierz Pindel<\/p>\n<p><strong><u>NIEDZIELA \u00a08. XI . 2020r. <\/u><\/strong><\/p>\n<p>&nbsp;<\/p>\n<p>Godz.8:00 \u00a0\u00a0&#8211;\u00a0 \u00a0\u00a0++ Maria Z\u0105bek w 1r. \u015bmierci m\u0105\u017c Julian<\/p>\n<p>&nbsp;<\/p>\n<p>Godz.9:30 &#8211; \u00a0\u00a0\u00a0\u00a0\u00a0\u00a0\u00a0\u00a0\u00a0\u00a0\u00a0W intencji Parafian<\/p>\n<p>&nbsp;<\/p>\n<p>Godz.. 11\u00a0\u00a0\u00a0 &#8211;\u00a0\u00a0\u00a0\u00a0 ++ Wojciech i Rozalia G\u00f3ra<\/p>\n<p>&nbsp;<\/p>\n<p>Godz. 18 \u00a0\u00a0\u00a0\u00a0&#8211; \u00a0\u00a0\u00a0\u00a0\u00a0\u00a0+ J\u00f3zef Majcherek<\/p>\n<p>&nbsp;<\/p>\n","protected":false},"excerpt":{"rendered":"<p>&nbsp; \u00a0\u00a0\u00a0\u00a0\u00a0\u00a0\u00a0\u00a0\u00a0\u00a0\u00a0\u00a0\u00a0\u00a0\u00a0\u00a0\u00a0\u00a0\u00a0\u00a0\u00a0\u00a0\u00a0\u00a0\u00a0\u00a0\u00a0\u00a0\u00a0\u00a0\u00a0\u00a0\u00a0\u00a0\u00a0\u00a0\u00a0\u00a0\u00a0\u00a0\u00a0\u00a0\u00a0\u00a0\u00a0\u00a0\u00a0\u00a0\u00a0\u00a0\u00a0\u00a0\u00a0\u00a0\u00a0\u00a0\u00a0\u00a0\u00a0\u00a0\u00a0\u00a0\u00a0\u00a0\u00a0\u00a0\u00a0\u00a0\u00a0\u00a0\u00a0\u00a0\u00a0\u00a0\u00a0\u00a0\u00a0\u00a0 \u00a0\u00a0\u00a0\u00a0\u00a0\u00a0 \u00a0\u00a0\u00a0\u00a0\u00a0\u00a0\u00a0\u00a0\u00a0\u00a0\u00a0\u00a0\u00a0\u00a0\u00a0\u00a0\u00a0\u00a0\u00a0\u00a0\u00a0\u00a0\u00a0\u00a0\u00a0\u00a0INTENCJE MSZY\u00a0 \u015aWI\u0118TYCH &nbsp; NIEDZIELA 1. XI . 2020r. \u00a0 Godz. 8:00 \u00a0\u00a0&#8211;\u00a0\u00a0 ++ Agnieszka P\u0142aza w 22r. \u015bmierci m\u0105\u017c J\u00f3zef &nbsp; Godz.9:30 \u00a0\u00a0\u00a0&#8211;\u00a0 \u00a0\u00a0\u00a0\u00a0\u00a0\u00a0\u00a0W intencji Parafian &nbsp; Godz. 11\u00a0\u00a0 \u00a0\u00a0\u00a0&#8211; \u00a0\u00a0\u00a0\u00a0\u00a0\u00a0\u00a0\u00a0\u00a0Za zmar\u0142ych spoczywaj\u0105cych na naszym cmentarzu &nbsp; Godz. 18\u00a0\u00a0\u00a0\u00a0\u00a0 &#8211;\u00a0\u00a0 ++ J\u00f3zefa Majcherek m\u0105\u017c Franciszek \u00a0 \u00a0PONIEDZIA\u0141EK \u00a02 . XI. 2020r. [&hellip;]<\/p>\n","protected":false},"author":0,"featured_media":0,"comment_status":"closed","ping_status":"closed","sticky":false,"template":"","format":"standard","meta":{"ngg_post_thumbnail":0,"footnotes":""},"categories":[7],"tags":[],"class_list":["post-2258","post","type-post","status-publish","format-standard","hentry","category-intencje"],"aioseo_notices":[],"_links":{"self":[{"href":"https:\/\/parafiakrzyzowa.pl\/index.php?rest_route=\/wp\/v2\/posts\/2258","targetHints":{"allow":["GET"]}}],"collection":[{"href":"https:\/\/parafiakrzyzowa.pl\/index.php?rest_route=\/wp\/v2\/posts"}],"about":[{"href":"https:\/\/parafiakrzyzowa.pl\/index.php?rest_route=\/wp\/v2\/types\/post"}],"replies":[{"embeddable":true,"href":"https:\/\/parafiakrzyzowa.pl\/index.php?rest_route=%2Fwp%2Fv2%2Fcomments&post=2258"}],"version-history":[{"count":1,"href":"https:\/\/parafiakrzyzowa.pl\/index.php?rest_route=\/wp\/v2\/posts\/2258\/revisions"}],"predecessor-version":[{"id":2259,"href":"https:\/\/parafiakrzyzowa.pl\/index.php?rest_route=\/wp\/v2\/posts\/2258\/revisions\/2259"}],"wp:attachment":[{"href":"https:\/\/parafiakrzyzowa.pl\/index.php?rest_route=%2Fwp%2Fv2%2Fmedia&parent=2258"}],"wp:term":[{"taxonomy":"category","embeddable":true,"href":"https:\/\/parafiakrzyzowa.pl\/index.php?rest_route=%2Fwp%2Fv2%2Fcategories&post=2258"},{"taxonomy":"post_tag","embeddable":true,"href":"https:\/\/parafiakrzyzowa.pl\/index.php?rest_route=%2Fwp%2Fv2%2Ftags&post=2258"}],"curies":[{"name":"wp","href":"https:\/\/api.w.org\/{rel}","templated":true}]}}