{"id":2265,"date":"2020-11-07T13:34:07","date_gmt":"2020-11-07T13:34:07","guid":{"rendered":"https:\/\/parafiakrzyzowa.pl\/?p=2265"},"modified":"2020-11-07T13:34:16","modified_gmt":"2020-11-07T13:34:16","slug":"2265","status":"publish","type":"post","link":"https:\/\/parafiakrzyzowa.pl\/?p=2265","title":{"rendered":""},"content":{"rendered":"<p>&nbsp;<\/p>\n<p>Krzy\u017cowa 8. XI . 2020r.<\/p>\n<p><strong>\u00a0\u00a0\u00a0\u00a0\u00a0\u00a0\u00a0\u00a0\u00a0\u00a0\u00a0\u00a0\u00a0\u00a0\u00a0\u00a0\u00a0\u00a0\u00a0\u00a0\u00a0\u00a0\u00a0\u00a0\u00a0\u00a0\u00a0\u00a0\u00a0\u00a0\u00a0\u00a0\u00a0\u00a0\u00a0\u00a0\u00a0\u00a0\u00a0\u00a0\u00a0\u00a0\u00a0\u00a0\u00a0\u00a0\u00a0\u00a0\u00a0\u00a0\u00a0\u00a0\u00a0\u00a0\u00a0\u00a0\u00a0\u00a0\u00a0\u00a0\u00a0\u00a0\u00a0\u00a0\u00a0\u00a0\u00a0\u00a0\u00a0\u00a0\u00a0\u00a0\u00a0\u00a0\u00a0\u00a0\u00a0 <\/strong><\/p>\n<p><strong>\u00a0\u00a0\u00a0\u00a0\u00a0\u00a0\u00a0\u00a0\u00a0\u00a0\u00a0\u00a0\u00a0\u00a0\u00a0\u00a0\u00a0\u00a0\u00a0\u00a0\u00a0\u00a0\u00a0\u00a0\u00a0\u00a0\u00a0\u00a0\u00a0\u00a0\u00a0\u00a0\u00a0\u00a0\u00a0\u00a0 <\/strong><\/p>\n<p><strong>\u00a0<\/strong><\/p>\n<p><strong>\u00a0\u00a0\u00a0 \u00a0\u00a0\u00a0\u00a0\u00a0\u00a0\u00a0\u00a0\u00a0\u00a0\u00a0\u00a0\u00a0\u00a0\u00a0\u00a0\u00a0\u00a0\u00a0\u00a0\u00a0\u00a0\u00a0\u00a0\u00a0\u00a0\u00a0\u00a0\u00a0\u00a0\u00a0\u00a0\u00a0\u00a0\u00a0\u00a0\u00a0\u00a0<\/strong><strong><u>XXXII NIEDZIELA ZWYK\u0141A<\/u><\/strong><\/p>\n<p>&nbsp;<\/p>\n<p>Przypominam, \u017ce odpusty zupe\u0142ne mo\u017cna zyskiwa\u0107 przez ca\u0142y listopad nawiedzaj\u0105c cmentarz.<\/p>\n<p>&nbsp;<\/p>\n<p>Zapraszam na codzienn\u0105 msz\u0119 \u015bw. do naszego ko\u015bcio\u0142a. Je\u015bli kto\u015b nie uczestniczy we mszy \u015bw. niedzielnej to bardzo serdecznie zapraszam w dni powszednie. By\u0107 mo\u017ce nied\u0142ugo b\u0119dziemy wszyscy zamkni\u0119ci w domach, a jedynym miejscem gdzie b\u0119dziemy si\u0119 mogli spotka\u0107 to b\u0119dzie ko\u015bci\u00f3\u0142.<\/p>\n<p>&nbsp;<\/p>\n<p>W \u015brod\u0119 11 listopada zapraszam na modlitw\u0119 w intencji naszej Ojczyzny z okazji \u015bwi\u0119ta Niepodleg\u0142o\u015bci. Przed msz\u0105 \u015bw. prosz\u0119 o R\u00f3\u017caniec za Ojczyzn\u0119.<\/p>\n<p>&nbsp;<\/p>\n<p>Zach\u0119cam do nabywania prasy katolickiej.<\/p>\n<p>&nbsp;<\/p>\n<p>Bardzo prosz\u0119 aby\u015bcie zg\u0142aszali wszelkie pomy\u0142ki w nowych wypominkach.<\/p>\n<p>&nbsp;<\/p>\n<p>B\u00f3g zap\u0142a\u0107 za sprz\u0105tanie ko\u015bcio\u0142a w tym tygodniu. Nast\u0119pne sprz\u0105tanie b\u0119dzie w sobot\u0119 o godz. 9:00.<\/p>\n<p>Sprz\u0105taj\u0105 Panie: Anna W\u0105s Krystyna Bednarek Gra\u017cyna Nowak i Alicja Konior . Nie kupujemy kwiat\u00f3w.<\/p>\n<p>&nbsp;<\/p>\n<p>Dbajcie o siebie i naszych senior\u00f3w w czasie tej strasznej epidemii.<\/p>\n<p>&nbsp;<\/p>\n<p>Kalendarz liturgiczny<\/p>\n<p>&nbsp;<\/p>\n<p>Poniedzia\u0142ek \u2013 \u015bwi\u0119to Rocznicy po\u015bwi\u0119cenia Bazyliki na Lateranie<\/p>\n<p>Wtorek \u2013 wsp. \u015bw. Leona Wielkiego papie\u017ca i Doktora Ko\u015bcio\u0142a<\/p>\n<p>\u015aroda \u2013 wsp. \u015bw. Marcina z Tours biskupa<\/p>\n<p>Czwartek \u2013 wsp. \u015bw. \u015bw. Jozafata biskupa i m\u0119czennika<\/p>\n<p>Pi\u0105tek \u2013 wsp. \u015awi\u0119tych Benedykta Izaaka Jana Mateusza i Krystyna pierwszych m\u0119czennik\u00f3w Polski<\/p>\n<p>&nbsp;<\/p>\n","protected":false},"excerpt":{"rendered":"<p>&nbsp; Krzy\u017cowa 8. XI . 2020r. \u00a0\u00a0\u00a0\u00a0\u00a0\u00a0\u00a0\u00a0\u00a0\u00a0\u00a0\u00a0\u00a0\u00a0\u00a0\u00a0\u00a0\u00a0\u00a0\u00a0\u00a0\u00a0\u00a0\u00a0\u00a0\u00a0\u00a0\u00a0\u00a0\u00a0\u00a0\u00a0\u00a0\u00a0\u00a0\u00a0\u00a0\u00a0\u00a0\u00a0\u00a0\u00a0\u00a0\u00a0\u00a0\u00a0\u00a0\u00a0\u00a0\u00a0\u00a0\u00a0\u00a0\u00a0\u00a0\u00a0\u00a0\u00a0\u00a0\u00a0\u00a0\u00a0\u00a0\u00a0\u00a0\u00a0\u00a0\u00a0\u00a0\u00a0\u00a0\u00a0\u00a0\u00a0\u00a0\u00a0\u00a0 \u00a0\u00a0\u00a0\u00a0\u00a0\u00a0\u00a0\u00a0\u00a0\u00a0\u00a0\u00a0\u00a0\u00a0\u00a0\u00a0\u00a0\u00a0\u00a0\u00a0\u00a0\u00a0\u00a0\u00a0\u00a0\u00a0\u00a0\u00a0\u00a0\u00a0\u00a0\u00a0\u00a0\u00a0\u00a0\u00a0 \u00a0 \u00a0\u00a0\u00a0 \u00a0\u00a0\u00a0\u00a0\u00a0\u00a0\u00a0\u00a0\u00a0\u00a0\u00a0\u00a0\u00a0\u00a0\u00a0\u00a0\u00a0\u00a0\u00a0\u00a0\u00a0\u00a0\u00a0\u00a0\u00a0\u00a0\u00a0\u00a0\u00a0\u00a0\u00a0\u00a0\u00a0\u00a0\u00a0\u00a0\u00a0\u00a0XXXII NIEDZIELA ZWYK\u0141A &nbsp; Przypominam, \u017ce odpusty zupe\u0142ne mo\u017cna zyskiwa\u0107 przez ca\u0142y listopad nawiedzaj\u0105c cmentarz. &nbsp; Zapraszam na codzienn\u0105 msz\u0119 \u015bw. do naszego ko\u015bcio\u0142a. Je\u015bli kto\u015b nie uczestniczy we mszy \u015bw. niedzielnej to bardzo serdecznie zapraszam w dni powszednie. By\u0107 mo\u017ce nied\u0142ugo b\u0119dziemy wszyscy zamkni\u0119ci [&hellip;]<\/p>\n","protected":false},"author":0,"featured_media":0,"comment_status":"closed","ping_status":"closed","sticky":false,"template":"","format":"standard","meta":{"ngg_post_thumbnail":0,"footnotes":""},"categories":[3],"tags":[],"class_list":["post-2265","post","type-post","status-publish","format-standard","hentry","category-ogloszenia"],"aioseo_notices":[],"_links":{"self":[{"href":"https:\/\/parafiakrzyzowa.pl\/index.php?rest_route=\/wp\/v2\/posts\/2265","targetHints":{"allow":["GET"]}}],"collection":[{"href":"https:\/\/parafiakrzyzowa.pl\/index.php?rest_route=\/wp\/v2\/posts"}],"about":[{"href":"https:\/\/parafiakrzyzowa.pl\/index.php?rest_route=\/wp\/v2\/types\/post"}],"replies":[{"embeddable":true,"href":"https:\/\/parafiakrzyzowa.pl\/index.php?rest_route=%2Fwp%2Fv2%2Fcomments&post=2265"}],"version-history":[{"count":1,"href":"https:\/\/parafiakrzyzowa.pl\/index.php?rest_route=\/wp\/v2\/posts\/2265\/revisions"}],"predecessor-version":[{"id":2266,"href":"https:\/\/parafiakrzyzowa.pl\/index.php?rest_route=\/wp\/v2\/posts\/2265\/revisions\/2266"}],"wp:attachment":[{"href":"https:\/\/parafiakrzyzowa.pl\/index.php?rest_route=%2Fwp%2Fv2%2Fmedia&parent=2265"}],"wp:term":[{"taxonomy":"category","embeddable":true,"href":"https:\/\/parafiakrzyzowa.pl\/index.php?rest_route=%2Fwp%2Fv2%2Fcategories&post=2265"},{"taxonomy":"post_tag","embeddable":true,"href":"https:\/\/parafiakrzyzowa.pl\/index.php?rest_route=%2Fwp%2Fv2%2Ftags&post=2265"}],"curies":[{"name":"wp","href":"https:\/\/api.w.org\/{rel}","templated":true}]}}