{"id":2278,"date":"2020-11-21T12:41:39","date_gmt":"2020-11-21T12:41:39","guid":{"rendered":"https:\/\/parafiakrzyzowa.pl\/?p=2278"},"modified":"2020-11-21T12:41:59","modified_gmt":"2020-11-21T12:41:59","slug":"2278","status":"publish","type":"post","link":"https:\/\/parafiakrzyzowa.pl\/?p=2278","title":{"rendered":""},"content":{"rendered":"<p>&nbsp;<\/p>\n<p>Krzy\u017cowa 22. XI . 2020r.<\/p>\n<p><strong>\u00a0\u00a0\u00a0\u00a0\u00a0\u00a0\u00a0\u00a0\u00a0\u00a0\u00a0\u00a0\u00a0\u00a0\u00a0\u00a0\u00a0\u00a0\u00a0\u00a0\u00a0\u00a0\u00a0\u00a0\u00a0\u00a0\u00a0\u00a0\u00a0\u00a0\u00a0\u00a0\u00a0\u00a0\u00a0\u00a0\u00a0\u00a0\u00a0\u00a0\u00a0\u00a0\u00a0\u00a0\u00a0\u00a0\u00a0\u00a0\u00a0\u00a0\u00a0\u00a0\u00a0\u00a0\u00a0\u00a0\u00a0\u00a0\u00a0\u00a0\u00a0\u00a0\u00a0\u00a0\u00a0\u00a0\u00a0\u00a0\u00a0\u00a0\u00a0\u00a0\u00a0\u00a0\u00a0\u00a0\u00a0 <\/strong><\/p>\n<p><strong>\u00a0\u00a0\u00a0\u00a0\u00a0\u00a0\u00a0\u00a0\u00a0\u00a0\u00a0\u00a0\u00a0\u00a0\u00a0\u00a0\u00a0\u00a0\u00a0\u00a0\u00a0\u00a0\u00a0\u00a0\u00a0\u00a0\u00a0\u00a0\u00a0\u00a0\u00a0\u00a0\u00a0\u00a0\u00a0\u00a0 <\/strong><\/p>\n<p><strong>\u00a0<\/strong><\/p>\n<p><strong>\u00a0\u00a0\u00a0\u00a0\u00a0\u00a0\u00a0\u00a0\u00a0\u00a0\u00a0\u00a0\u00a0 <\/strong><strong><u>UROCZYSTO\u015a\u0106 CHRYSTUSA\u00a0 KR\u00d3LA WSZECH\u015aWIATA<\/u><\/strong><\/p>\n<p>&nbsp;<\/p>\n<p>&nbsp;<\/p>\n<p>Dzi\u015b prze\u017cywamy ostatni\u0105 niedziel\u0119 roku liturgicznego Ko\u015bcio\u0142a. Za tydzie\u0144 I niedziela Adwentu.<\/p>\n<p>&nbsp;<\/p>\n<p>Jak zwykle zapraszam na codzienn\u0105 msz\u0119 \u015bw, do naszego ko\u015bcio\u0142a. W \u015brod\u0119 przed msz\u0105 \u015bw.\u00a0\u00a0\u00a0\u00a0\u00a0\u00a0\u00a0\u00a0\u00a0\u00a0\u00a0\u00a0\u00a0\u00a0\u00a0\u00a0\u00a0\u00a0\u00a0\u00a0 \u00a0i Nowenn\u0105 do Matki Bo\u017cej Nieustaj\u0105cej Pomocy r\u00f3\u017caniec za Ojczyzn\u0119.<\/p>\n<p>Do ko\u0144ca listopada mo\u017cna zyskiwa\u0107 odpust zupe\u0142ny i ofiarowa\u0107 za zmar\u0142ych.<\/p>\n<p>&nbsp;<\/p>\n<p>Od dzi\u015b mo\u017cna nabywa\u0107 \u015bwiece Caritas na st\u00f3\u0142 wigilijny w ramach Wigilijnego Dzie\u0142a Pomocy Dzieciom. Bardzo serdecznie \u017ceby\u015bcie nabywali \u015bwiece jak najszybciej i prosz\u0119 o ofiarno\u015b\u0107.<\/p>\n<p>&nbsp;<\/p>\n<p>Op\u0142atki na st\u00f3\u0142 wigilijny b\u0119dzie mo\u017cna nabywa\u0107 tylko w ko\u015bciele u P. Organisty. Je\u015bli w dni powszednie nie b\u0119dzie Pana Organisty to op\u0142atki b\u0119d\u0105 w zakrystii. Nie b\u0119dzie op\u0142atk\u00f3w w sklepie.<\/p>\n<p>Dzi\u015b po\u015bwi\u0119cimy op\u0142atki na pierwszej mszy \u015bw.<\/p>\n<p>&nbsp;<\/p>\n<p>Bardzo serdecznie dzi\u0119kuj\u0119 za ofiary na syryjsk\u0105 ofiar\u0119 z Aleppo. Dzi\u0119kuj\u0119 wam bardzo , \u017ce pami\u0119tacie o tej rodzinie ju\u017c tyle lat<\/p>\n<p>&nbsp;<\/p>\n<p>Zach\u0119cam do nabywania prasy katolickiej<\/p>\n<p>&nbsp;<\/p>\n<p>Dzi\u0119kuj\u0119 za sprz\u0105tanie i za ofiar\u0119 na wieniec adwentowy Paniom kt\u00f3re sprz\u0105ta\u0142y w sobot\u0119 . Nast\u0119pne sprz\u0105tanie w sobot\u0119 najbli\u017csz\u0105 o godz. 9:00. Sprz\u0105taj\u0105 Panie: Agnieszka Mocek Barbara Wawak Ewa Strza\u0142ka i Teresa \u015acieszka<\/p>\n<p>&nbsp;<\/p>\n<p>Kalendarz liturgiczny<\/p>\n<p>&nbsp;<\/p>\n<p>Wtorek \u2013 wsp. \u015bwi\u0119tych m\u0119czennik\u00f3w Andrzeja Dung-Laca m\u0119czennika i Towarzyszy<\/p>\n","protected":false},"excerpt":{"rendered":"<p>&nbsp; Krzy\u017cowa 22. XI . 2020r. \u00a0\u00a0\u00a0\u00a0\u00a0\u00a0\u00a0\u00a0\u00a0\u00a0\u00a0\u00a0\u00a0\u00a0\u00a0\u00a0\u00a0\u00a0\u00a0\u00a0\u00a0\u00a0\u00a0\u00a0\u00a0\u00a0\u00a0\u00a0\u00a0\u00a0\u00a0\u00a0\u00a0\u00a0\u00a0\u00a0\u00a0\u00a0\u00a0\u00a0\u00a0\u00a0\u00a0\u00a0\u00a0\u00a0\u00a0\u00a0\u00a0\u00a0\u00a0\u00a0\u00a0\u00a0\u00a0\u00a0\u00a0\u00a0\u00a0\u00a0\u00a0\u00a0\u00a0\u00a0\u00a0\u00a0\u00a0\u00a0\u00a0\u00a0\u00a0\u00a0\u00a0\u00a0\u00a0\u00a0\u00a0 \u00a0\u00a0\u00a0\u00a0\u00a0\u00a0\u00a0\u00a0\u00a0\u00a0\u00a0\u00a0\u00a0\u00a0\u00a0\u00a0\u00a0\u00a0\u00a0\u00a0\u00a0\u00a0\u00a0\u00a0\u00a0\u00a0\u00a0\u00a0\u00a0\u00a0\u00a0\u00a0\u00a0\u00a0\u00a0\u00a0 \u00a0 \u00a0\u00a0\u00a0\u00a0\u00a0\u00a0\u00a0\u00a0\u00a0\u00a0\u00a0\u00a0\u00a0 UROCZYSTO\u015a\u0106 CHRYSTUSA\u00a0 KR\u00d3LA WSZECH\u015aWIATA &nbsp; &nbsp; Dzi\u015b prze\u017cywamy ostatni\u0105 niedziel\u0119 roku liturgicznego Ko\u015bcio\u0142a. Za tydzie\u0144 I niedziela Adwentu. &nbsp; Jak zwykle zapraszam na codzienn\u0105 msz\u0119 \u015bw, do naszego ko\u015bcio\u0142a. W \u015brod\u0119 przed msz\u0105 \u015bw.\u00a0\u00a0\u00a0\u00a0\u00a0\u00a0\u00a0\u00a0\u00a0\u00a0\u00a0\u00a0\u00a0\u00a0\u00a0\u00a0\u00a0\u00a0\u00a0\u00a0 \u00a0i Nowenn\u0105 do Matki Bo\u017cej Nieustaj\u0105cej Pomocy r\u00f3\u017caniec za Ojczyzn\u0119. Do [&hellip;]<\/p>\n","protected":false},"author":0,"featured_media":0,"comment_status":"closed","ping_status":"closed","sticky":false,"template":"","format":"standard","meta":{"ngg_post_thumbnail":0,"footnotes":""},"categories":[3],"tags":[],"class_list":["post-2278","post","type-post","status-publish","format-standard","hentry","category-ogloszenia"],"aioseo_notices":[],"_links":{"self":[{"href":"https:\/\/parafiakrzyzowa.pl\/index.php?rest_route=\/wp\/v2\/posts\/2278","targetHints":{"allow":["GET"]}}],"collection":[{"href":"https:\/\/parafiakrzyzowa.pl\/index.php?rest_route=\/wp\/v2\/posts"}],"about":[{"href":"https:\/\/parafiakrzyzowa.pl\/index.php?rest_route=\/wp\/v2\/types\/post"}],"replies":[{"embeddable":true,"href":"https:\/\/parafiakrzyzowa.pl\/index.php?rest_route=%2Fwp%2Fv2%2Fcomments&post=2278"}],"version-history":[{"count":1,"href":"https:\/\/parafiakrzyzowa.pl\/index.php?rest_route=\/wp\/v2\/posts\/2278\/revisions"}],"predecessor-version":[{"id":2279,"href":"https:\/\/parafiakrzyzowa.pl\/index.php?rest_route=\/wp\/v2\/posts\/2278\/revisions\/2279"}],"wp:attachment":[{"href":"https:\/\/parafiakrzyzowa.pl\/index.php?rest_route=%2Fwp%2Fv2%2Fmedia&parent=2278"}],"wp:term":[{"taxonomy":"category","embeddable":true,"href":"https:\/\/parafiakrzyzowa.pl\/index.php?rest_route=%2Fwp%2Fv2%2Fcategories&post=2278"},{"taxonomy":"post_tag","embeddable":true,"href":"https:\/\/parafiakrzyzowa.pl\/index.php?rest_route=%2Fwp%2Fv2%2Ftags&post=2278"}],"curies":[{"name":"wp","href":"https:\/\/api.w.org\/{rel}","templated":true}]}}