{"id":2322,"date":"2020-12-26T14:47:03","date_gmt":"2020-12-26T14:47:03","guid":{"rendered":"https:\/\/parafiakrzyzowa.pl\/?p=2322"},"modified":"2020-12-26T14:47:09","modified_gmt":"2020-12-26T14:47:09","slug":"2322","status":"publish","type":"post","link":"https:\/\/parafiakrzyzowa.pl\/?p=2322","title":{"rendered":""},"content":{"rendered":"<p>&nbsp;<\/p>\n<p>Krzy\u017cowa 27. XII . 2020r.<\/p>\n<p><strong>\u00a0\u00a0\u00a0\u00a0\u00a0\u00a0\u00a0\u00a0\u00a0\u00a0\u00a0\u00a0\u00a0\u00a0\u00a0\u00a0\u00a0\u00a0\u00a0\u00a0\u00a0\u00a0\u00a0\u00a0\u00a0\u00a0\u00a0\u00a0\u00a0\u00a0\u00a0\u00a0\u00a0\u00a0\u00a0\u00a0\u00a0\u00a0\u00a0\u00a0\u00a0\u00a0\u00a0\u00a0\u00a0\u00a0\u00a0\u00a0\u00a0\u00a0\u00a0\u00a0\u00a0\u00a0\u00a0\u00a0\u00a0\u00a0\u00a0\u00a0\u00a0\u00a0\u00a0\u00a0\u00a0\u00a0\u00a0\u00a0\u00a0\u00a0\u00a0\u00a0\u00a0\u00a0\u00a0\u00a0\u00a0 <\/strong><\/p>\n<p><strong>\u00a0\u00a0\u00a0\u00a0\u00a0\u00a0\u00a0\u00a0\u00a0\u00a0\u00a0\u00a0\u00a0\u00a0\u00a0\u00a0\u00a0\u00a0\u00a0\u00a0\u00a0\u00a0\u00a0\u00a0\u00a0\u00a0\u00a0\u00a0\u00a0\u00a0\u00a0\u00a0\u00a0\u00a0\u00a0\u00a0 <\/strong><\/p>\n<p><strong>\u00a0<\/strong><\/p>\n<p><strong>\u00a0\u00a0\u00a0\u00a0\u00a0\u00a0\u00a0\u00a0\u00a0\u00a0\u00a0 \u00a0\u00a0<\/strong><strong><u>\u015aWI\u0118TO \u015aWI\u0118TEJ RODZINY JEZUSA MARYI I J\u00d3ZEFA<\/u><\/strong><\/p>\n<p>&nbsp;<\/p>\n<p>Dzi\u015b jest ostatnia niedziela roku Pa\u0144skiego 2020. Wpatrujemy si\u0119 w \u015bwi\u0119t\u0105 Rodzin\u0119 i modlimy si\u0119 gor\u0105co, aby w naszej Ojczy\u017anie i parafii by\u0142o jak najwi\u0119cej takich rodzin.<\/p>\n<p>&nbsp;<\/p>\n<p>W czwartek ostatni dzie\u0144 Starego Roku . Zapraszam w ten dzie\u0144 na godz. 17 na uroczyste nieszpory z kazaniem . Od\u015bpiewamy Suplikacje za grzechy i niewierno\u015bci i Te Deum\u00a0 laudamus\u00a0 za wszystkie \u0142aski i Bo\u017ce b\u0142ogos\u0142awie\u0144stwo . To by\u0142 trudny rok pe\u0142ny do\u015bwiadcze\u0144 i pr\u00f3b , ale kto wytrwa do ko\u0144ca ten b\u0119dzie zbawiony.<\/p>\n<p>W pi\u0105tek pierwszy dzie\u0144 Nowego Roku 2021. Patronk\u0105 tego dnia jest \u015bwi\u0119ta Bo\u017ca Rodzicielka Maryja.<\/p>\n<p>Msze \u015bw. w naszym ko\u015bciele b\u0119d\u0105 o godz. 8, 9:30 ,11 i 18 .<\/p>\n<p>W \u015brod\u0119 serdecznie prosz\u0119 o R\u00f3\u017caniec za nasz\u0105 Ojczyzn\u0119.<\/p>\n<p>Sprz\u0105tanie ko\u015bcio\u0142a w tym tygodniu b\u0119dzie w \u015brod\u0119 po wieczornej mszy \u015bw. i w sobot\u0119 o godz. 9:00. W \u015brod\u0119 sprz\u0105taj\u0105 Panie: Maria Niewdana Barbara S\u0142owiczek Jadwiga Matuszna i Monika Szwarc<\/p>\n<p>W sobot\u0119 : Barbara Pastor Katarzyna Witas Bo\u017cena J\u0119drzejas i Maria P\u0142aza.<\/p>\n<p>Kalendarz liturgiczny<\/p>\n<p>&nbsp;<\/p>\n<p>Poniedzia\u0142ek \u2013\u015bwi\u0119to \u015bw. M\u0142odziank\u00f3w<\/p>\n<p>Pi\u0105tek \u2013 uroczysto\u015b\u0107 \u015awi\u0119tej Bo\u017cej Rodzicielki \/ Nowy Rok\/<\/p>\n<p>Sobota \u2013 wsp. \u015bwo=\u0119tych Bazylego Wielkiego i Grzegorza z Nazjanzu biskup\u00f3w i doktor\u00f3w K-\u0141a<\/p>\n<p>&nbsp;<\/p>\n","protected":false},"excerpt":{"rendered":"<p>&nbsp; Krzy\u017cowa 27. XII . 2020r. \u00a0\u00a0\u00a0\u00a0\u00a0\u00a0\u00a0\u00a0\u00a0\u00a0\u00a0\u00a0\u00a0\u00a0\u00a0\u00a0\u00a0\u00a0\u00a0\u00a0\u00a0\u00a0\u00a0\u00a0\u00a0\u00a0\u00a0\u00a0\u00a0\u00a0\u00a0\u00a0\u00a0\u00a0\u00a0\u00a0\u00a0\u00a0\u00a0\u00a0\u00a0\u00a0\u00a0\u00a0\u00a0\u00a0\u00a0\u00a0\u00a0\u00a0\u00a0\u00a0\u00a0\u00a0\u00a0\u00a0\u00a0\u00a0\u00a0\u00a0\u00a0\u00a0\u00a0\u00a0\u00a0\u00a0\u00a0\u00a0\u00a0\u00a0\u00a0\u00a0\u00a0\u00a0\u00a0\u00a0\u00a0 \u00a0\u00a0\u00a0\u00a0\u00a0\u00a0\u00a0\u00a0\u00a0\u00a0\u00a0\u00a0\u00a0\u00a0\u00a0\u00a0\u00a0\u00a0\u00a0\u00a0\u00a0\u00a0\u00a0\u00a0\u00a0\u00a0\u00a0\u00a0\u00a0\u00a0\u00a0\u00a0\u00a0\u00a0\u00a0\u00a0 \u00a0 \u00a0\u00a0\u00a0\u00a0\u00a0\u00a0\u00a0\u00a0\u00a0\u00a0\u00a0 \u00a0\u00a0\u015aWI\u0118TO \u015aWI\u0118TEJ RODZINY JEZUSA MARYI I J\u00d3ZEFA &nbsp; Dzi\u015b jest ostatnia niedziela roku Pa\u0144skiego 2020. Wpatrujemy si\u0119 w \u015bwi\u0119t\u0105 Rodzin\u0119 i modlimy si\u0119 gor\u0105co, aby w naszej Ojczy\u017anie i parafii by\u0142o jak najwi\u0119cej takich rodzin. &nbsp; W czwartek ostatni dzie\u0144 Starego Roku . Zapraszam w [&hellip;]<\/p>\n","protected":false},"author":0,"featured_media":0,"comment_status":"closed","ping_status":"closed","sticky":false,"template":"","format":"standard","meta":{"ngg_post_thumbnail":0,"footnotes":""},"categories":[3],"tags":[],"class_list":["post-2322","post","type-post","status-publish","format-standard","hentry","category-ogloszenia"],"aioseo_notices":[],"_links":{"self":[{"href":"https:\/\/parafiakrzyzowa.pl\/index.php?rest_route=\/wp\/v2\/posts\/2322","targetHints":{"allow":["GET"]}}],"collection":[{"href":"https:\/\/parafiakrzyzowa.pl\/index.php?rest_route=\/wp\/v2\/posts"}],"about":[{"href":"https:\/\/parafiakrzyzowa.pl\/index.php?rest_route=\/wp\/v2\/types\/post"}],"replies":[{"embeddable":true,"href":"https:\/\/parafiakrzyzowa.pl\/index.php?rest_route=%2Fwp%2Fv2%2Fcomments&post=2322"}],"version-history":[{"count":1,"href":"https:\/\/parafiakrzyzowa.pl\/index.php?rest_route=\/wp\/v2\/posts\/2322\/revisions"}],"predecessor-version":[{"id":2323,"href":"https:\/\/parafiakrzyzowa.pl\/index.php?rest_route=\/wp\/v2\/posts\/2322\/revisions\/2323"}],"wp:attachment":[{"href":"https:\/\/parafiakrzyzowa.pl\/index.php?rest_route=%2Fwp%2Fv2%2Fmedia&parent=2322"}],"wp:term":[{"taxonomy":"category","embeddable":true,"href":"https:\/\/parafiakrzyzowa.pl\/index.php?rest_route=%2Fwp%2Fv2%2Fcategories&post=2322"},{"taxonomy":"post_tag","embeddable":true,"href":"https:\/\/parafiakrzyzowa.pl\/index.php?rest_route=%2Fwp%2Fv2%2Ftags&post=2322"}],"curies":[{"name":"wp","href":"https:\/\/api.w.org\/{rel}","templated":true}]}}