{"id":2357,"date":"2021-01-16T08:27:19","date_gmt":"2021-01-16T08:27:19","guid":{"rendered":"https:\/\/parafiakrzyzowa.pl\/?p=2357"},"modified":"2021-01-16T08:27:25","modified_gmt":"2021-01-16T08:27:25","slug":"2357","status":"publish","type":"post","link":"https:\/\/parafiakrzyzowa.pl\/?p=2357","title":{"rendered":""},"content":{"rendered":"<p>Krzy\u017cowa 17. I . 2021 r.<\/p>\n<p><strong>\u00a0\u00a0\u00a0\u00a0\u00a0\u00a0\u00a0\u00a0\u00a0\u00a0\u00a0\u00a0\u00a0\u00a0\u00a0\u00a0\u00a0\u00a0\u00a0\u00a0\u00a0\u00a0\u00a0\u00a0\u00a0\u00a0\u00a0\u00a0\u00a0\u00a0\u00a0\u00a0\u00a0\u00a0\u00a0\u00a0\u00a0\u00a0\u00a0\u00a0\u00a0\u00a0\u00a0\u00a0\u00a0\u00a0\u00a0\u00a0\u00a0\u00a0\u00a0\u00a0\u00a0\u00a0\u00a0\u00a0\u00a0\u00a0\u00a0\u00a0\u00a0\u00a0\u00a0\u00a0\u00a0\u00a0\u00a0\u00a0\u00a0\u00a0\u00a0\u00a0\u00a0\u00a0\u00a0\u00a0\u00a0 <\/strong><\/p>\n<p><strong>\u00a0\u00a0\u00a0\u00a0\u00a0\u00a0\u00a0\u00a0\u00a0\u00a0\u00a0\u00a0\u00a0\u00a0\u00a0\u00a0\u00a0\u00a0\u00a0\u00a0\u00a0\u00a0\u00a0\u00a0\u00a0\u00a0\u00a0\u00a0\u00a0\u00a0\u00a0\u00a0\u00a0\u00a0\u00a0\u00a0 <\/strong><\/p>\n<p><strong>\u00a0<\/strong><\/p>\n<p><strong>\u00a0\u00a0\u00a0\u00a0\u00a0\u00a0\u00a0\u00a0\u00a0\u00a0\u00a0\u00a0\u00a0\u00a0\u00a0\u00a0\u00a0\u00a0\u00a0\u00a0\u00a0\u00a0\u00a0\u00a0\u00a0\u00a0\u00a0\u00a0\u00a0\u00a0\u00a0\u00a0\u00a0\u00a0\u00a0\u00a0\u00a0\u00a0\u00a0\u00a0\u00a0\u00a0\u00a0\u00a0\u00a0\u00a0\u00a0\u00a0\u00a0\u00a0 <\/strong><strong><u>II NIEDZIELA ZWYK\u0141A<\/u><\/strong><\/p>\n<p>&nbsp;<\/p>\n<p>&nbsp;<\/p>\n<p>&nbsp;<\/p>\n<p>Ko\u0144cz\u0105 si\u0119 ferie zimowe dla dzieci i m\u0142odzie\u017cy szkolnej. Uczniowie klasy I II i III id\u0105 do szko\u0142y ,\u00a0 \u00a0 \u00a0 \u00a0 \u00a0 \u00a0a pozostali\u00a0 poprzez no\u015bniki elektroniczne b\u0119d\u0105 kontynuowa\u0107 nauk\u0119. Wszystkim \u017cycz\u0119 wytrwa\u0142o\u015bci<\/p>\n<p>i systematyczno\u015bci w nauce. Nauczycielom wiele si\u0142 i zdrowia.<\/p>\n<p>&nbsp;<\/p>\n<p>Rozpocz\u0119\u0142y si\u0119 szczepienia na Covid-19. W zwi\u0105zku z tym Pani W\u00f3jt kieruje w tej sprawie pro\u015bb\u0119 kt\u00f3r\u0105 przeczytam i jest ona r\u00f3wnie\u017c na stronie internetowej naszej Parafii. Bardzo serdecznie prosz\u0119 aby naszym seniorom 80+ i 70+ pom\u00f3c si\u0119 zarejestrowa\u0107 i ewentualne dowie\u017a\u0107 do punktu szczepie\u0144.<\/p>\n<p>&nbsp;<\/p>\n<p>Bardzo serdecznie dzi\u0119kuj\u0119 w imieniu ministrant\u00f3w i lektor\u00f3w za ofiary z\u0142o\u017cone dla nich w czasie niedzielnej kol\u0119dy.<\/p>\n<p>&nbsp;<\/p>\n<p>Mamy 7 kandydat\u00f3w na ministrant\u00f3w . Bardzo serdecznie dzi\u0119kuj\u0119 rodzicom za to, \u017ce pozwolili \u017ceby dzieci mog\u0142y s\u0142u\u017cy\u0107 Panu Jezusowi przy O\u0142tarzu.<\/p>\n<p>&nbsp;<\/p>\n<p>Zapraszam n\/bardzo serdecznie na codzienn\u0105 msz\u0119 \u015bw. do naszego ko\u015bcio\u0142a. Niech pogod nie b\u0119dzie przyczyn\u0105 , \u017ce w ko\u015bciele jest tylko nieliczna garstka wiernych. Przed nowenn\u0105 do Matki Bo\u017cej Nieustaj\u0105cej Pomocy w \u015brod\u0119 b\u0119dzie r\u00f3\u017caniec o powstrzymanie epidemii.<\/p>\n<p>&nbsp;<\/p>\n<p>Zach\u0119cam do nabywania prasy katolickiej.<\/p>\n<p>&nbsp;<\/p>\n<p>Dzi\u0119kuj\u0119 za sprz\u0105tanie ko\u015bcio\u0142a w tym tygodniu. Nast\u0119pne b\u0119dzie w sobot\u0119 o godz. 9:00. Sprz\u0105taj\u0105 Panie: Ciupka W\u0142adys\u0142awa Cudzich Katarzyna Michalec Maria i Spyrka Agata<\/p>\n<p>&nbsp;<\/p>\n<p>Kalendarz liturgiczny<\/p>\n<p>&nbsp;<\/p>\n<p>Wtorek \u2013 wsp. \u015bw. J\u00f3zefa Pelczara biskupa<\/p>\n<p>Czwartek \u2013 wsp. \u015bw. Agnieszki dziewicy i m\u0119czennicy<\/p>\n<p>&nbsp;<\/p>\n<p>W ostatnim tygodniu odeszli z naszej rodziny parafialnej do Pana po weczn\u0105 nagrod\u0119 \u015bp Jan Kami\u0144ski i Tadeusz S\u0142owik\u00a0\u00a0\u00a0\u00a0\u00a0\u00a0\u00a0\u00a0\u00a0\u00a0\u00a0\u00a0\u00a0\u00a0\u00a0\u00a0\u00a0\u00a0\u00a0\u00a0\u00a0\u00a0 wieczny odpoczynek racz mu da\u0107 Panie<\/p>\n<p>&nbsp;<\/p>\n","protected":false},"excerpt":{"rendered":"<p>Krzy\u017cowa 17. I . 2021 r. \u00a0\u00a0\u00a0\u00a0\u00a0\u00a0\u00a0\u00a0\u00a0\u00a0\u00a0\u00a0\u00a0\u00a0\u00a0\u00a0\u00a0\u00a0\u00a0\u00a0\u00a0\u00a0\u00a0\u00a0\u00a0\u00a0\u00a0\u00a0\u00a0\u00a0\u00a0\u00a0\u00a0\u00a0\u00a0\u00a0\u00a0\u00a0\u00a0\u00a0\u00a0\u00a0\u00a0\u00a0\u00a0\u00a0\u00a0\u00a0\u00a0\u00a0\u00a0\u00a0\u00a0\u00a0\u00a0\u00a0\u00a0\u00a0\u00a0\u00a0\u00a0\u00a0\u00a0\u00a0\u00a0\u00a0\u00a0\u00a0\u00a0\u00a0\u00a0\u00a0\u00a0\u00a0\u00a0\u00a0\u00a0 \u00a0\u00a0\u00a0\u00a0\u00a0\u00a0\u00a0\u00a0\u00a0\u00a0\u00a0\u00a0\u00a0\u00a0\u00a0\u00a0\u00a0\u00a0\u00a0\u00a0\u00a0\u00a0\u00a0\u00a0\u00a0\u00a0\u00a0\u00a0\u00a0\u00a0\u00a0\u00a0\u00a0\u00a0\u00a0\u00a0 \u00a0 \u00a0\u00a0\u00a0\u00a0\u00a0\u00a0\u00a0\u00a0\u00a0\u00a0\u00a0\u00a0\u00a0\u00a0\u00a0\u00a0\u00a0\u00a0\u00a0\u00a0\u00a0\u00a0\u00a0\u00a0\u00a0\u00a0\u00a0\u00a0\u00a0\u00a0\u00a0\u00a0\u00a0\u00a0\u00a0\u00a0\u00a0\u00a0\u00a0\u00a0\u00a0\u00a0\u00a0\u00a0\u00a0\u00a0\u00a0\u00a0\u00a0\u00a0 II NIEDZIELA ZWYK\u0141A &nbsp; &nbsp; &nbsp; Ko\u0144cz\u0105 si\u0119 ferie zimowe dla dzieci i m\u0142odzie\u017cy szkolnej. Uczniowie klasy I II i III id\u0105 do szko\u0142y ,\u00a0 \u00a0 \u00a0 \u00a0 \u00a0 \u00a0a pozostali\u00a0 poprzez no\u015bniki elektroniczne b\u0119d\u0105 kontynuowa\u0107 nauk\u0119. Wszystkim \u017cycz\u0119 wytrwa\u0142o\u015bci i systematyczno\u015bci w nauce. Nauczycielom [&hellip;]<\/p>\n","protected":false},"author":0,"featured_media":0,"comment_status":"closed","ping_status":"closed","sticky":false,"template":"","format":"standard","meta":{"ngg_post_thumbnail":0,"footnotes":""},"categories":[3],"tags":[],"class_list":["post-2357","post","type-post","status-publish","format-standard","hentry","category-ogloszenia"],"aioseo_notices":[],"_links":{"self":[{"href":"https:\/\/parafiakrzyzowa.pl\/index.php?rest_route=\/wp\/v2\/posts\/2357","targetHints":{"allow":["GET"]}}],"collection":[{"href":"https:\/\/parafiakrzyzowa.pl\/index.php?rest_route=\/wp\/v2\/posts"}],"about":[{"href":"https:\/\/parafiakrzyzowa.pl\/index.php?rest_route=\/wp\/v2\/types\/post"}],"replies":[{"embeddable":true,"href":"https:\/\/parafiakrzyzowa.pl\/index.php?rest_route=%2Fwp%2Fv2%2Fcomments&post=2357"}],"version-history":[{"count":1,"href":"https:\/\/parafiakrzyzowa.pl\/index.php?rest_route=\/wp\/v2\/posts\/2357\/revisions"}],"predecessor-version":[{"id":2358,"href":"https:\/\/parafiakrzyzowa.pl\/index.php?rest_route=\/wp\/v2\/posts\/2357\/revisions\/2358"}],"wp:attachment":[{"href":"https:\/\/parafiakrzyzowa.pl\/index.php?rest_route=%2Fwp%2Fv2%2Fmedia&parent=2357"}],"wp:term":[{"taxonomy":"category","embeddable":true,"href":"https:\/\/parafiakrzyzowa.pl\/index.php?rest_route=%2Fwp%2Fv2%2Fcategories&post=2357"},{"taxonomy":"post_tag","embeddable":true,"href":"https:\/\/parafiakrzyzowa.pl\/index.php?rest_route=%2Fwp%2Fv2%2Ftags&post=2357"}],"curies":[{"name":"wp","href":"https:\/\/api.w.org\/{rel}","templated":true}]}}