{"id":2366,"date":"2021-01-30T07:14:22","date_gmt":"2021-01-30T07:14:22","guid":{"rendered":"https:\/\/parafiakrzyzowa.pl\/?p=2366"},"modified":"2021-01-30T07:14:29","modified_gmt":"2021-01-30T07:14:29","slug":"2366","status":"publish","type":"post","link":"https:\/\/parafiakrzyzowa.pl\/?p=2366","title":{"rendered":""},"content":{"rendered":"<p>&nbsp;<\/p>\n<p><strong>\u00a0\u00a0\u00a0\u00a0\u00a0\u00a0\u00a0\u00a0\u00a0\u00a0\u00a0\u00a0\u00a0\u00a0\u00a0\u00a0\u00a0\u00a0\u00a0\u00a0\u00a0\u00a0\u00a0\u00a0\u00a0\u00a0\u00a0\u00a0\u00a0\u00a0\u00a0\u00a0\u00a0\u00a0\u00a0\u00a0\u00a0\u00a0\u00a0\u00a0\u00a0\u00a0\u00a0\u00a0\u00a0\u00a0\u00a0\u00a0\u00a0\u00a0\u00a0\u00a0\u00a0\u00a0\u00a0\u00a0\u00a0\u00a0\u00a0\u00a0\u00a0\u00a0\u00a0\u00a0\u00a0\u00a0\u00a0\u00a0\u00a0\u00a0\u00a0\u00a0\u00a0\u00a0\u00a0\u00a0\u00a0\u00a0 <\/strong><\/p>\n<p><strong>\u00a0\u00a0\u00a0\u00a0\u00a0\u00a0 \u00a0\u00a0\u00a0\u00a0\u00a0\u00a0\u00a0\u00a0\u00a0\u00a0\u00a0\u00a0\u00a0\u00a0\u00a0\u00a0\u00a0\u00a0\u00a0\u00a0\u00a0\u00a0\u00a0\u00a0\u00a0<\/strong><strong>\u00a0<u>INTENCJE MSZY\u00a0 \u015aWI\u0118TYCH<\/u><\/strong><\/p>\n<p>&nbsp;<\/p>\n<p><strong><u>NIEDZIELA 31. I. 2021r.<\/u><\/strong><\/p>\n<p><strong><u>\u00a0<\/u><\/strong><\/p>\n<p>Godz. 8:00 \u00a0\u00a0&#8211;\u00a0\u00a0\u00a0 ++ Rudolf Kwocza\u0142a i rodzice<\/p>\n<p>&nbsp;<\/p>\n<p>Godz.9:30 \u00a0\u00a0\u00a0&#8211;\u00a0 \u00a0\u00a0\u00a0\u00a0\u00a0+ Piotr Cicho\u0144<\/p>\n<p>&nbsp;<\/p>\n<p>Godz. 11\u00a0\u00a0 \u00a0\u00a0\u00a0&#8211; \u00a0\u00a0\u00a0\u00a0\u00a0\u00a0\u00a0\u00a0\u00a0\u00a0W intencji Parafii<\/p>\n<p>&nbsp;<\/p>\n<p>Godz. 18\u00a0\u00a0\u00a0\u00a0\u00a0 &#8211;\u00a0 \u00a0\u00a0\u00a0\u00a0\u00a0\u00a0+ Piotr Cicho\u0144<\/p>\n<p><strong><u>\u00a0<\/u><\/strong><\/p>\n<p><u>\u00a0<strong>PONIEDZIA\u0141EK \u00a01. II. 2021r.<\/strong>\u00a0\u00a0\u00a0\u00a0\u00a0\u00a0\u00a0\u00a0 <\/u><\/p>\n<p>&nbsp;<\/p>\n<p>Godz. 17\u00a0\u00a0\u00a0\u00a0\u00a0 &#8211;\u00a0 \u00a0\u00a0\u00a0\u00a0\u00a0\u00a0\u00a0+ Kazimierz Bia\u0142o\u0144<\/p>\n<p><strong><u>\u00a0<\/u><\/strong><\/p>\n<p><strong><u>WTOREK 2. II. 2021r.- OFIAROWANIE\u00a0 PA\u0143SKIE<\/u><\/strong><\/p>\n<p>&nbsp;<\/p>\n<p>Godz. 8:00\u00a0 \u00a0&#8211;\u00a0\u00a0\u00a0 \u00a0\u00a0\u00a0++ Maria\u00a0 Kami\u0144ska i rodzice Anna i Franciszek<\/p>\n<p>Godz. 17\u00a0\u00a0\u00a0\u00a0\u00a0 &#8211;\u00a0\u00a0\u00a0\u00a0\u00a0\u00a0 ++ W\u0142adys\u0142aw Krzesak w 4r. \u015bmierci \u017cona Anna<\/p>\n<p><strong><u>\u00a0<\/u><\/strong><\/p>\n<p><strong><u>\u015aRODA\u00a0 3. II .\u00a0 2021r.<\/u><\/strong><\/p>\n<p>&nbsp;<\/p>\n<p>Godz.17\u00a0\u00a0\u00a0\u00a0\u00a0\u00a0\u00a0 &#8211;\u00a0\u00a0\u00a0\u00a0\u00a0\u00a0 ++ Karol i Maria Kaprakowie<\/p>\n<p><strong><u>\u00a0<\/u><\/strong><\/p>\n<p><strong><u>CZWARTEK\u00a0 4. II. 2021r. <\/u><\/strong><\/p>\n<p>&nbsp;<\/p>\n<p>Godz. 17\u00a0\u00a0\u00a0\u00a0 \u00a0\u00a0\u00a0&#8211;\u00a0\u00a0\u00a0 \u00a0\u00a0\u00a0\u00a0\u00a0\u00a0\u00a0\u00a0W intencji kap\u0142an\u00f3w i o nowe powo\u0142ania kap\u0142a\u0144skie<\/p>\n<p><strong><u>\u00a0<\/u><\/strong><\/p>\n<p><strong><u>PI\u0104TEK 5 .II. 2021 r. <\/u><\/strong><\/p>\n<p>&nbsp;<\/p>\n<p>Godz. 17\u00a0 &#8211;\u00a0\u00a0\u00a0\u00a0\u00a0\u00a0 \u00a0\u00a0\u00a0\u00a0\u00a0\u00a0\u00a0\u00a0\u00a0\u00a0\u00a0\u00a0Za zmar\u0142ych wypominanych<\/p>\n<p><strong><u>\u00a0<\/u><\/strong><\/p>\n<p><strong><u>SOBOTA 6. II . 2021r.<\/u><\/strong><\/p>\n<p>&nbsp;<\/p>\n<p>Godz. 17\u00a0\u00a0\u00a0 &#8211;\u00a0\u00a0\u00a0\u00a0\u00a0 \u00a0\u00a0++ Stanis\u0142aw Piela \u017cona Wiktoria<\/p>\n<p><strong><u>\u00a0<\/u><\/strong><\/p>\n<p><strong><u>NIEDZIELA 7 . II . 2021r. <\/u><\/strong><\/p>\n<p>&nbsp;<\/p>\n<p>Godz.8:00 \u00a0\u00a0&#8211;\u00a0 \u00a0\u00a0\u00a0\u00a0\u00a0++ Rozalia Duraj m\u0105\u017c Wojciech syn Czes\u0142aw<\/p>\n<p>&nbsp;<\/p>\n<p>Godz.9:30 \u00a0\u00a0&#8211; \u00a0\u00a0\u00a0\u00a0\u00a0\u00a0\u00a0++ Karolina Krzy\u017cowska 2 m\u0119\u017c\u00f3w Jan i Wojciech<\/p>\n<p>&nbsp;<\/p>\n<p>Godz.. 11\u00a0\u00a0 \u00a0&#8211;\u00a0 \u00a0\u00a0\u00a0\u00a0\u00a0\u00a0\u00a0++ W\u0142adys\u0142aw Pastor w 17r. \u015bmierci \u017cona Weronika w 4r. \u015bmierci<\/p>\n<p>&nbsp;<\/p>\n<p>Godz. 18 \u00a0\u00a0\u00a0\u00a0&#8211; \u00a0\u00a0\u00a0\u00a0\u00a0\u00a0\u00a0\u00a0\u00a0\u00a0\u00a0\u00a0\u00a0W intencji Parafian<\/p>\n","protected":false},"excerpt":{"rendered":"<p>&nbsp; \u00a0\u00a0\u00a0\u00a0\u00a0\u00a0\u00a0\u00a0\u00a0\u00a0\u00a0\u00a0\u00a0\u00a0\u00a0\u00a0\u00a0\u00a0\u00a0\u00a0\u00a0\u00a0\u00a0\u00a0\u00a0\u00a0\u00a0\u00a0\u00a0\u00a0\u00a0\u00a0\u00a0\u00a0\u00a0\u00a0\u00a0\u00a0\u00a0\u00a0\u00a0\u00a0\u00a0\u00a0\u00a0\u00a0\u00a0\u00a0\u00a0\u00a0\u00a0\u00a0\u00a0\u00a0\u00a0\u00a0\u00a0\u00a0\u00a0\u00a0\u00a0\u00a0\u00a0\u00a0\u00a0\u00a0\u00a0\u00a0\u00a0\u00a0\u00a0\u00a0\u00a0\u00a0\u00a0\u00a0\u00a0\u00a0 \u00a0\u00a0\u00a0\u00a0\u00a0\u00a0 \u00a0\u00a0\u00a0\u00a0\u00a0\u00a0\u00a0\u00a0\u00a0\u00a0\u00a0\u00a0\u00a0\u00a0\u00a0\u00a0\u00a0\u00a0\u00a0\u00a0\u00a0\u00a0\u00a0\u00a0\u00a0\u00a0INTENCJE MSZY\u00a0 \u015aWI\u0118TYCH &nbsp; NIEDZIELA 31. I. 2021r. \u00a0 Godz. 8:00 \u00a0\u00a0&#8211;\u00a0\u00a0\u00a0 ++ Rudolf Kwocza\u0142a i rodzice &nbsp; Godz.9:30 \u00a0\u00a0\u00a0&#8211;\u00a0 \u00a0\u00a0\u00a0\u00a0\u00a0+ Piotr Cicho\u0144 &nbsp; Godz. 11\u00a0\u00a0 \u00a0\u00a0\u00a0&#8211; \u00a0\u00a0\u00a0\u00a0\u00a0\u00a0\u00a0\u00a0\u00a0\u00a0W intencji Parafii &nbsp; Godz. 18\u00a0\u00a0\u00a0\u00a0\u00a0 &#8211;\u00a0 \u00a0\u00a0\u00a0\u00a0\u00a0\u00a0+ Piotr Cicho\u0144 \u00a0 \u00a0PONIEDZIA\u0141EK \u00a01. II. 2021r.\u00a0\u00a0\u00a0\u00a0\u00a0\u00a0\u00a0\u00a0 &nbsp; Godz. 17\u00a0\u00a0\u00a0\u00a0\u00a0 &#8211;\u00a0 \u00a0\u00a0\u00a0\u00a0\u00a0\u00a0\u00a0+ Kazimierz Bia\u0142o\u0144 \u00a0 WTOREK 2. [&hellip;]<\/p>\n","protected":false},"author":0,"featured_media":0,"comment_status":"closed","ping_status":"closed","sticky":false,"template":"","format":"standard","meta":{"ngg_post_thumbnail":0,"footnotes":""},"categories":[1],"tags":[],"class_list":["post-2366","post","type-post","status-publish","format-standard","hentry","category-kazania"],"aioseo_notices":[],"_links":{"self":[{"href":"https:\/\/parafiakrzyzowa.pl\/index.php?rest_route=\/wp\/v2\/posts\/2366","targetHints":{"allow":["GET"]}}],"collection":[{"href":"https:\/\/parafiakrzyzowa.pl\/index.php?rest_route=\/wp\/v2\/posts"}],"about":[{"href":"https:\/\/parafiakrzyzowa.pl\/index.php?rest_route=\/wp\/v2\/types\/post"}],"replies":[{"embeddable":true,"href":"https:\/\/parafiakrzyzowa.pl\/index.php?rest_route=%2Fwp%2Fv2%2Fcomments&post=2366"}],"version-history":[{"count":1,"href":"https:\/\/parafiakrzyzowa.pl\/index.php?rest_route=\/wp\/v2\/posts\/2366\/revisions"}],"predecessor-version":[{"id":2367,"href":"https:\/\/parafiakrzyzowa.pl\/index.php?rest_route=\/wp\/v2\/posts\/2366\/revisions\/2367"}],"wp:attachment":[{"href":"https:\/\/parafiakrzyzowa.pl\/index.php?rest_route=%2Fwp%2Fv2%2Fmedia&parent=2366"}],"wp:term":[{"taxonomy":"category","embeddable":true,"href":"https:\/\/parafiakrzyzowa.pl\/index.php?rest_route=%2Fwp%2Fv2%2Fcategories&post=2366"},{"taxonomy":"post_tag","embeddable":true,"href":"https:\/\/parafiakrzyzowa.pl\/index.php?rest_route=%2Fwp%2Fv2%2Ftags&post=2366"}],"curies":[{"name":"wp","href":"https:\/\/api.w.org\/{rel}","templated":true}]}}