{"id":2369,"date":"2021-01-30T07:15:30","date_gmt":"2021-01-30T07:15:30","guid":{"rendered":"https:\/\/parafiakrzyzowa.pl\/?p=2369"},"modified":"2021-01-30T07:15:39","modified_gmt":"2021-01-30T07:15:39","slug":"2369","status":"publish","type":"post","link":"https:\/\/parafiakrzyzowa.pl\/?p=2369","title":{"rendered":""},"content":{"rendered":"<p>Krzy\u017cowa 31. I . 2021 r.<\/p>\n<p><strong>\u00a0\u00a0\u00a0\u00a0\u00a0\u00a0\u00a0\u00a0\u00a0\u00a0\u00a0\u00a0\u00a0\u00a0\u00a0\u00a0\u00a0\u00a0\u00a0\u00a0\u00a0\u00a0\u00a0\u00a0\u00a0\u00a0\u00a0\u00a0\u00a0\u00a0\u00a0\u00a0\u00a0\u00a0\u00a0\u00a0\u00a0\u00a0\u00a0\u00a0\u00a0\u00a0\u00a0\u00a0\u00a0\u00a0\u00a0\u00a0\u00a0\u00a0\u00a0\u00a0\u00a0\u00a0\u00a0\u00a0\u00a0\u00a0\u00a0\u00a0\u00a0\u00a0\u00a0\u00a0\u00a0\u00a0\u00a0\u00a0\u00a0\u00a0\u00a0\u00a0\u00a0\u00a0\u00a0\u00a0\u00a0 <\/strong><\/p>\n<p><strong>\u00a0\u00a0\u00a0\u00a0\u00a0\u00a0\u00a0\u00a0\u00a0\u00a0\u00a0\u00a0\u00a0\u00a0\u00a0\u00a0\u00a0\u00a0\u00a0\u00a0\u00a0\u00a0\u00a0\u00a0\u00a0\u00a0\u00a0\u00a0\u00a0\u00a0\u00a0\u00a0\u00a0\u00a0\u00a0\u00a0 <\/strong><\/p>\n<p><strong>\u00a0<\/strong><\/p>\n<p><strong>\u00a0\u00a0\u00a0\u00a0\u00a0\u00a0\u00a0\u00a0\u00a0\u00a0\u00a0 \u00a0\u00a0\u00a0\u00a0\u00a0\u00a0\u00a0\u00a0\u00a0\u00a0\u00a0\u00a0\u00a0\u00a0\u00a0\u00a0\u00a0\u00a0\u00a0\u00a0\u00a0\u00a0\u00a0\u00a0\u00a0\u00a0\u00a0\u00a0\u00a0\u00a0\u00a0\u00a0\u00a0\u00a0\u00a0\u00a0\u00a0\u00a0\u00a0<\/strong><strong><u>IV NIEDZIELA ZWYK\u0141A<\/u><\/strong><\/p>\n<p>&nbsp;<\/p>\n<p>&nbsp;<\/p>\n<p>&nbsp;<\/p>\n<p>Dzi\u015b ostatnia niedziela stycznia. Bardzo serdecznie dzi\u0119kuj\u0119 OO Dominikanom\u00a0 z Korbielowa za zast\u0119pstwo przez ostatnie kilka dni w naszej Parafii. Wielkie B\u00f3g zap\u0142a\u0107 za ch\u0119tn\u0105 i pe\u0142n\u0105 zrozumienia pomoc. \u00a0Ca\u0142ej parafii dzi\u0119kuj\u0119 za trosk\u0119 i opiek\u0119 w czasie mojej niedyspozycji. Je\u015bli b\u0119d\u0119 si\u0119 musia\u0142 uda\u0107 do szpitala , a wydaje si\u0119 to nieodzowne wszystkie sprawy zw\u0142aszcza pogrzebowe trzeba b\u0119dzie za\u0142atwia\u0107 i OO. Dominikan\u00f3w.<\/p>\n<p>&nbsp;<\/p>\n<p>We wtorek przypada \u015bwi\u0119to Ofiarowania Pa\u0144skiego czyli Matki Bo\u017cej Gromnicznej. Msze \u015bw.\u00a0 \u00a0 \u00a0 \u00a0 \u00a0 \u00a0 \u00a0w naszym ko\u015bciele\u00a0 o godz. 8 i 17 wieczorem. Na msze \u015bw. przynosimy \u015bwiece kt\u00f3re nazywamy gromnicami.<\/p>\n<p>&nbsp;<\/p>\n<p>Zapraszam na codzienn\u0105 msz\u0119 \u015bw. W \u015brod\u0119 przed msz\u0105 \u015bw. R\u00f3\u017caniec w intencji powstrzymania pandemii koronawirusa.<\/p>\n<p>&nbsp;<\/p>\n<p>W tym tygodniu przypada I czwartek pi\u0105tek i sobota miesi\u0105ca. Spowied\u017a \u015bw. w czwartek i pi\u0105tek od 16 do 17.<\/p>\n<p>Msza \u015bw. w czwartek o godz. 17. Po mszy \u015bw. Godzina \u015awi\u0119ta<\/p>\n<p>W pi\u0105tek po mszy \u015bw. nabo\u017ce\u0144stwo do Naj\u015bwi\u0119tszego Serca Pana Jezusa.<\/p>\n<p>Nie b\u0119dzie wizyty u senior\u00f3w i chorych z naszej parafii.<\/p>\n<p>&nbsp;<\/p>\n<p>Zach\u0119cam do nabywania prasy katolickiej .<\/p>\n<p>Dzi\u0119kuj\u0119 za ofiary na rodzin\u0119 syryjsk\u0105.<\/p>\n<p>&nbsp;<\/p>\n<p>B\u00f3g zap\u0142a\u0107 za sprz\u0105tanie ko\u015bcio\u0142a w tym tygodniu. Nast\u0119pne sprz\u0105tanie b\u0119dzie w sobot\u0119 o godz. 9<\/p>\n<p>Sprz\u0105taj\u0105 Panie: Kormaniak Bo\u017cena Maria Z\u0105bek Mrowiec Stanis\u0142awa Jarz\u0105bek Maria.<\/p>\n<p>&nbsp;<\/p>\n<p>Kalendarz liturgiczny<\/p>\n<p>Wtorek \u2013 \u015bwi\u0119to Ofiarowania Pa\u0144skiego<\/p>\n<p>\u015aroda \u2013 wsp. \u015bw. B\u0142a\u017ceja biskupa i m\u0119czennika<\/p>\n<p>Pi\u0105tek \u2013 wsp. \u015bw. Agaty dziewicy i m\u0119czennicy<\/p>\n<p>Sobota \u2013 wsp. \u015awi\u0119tych m\u0119czennik\u00f3w Paw\u0142a Miki i Towarzyszy<\/p>\n<p>&nbsp;<\/p>\n<p>&nbsp;<\/p>\n","protected":false},"excerpt":{"rendered":"<p>Krzy\u017cowa 31. I . 2021 r. \u00a0\u00a0\u00a0\u00a0\u00a0\u00a0\u00a0\u00a0\u00a0\u00a0\u00a0\u00a0\u00a0\u00a0\u00a0\u00a0\u00a0\u00a0\u00a0\u00a0\u00a0\u00a0\u00a0\u00a0\u00a0\u00a0\u00a0\u00a0\u00a0\u00a0\u00a0\u00a0\u00a0\u00a0\u00a0\u00a0\u00a0\u00a0\u00a0\u00a0\u00a0\u00a0\u00a0\u00a0\u00a0\u00a0\u00a0\u00a0\u00a0\u00a0\u00a0\u00a0\u00a0\u00a0\u00a0\u00a0\u00a0\u00a0\u00a0\u00a0\u00a0\u00a0\u00a0\u00a0\u00a0\u00a0\u00a0\u00a0\u00a0\u00a0\u00a0\u00a0\u00a0\u00a0\u00a0\u00a0\u00a0 \u00a0\u00a0\u00a0\u00a0\u00a0\u00a0\u00a0\u00a0\u00a0\u00a0\u00a0\u00a0\u00a0\u00a0\u00a0\u00a0\u00a0\u00a0\u00a0\u00a0\u00a0\u00a0\u00a0\u00a0\u00a0\u00a0\u00a0\u00a0\u00a0\u00a0\u00a0\u00a0\u00a0\u00a0\u00a0\u00a0 \u00a0 \u00a0\u00a0\u00a0\u00a0\u00a0\u00a0\u00a0\u00a0\u00a0\u00a0\u00a0 \u00a0\u00a0\u00a0\u00a0\u00a0\u00a0\u00a0\u00a0\u00a0\u00a0\u00a0\u00a0\u00a0\u00a0\u00a0\u00a0\u00a0\u00a0\u00a0\u00a0\u00a0\u00a0\u00a0\u00a0\u00a0\u00a0\u00a0\u00a0\u00a0\u00a0\u00a0\u00a0\u00a0\u00a0\u00a0\u00a0\u00a0\u00a0\u00a0IV NIEDZIELA ZWYK\u0141A &nbsp; &nbsp; &nbsp; Dzi\u015b ostatnia niedziela stycznia. Bardzo serdecznie dzi\u0119kuj\u0119 OO Dominikanom\u00a0 z Korbielowa za zast\u0119pstwo przez ostatnie kilka dni w naszej Parafii. Wielkie B\u00f3g zap\u0142a\u0107 za ch\u0119tn\u0105 i pe\u0142n\u0105 zrozumienia pomoc. \u00a0Ca\u0142ej parafii dzi\u0119kuj\u0119 za trosk\u0119 i opiek\u0119 w czasie mojej [&hellip;]<\/p>\n","protected":false},"author":0,"featured_media":0,"comment_status":"closed","ping_status":"closed","sticky":false,"template":"","format":"standard","meta":{"ngg_post_thumbnail":0,"footnotes":""},"categories":[1],"tags":[],"class_list":["post-2369","post","type-post","status-publish","format-standard","hentry","category-kazania"],"aioseo_notices":[],"_links":{"self":[{"href":"https:\/\/parafiakrzyzowa.pl\/index.php?rest_route=\/wp\/v2\/posts\/2369","targetHints":{"allow":["GET"]}}],"collection":[{"href":"https:\/\/parafiakrzyzowa.pl\/index.php?rest_route=\/wp\/v2\/posts"}],"about":[{"href":"https:\/\/parafiakrzyzowa.pl\/index.php?rest_route=\/wp\/v2\/types\/post"}],"replies":[{"embeddable":true,"href":"https:\/\/parafiakrzyzowa.pl\/index.php?rest_route=%2Fwp%2Fv2%2Fcomments&post=2369"}],"version-history":[{"count":1,"href":"https:\/\/parafiakrzyzowa.pl\/index.php?rest_route=\/wp\/v2\/posts\/2369\/revisions"}],"predecessor-version":[{"id":2370,"href":"https:\/\/parafiakrzyzowa.pl\/index.php?rest_route=\/wp\/v2\/posts\/2369\/revisions\/2370"}],"wp:attachment":[{"href":"https:\/\/parafiakrzyzowa.pl\/index.php?rest_route=%2Fwp%2Fv2%2Fmedia&parent=2369"}],"wp:term":[{"taxonomy":"category","embeddable":true,"href":"https:\/\/parafiakrzyzowa.pl\/index.php?rest_route=%2Fwp%2Fv2%2Fcategories&post=2369"},{"taxonomy":"post_tag","embeddable":true,"href":"https:\/\/parafiakrzyzowa.pl\/index.php?rest_route=%2Fwp%2Fv2%2Ftags&post=2369"}],"curies":[{"name":"wp","href":"https:\/\/api.w.org\/{rel}","templated":true}]}}