{"id":2389,"date":"2021-02-11T13:33:42","date_gmt":"2021-02-11T13:33:42","guid":{"rendered":"https:\/\/parafiakrzyzowa.pl\/?p=2389"},"modified":"2021-02-11T13:33:48","modified_gmt":"2021-02-11T13:33:48","slug":"2389","status":"publish","type":"post","link":"https:\/\/parafiakrzyzowa.pl\/?p=2389","title":{"rendered":""},"content":{"rendered":"<p><strong>\u00a0\u00a0\u00a0\u00a0\u00a0\u00a0 \u00a0\u00a0\u00a0\u00a0\u00a0\u00a0\u00a0\u00a0\u00a0\u00a0\u00a0\u00a0\u00a0\u00a0\u00a0\u00a0\u00a0\u00a0\u00a0\u00a0\u00a0\u00a0\u00a0\u00a0\u00a0<\/strong><strong>\u00a0<u>INTENCJE MSZY\u00a0 \u015aWI\u0118TYCH<\/u><\/strong><\/p>\n<p>&nbsp;<\/p>\n<p><strong><u>NIEDZIELA 14 . II . 2021r. <\/u><\/strong><\/p>\n<p>&nbsp;<\/p>\n<p>Godz.8:00 \u00a0\u00a0&#8211; \u00a0+ \u0141ukasz Z\u0105bek<\/p>\n<p>&nbsp;<\/p>\n<p>Godz.9:30 \u00a0\u00a0&#8211; \u00a0\u00a0\u00a0\u00a0O zdrowie i b\u0142. Bo\u017ce dla S\u0142awomira Nowaka w 50 r. urodzin<\/p>\n<p>&nbsp;<\/p>\n<p>Godz.. 11\u00a0\u00a0 \u00a0&#8211;\u00a0 \u00a0\u00a0\u00a0+ Maria Klimczak \u00a0w 16r. \u015bmierci<\/p>\n<p>&nbsp;<\/p>\n<p>Godz. 18 \u00a0\u00a0\u00a0\u00a0&#8211; \u00a0\u00a0\u00a0\u00a0\u00a0+ Franciszek Szewczulak w 2 r. \u015bmierci<\/p>\n<p>&nbsp;<\/p>\n<p><u>\u00a0<strong>PONIEDZIA\u0141EK \u00a015. II. 2021r.<\/strong>\u00a0\u00a0\u00a0\u00a0\u00a0\u00a0\u00a0\u00a0 <\/u><\/p>\n<p>&nbsp;<\/p>\n<p>Godz. 17\u00a0\u00a0\u00a0\u00a0\u00a0 &#8211;\u00a0 \u00a0\u00a0\u00a0\u00a0\u00a0\u00a0+ W\u0142adys\u0142aw Cudzich<\/p>\n<p><strong><u>\u00a0<\/u><\/strong><\/p>\n<p><strong><u>WTOREK\u00a0 16.II. 2021r.<\/u><\/strong><\/p>\n<p><strong><u>\u00a0<\/u><\/strong><\/p>\n<p>Godz. 7:00\u00a0 &#8211; + W\u0142adys\u0142aw Kami\u0144ski<\/p>\n<p><strong>\u00a0<\/strong><\/p>\n<p><strong><u>\u015aRODA\u00a0 17. II .\u00a0 2021r. \u2013 \u015aRODA POPIELCOWA<\/u><\/strong><\/p>\n<p>&nbsp;<\/p>\n<p>Godz.8:00\u00a0\u00a0\u00a0\u00a0\u00a0\u00a0\u00a0 &#8211;\u00a0\u00a0\u00a0 + Ireneusz Kozik<\/p>\n<p>&nbsp;<\/p>\n<p>Godz.17 \u00a0\u00a0\u00a0\u00a0\u00a0\u00a0\u00a0\u00a0\u00a0\u00a0&#8211;\u00a0\u00a0 + Ewa Walig\u00f3ra<\/p>\n<p><strong><u>\u00a0<\/u><\/strong><\/p>\n<p><strong><u>CZWARTEK\u00a0 18. II. 2021r. <\/u><\/strong><\/p>\n<p>&nbsp;<\/p>\n<p>Godz. 7:00\u00a0\u00a0\u00a0\u00a0 \u00a0\u00a0\u00a0&#8211; + J\u00f3zef \u015aliwka<\/p>\n<p>&nbsp;<\/p>\n<p><strong><u>PI\u0104TEK 19 .II. 2021 r. <\/u><\/strong><\/p>\n<p>&nbsp;<\/p>\n<p>Godz. 17\u00a0 &#8211;\u00a0\u00a0 Do Bo\u017cego Mi\u0142osierdzia<\/p>\n<p><strong><u>\u00a0<\/u><\/strong><\/p>\n<p><strong><u>SOBOTA 20. II . 2021r.<\/u><\/strong><\/p>\n<p>&nbsp;<\/p>\n<p>Godz. 17\u00a0\u00a0\u00a0 &#8211;\u00a0\u00a0\u00a0 +\u00a0 Kazimierz Bia\u0142o\u0144 w 1r. \u015bmierci<\/p>\n<p>&nbsp;<\/p>\n<p><strong><u>NIEDZIELA 21 . II . 2021r. <\/u><\/strong><\/p>\n<p>&nbsp;<\/p>\n<p>Godz.8:00 \u00a0\u00a0&#8211; \u00a0+ Jan i Wiktoria G\u00f3ra<\/p>\n<p>&nbsp;<\/p>\n<p>Godz.. 10\u00a0\u00a0 \u00a0&#8211;\u00a0 \u00a0\u00a0\u00a0+ Magdalena Walig\u00f3ra w 26r. \u015bmierci, m\u0105\u017c i syn<\/p>\n<p>&nbsp;<\/p>\n<p>Godz. 18 \u00a0\u00a0\u00a0\u00a0&#8211; \u00a0\u00a0\u00a0\u00a0\u00a0W intencji Parafian<\/p>\n<p>&nbsp;<\/p>\n","protected":false},"excerpt":{"rendered":"<p>\u00a0\u00a0\u00a0\u00a0\u00a0\u00a0 \u00a0\u00a0\u00a0\u00a0\u00a0\u00a0\u00a0\u00a0\u00a0\u00a0\u00a0\u00a0\u00a0\u00a0\u00a0\u00a0\u00a0\u00a0\u00a0\u00a0\u00a0\u00a0\u00a0\u00a0\u00a0\u00a0INTENCJE MSZY\u00a0 \u015aWI\u0118TYCH &nbsp; NIEDZIELA 14 . II . 2021r. &nbsp; Godz.8:00 \u00a0\u00a0&#8211; \u00a0+ \u0141ukasz Z\u0105bek &nbsp; Godz.9:30 \u00a0\u00a0&#8211; \u00a0\u00a0\u00a0\u00a0O zdrowie i b\u0142. Bo\u017ce dla S\u0142awomira Nowaka w 50 r. urodzin &nbsp; Godz.. 11\u00a0\u00a0 \u00a0&#8211;\u00a0 \u00a0\u00a0\u00a0+ Maria Klimczak \u00a0w 16r. \u015bmierci &nbsp; Godz. 18 \u00a0\u00a0\u00a0\u00a0&#8211; \u00a0\u00a0\u00a0\u00a0\u00a0+ Franciszek Szewczulak w 2 r. \u015bmierci &nbsp; \u00a0PONIEDZIA\u0141EK [&hellip;]<\/p>\n","protected":false},"author":0,"featured_media":0,"comment_status":"closed","ping_status":"closed","sticky":false,"template":"","format":"standard","meta":{"ngg_post_thumbnail":0,"footnotes":""},"categories":[7],"tags":[],"class_list":["post-2389","post","type-post","status-publish","format-standard","hentry","category-intencje"],"aioseo_notices":[],"_links":{"self":[{"href":"https:\/\/parafiakrzyzowa.pl\/index.php?rest_route=\/wp\/v2\/posts\/2389","targetHints":{"allow":["GET"]}}],"collection":[{"href":"https:\/\/parafiakrzyzowa.pl\/index.php?rest_route=\/wp\/v2\/posts"}],"about":[{"href":"https:\/\/parafiakrzyzowa.pl\/index.php?rest_route=\/wp\/v2\/types\/post"}],"replies":[{"embeddable":true,"href":"https:\/\/parafiakrzyzowa.pl\/index.php?rest_route=%2Fwp%2Fv2%2Fcomments&post=2389"}],"version-history":[{"count":1,"href":"https:\/\/parafiakrzyzowa.pl\/index.php?rest_route=\/wp\/v2\/posts\/2389\/revisions"}],"predecessor-version":[{"id":2390,"href":"https:\/\/parafiakrzyzowa.pl\/index.php?rest_route=\/wp\/v2\/posts\/2389\/revisions\/2390"}],"wp:attachment":[{"href":"https:\/\/parafiakrzyzowa.pl\/index.php?rest_route=%2Fwp%2Fv2%2Fmedia&parent=2389"}],"wp:term":[{"taxonomy":"category","embeddable":true,"href":"https:\/\/parafiakrzyzowa.pl\/index.php?rest_route=%2Fwp%2Fv2%2Fcategories&post=2389"},{"taxonomy":"post_tag","embeddable":true,"href":"https:\/\/parafiakrzyzowa.pl\/index.php?rest_route=%2Fwp%2Fv2%2Ftags&post=2389"}],"curies":[{"name":"wp","href":"https:\/\/api.w.org\/{rel}","templated":true}]}}