{"id":2391,"date":"2021-02-11T13:54:31","date_gmt":"2021-02-11T13:54:31","guid":{"rendered":"https:\/\/parafiakrzyzowa.pl\/?p=2391"},"modified":"2021-02-11T13:54:41","modified_gmt":"2021-02-11T13:54:41","slug":"2391","status":"publish","type":"post","link":"https:\/\/parafiakrzyzowa.pl\/?p=2391","title":{"rendered":""},"content":{"rendered":"<p><strong>\u00a0\u00a0\u00a0\u00a0\u00a0\u00a0\u00a0\u00a0\u00a0\u00a0\u00a0 \u00a0\u00a0\u00a0\u00a0\u00a0\u00a0\u00a0\u00a0\u00a0\u00a0\u00a0\u00a0\u00a0\u00a0\u00a0\u00a0\u00a0\u00a0\u00a0\u00a0\u00a0\u00a0\u00a0\u00a0\u00a0\u00a0\u00a0\u00a0\u00a0\u00a0\u00a0\u00a0\u00a0\u00a0\u00a0\u00a0\u00a0\u00a0\u00a0<\/strong><strong><u>VI NIEDZIELA ZWYK\u0141A<\/u><\/strong><\/p>\n<p>&nbsp;<\/p>\n<p>&nbsp;<\/p>\n<p>&nbsp;<\/p>\n<p>Prze\u017cywamy dzi\u015b w naszej Parafii nabo\u017ce\u0144stwo 40 godzinne. Po Mszy \u015bw\u00a0 o godz. 11 b\u0119dzie wystawiony Pan Jezus w Naj\u015bwi\u0119tszym Sakramencie do mszy \u015bw. o godz. 18.<\/p>\n<p>W ten spos\u00f3b mamy si\u0119 przygotowa\u0107 do owocnego prze\u017cycia Wielkiego Postu. Bardzo prosz\u0119 przychod\u017acie w gronie rodzinnym na wasze rozmowy z Panem Jezusem. Czy\u0144my postanowienia , przepraszajmy , pro\u015bmy i uwielbiajmy naszego Zbawiciela i dzi\u0119kujmy za dzie\u0142o naszego zbawienia.<\/p>\n<p>W \u015brod\u0119 przypada Popielec. Msze \u015bw. o godz. 8 i 17. Na ka\u017cdej mszy \u015bw. obrz\u0119d posypania g\u0142\u00f3w popio\u0142em na znak pokuty i nawr\u00f3cenia.\u00a0 W \u015brod\u0119 obowi\u0105zuje post \u015bcis\u0142y czyli ilo\u015bciowo- jako\u015bciowy. Nie ma dyspensy od tego postu nawet\u00a0 w \u017cywieniu zbiorowym, Bardzo serdecznie zapraszam wszystkich na msz\u0119 \u015bw. w Popielec.<\/p>\n<p>Od przysz\u0142ej Niedzieli wracamy do sta\u0142ego porz\u0105dku mszy niedzielnych, czyli 8, 10 i 18<\/p>\n<p>W pi\u0105tek \u00a0b\u0119dzie tylko jedna Droga Krzy\u017cowa o 16:30 \u00a0dla wszystkich, poniewa\u017c w tym roku nie mo\u017cna odprawia\u0107 dla dzieci i m\u0142odzie\u017cy osobno Drogi Krzy\u017cowej. Dla tych, kt\u00f3rzy nie mog\u0105 uczestniczy\u0107 w drodze krzy\u017cowej w pi\u0105tek b\u0119dzie\u00a0 w ka\u017cd\u0105 niedziel\u0119 Wielkiego Postu po mszy \u015bw. o godz. 8:00.<\/p>\n<p>W najbli\u017csz\u0105 niedziel\u0119 pierwsze Gorzkie \u017bale o godz. 17:15 z kazaniem Pasyjnym, kt\u00f3re b\u0119dzie g\u0142osi\u0142 o. Ludwik,franciszkanin z Koszarawy-Bystrej. Serdecznie zapraszam na wszystkie nabo\u017ce\u0144stwa wielkopostne zach\u0119cam do trze\u017awo\u015bci i do czynienia innych postanowie\u0144 na okres Wielkiego Postu. Zaraz po Gorzkich \u017balach b\u0119dzie msza \u015bw. bez kazania.<\/p>\n<p>Ksi\u0105dz Proboszcz dzi\u0119kuje za pomoc i trosk\u0119 pani\u0105 i piel\u0119gniark\u0105 z naszej Parafii. Dzi\u0119kuje wszystkim za modlitw\u0119 i duchowe wsparcie i wszystkich pozdrawia.<\/p>\n<p>Zach\u0119cam do nabywania prasy katolickiej.<\/p>\n<p>B\u00f3g zap\u0142a\u0107 za sprz\u0105tanie ko\u015bcio\u0142a w tym tygodniu. Nast\u0119pne sprz\u0105tanie b\u0119dzie w sobot\u0119 o godz. 9:00.Sprz\u0105taj\u0105 Panie:\u00a0 Bogus\u0142awa Widz, Regina Kami\u0144ska, Marcela Dendys i Halina Pastor. Nie kupujemy kwiat\u00f3w.\u00a0 Ofiary na kwiaty do Grobu Pa\u0144skiego, b\u0119dzie mo\u017cna sk\u0142ada\u0107 do skarbonki przed o\u0142tarzem Bo\u017cego Mi\u0142osierdzia.<\/p>\n<p>W Pi\u0105tek po Drodze Krzy\u017cowej, b\u0119dzie msza \u015bw. do Bo\u017cego Mi\u0142osierdzia. Po mszy \u015bw. Koronka do Bo\u017cego Mi\u0142osierdzia<\/p>\n<p>&nbsp;<\/p>\n<p>Kalendarz liturgiczny<\/p>\n<p>&nbsp;<\/p>\n<p>\u015aroda \u2013 Popielec<\/p>\n<p>W ostatnim tygodniu odesz\u0142a z naszej rodziny parafialnej do Pana po wieczn\u0105 nagrod\u0119 \u015bp. Ewa Walig\u00f3ra\u00a0\u00a0\u00a0 wieczny odpoczynek racz jej da\u0107 Panie\u2026\u2026<\/p>\n<p>&nbsp;<\/p>\n","protected":false},"excerpt":{"rendered":"<p>\u00a0\u00a0\u00a0\u00a0\u00a0\u00a0\u00a0\u00a0\u00a0\u00a0\u00a0 \u00a0\u00a0\u00a0\u00a0\u00a0\u00a0\u00a0\u00a0\u00a0\u00a0\u00a0\u00a0\u00a0\u00a0\u00a0\u00a0\u00a0\u00a0\u00a0\u00a0\u00a0\u00a0\u00a0\u00a0\u00a0\u00a0\u00a0\u00a0\u00a0\u00a0\u00a0\u00a0\u00a0\u00a0\u00a0\u00a0\u00a0\u00a0\u00a0VI NIEDZIELA ZWYK\u0141A &nbsp; &nbsp; &nbsp; Prze\u017cywamy dzi\u015b w naszej Parafii nabo\u017ce\u0144stwo 40 godzinne. Po Mszy \u015bw\u00a0 o godz. 11 b\u0119dzie wystawiony Pan Jezus w Naj\u015bwi\u0119tszym Sakramencie do mszy \u015bw. o godz. 18. W ten spos\u00f3b mamy si\u0119 przygotowa\u0107 do owocnego prze\u017cycia Wielkiego Postu. Bardzo prosz\u0119 przychod\u017acie w gronie rodzinnym na wasze rozmowy z [&hellip;]<\/p>\n","protected":false},"author":0,"featured_media":0,"comment_status":"closed","ping_status":"closed","sticky":false,"template":"","format":"standard","meta":{"ngg_post_thumbnail":0,"footnotes":""},"categories":[3],"tags":[],"class_list":["post-2391","post","type-post","status-publish","format-standard","hentry","category-ogloszenia"],"aioseo_notices":[],"_links":{"self":[{"href":"https:\/\/parafiakrzyzowa.pl\/index.php?rest_route=\/wp\/v2\/posts\/2391","targetHints":{"allow":["GET"]}}],"collection":[{"href":"https:\/\/parafiakrzyzowa.pl\/index.php?rest_route=\/wp\/v2\/posts"}],"about":[{"href":"https:\/\/parafiakrzyzowa.pl\/index.php?rest_route=\/wp\/v2\/types\/post"}],"replies":[{"embeddable":true,"href":"https:\/\/parafiakrzyzowa.pl\/index.php?rest_route=%2Fwp%2Fv2%2Fcomments&post=2391"}],"version-history":[{"count":1,"href":"https:\/\/parafiakrzyzowa.pl\/index.php?rest_route=\/wp\/v2\/posts\/2391\/revisions"}],"predecessor-version":[{"id":2392,"href":"https:\/\/parafiakrzyzowa.pl\/index.php?rest_route=\/wp\/v2\/posts\/2391\/revisions\/2392"}],"wp:attachment":[{"href":"https:\/\/parafiakrzyzowa.pl\/index.php?rest_route=%2Fwp%2Fv2%2Fmedia&parent=2391"}],"wp:term":[{"taxonomy":"category","embeddable":true,"href":"https:\/\/parafiakrzyzowa.pl\/index.php?rest_route=%2Fwp%2Fv2%2Fcategories&post=2391"},{"taxonomy":"post_tag","embeddable":true,"href":"https:\/\/parafiakrzyzowa.pl\/index.php?rest_route=%2Fwp%2Fv2%2Ftags&post=2391"}],"curies":[{"name":"wp","href":"https:\/\/api.w.org\/{rel}","templated":true}]}}