{"id":2398,"date":"2021-02-20T11:02:24","date_gmt":"2021-02-20T11:02:24","guid":{"rendered":"https:\/\/parafiakrzyzowa.pl\/?p=2398"},"modified":"2021-02-20T11:02:31","modified_gmt":"2021-02-20T11:02:31","slug":"2398","status":"publish","type":"post","link":"https:\/\/parafiakrzyzowa.pl\/?p=2398","title":{"rendered":""},"content":{"rendered":"<p>&nbsp;<\/p>\n<p>Krzy\u017cowa 21. II . 2021 r.<\/p>\n<p><strong>\u00a0\u00a0\u00a0\u00a0\u00a0\u00a0\u00a0\u00a0\u00a0\u00a0\u00a0\u00a0\u00a0\u00a0\u00a0\u00a0\u00a0\u00a0\u00a0\u00a0\u00a0\u00a0\u00a0\u00a0\u00a0\u00a0\u00a0\u00a0\u00a0\u00a0\u00a0\u00a0\u00a0\u00a0\u00a0\u00a0\u00a0\u00a0\u00a0\u00a0\u00a0\u00a0\u00a0\u00a0\u00a0\u00a0\u00a0\u00a0\u00a0\u00a0\u00a0\u00a0\u00a0\u00a0\u00a0\u00a0\u00a0\u00a0\u00a0\u00a0\u00a0\u00a0\u00a0\u00a0\u00a0\u00a0\u00a0\u00a0\u00a0\u00a0\u00a0\u00a0\u00a0\u00a0\u00a0\u00a0\u00a0 <\/strong><\/p>\n<p><strong>\u00a0\u00a0\u00a0\u00a0\u00a0\u00a0\u00a0\u00a0\u00a0\u00a0\u00a0\u00a0\u00a0\u00a0\u00a0\u00a0\u00a0\u00a0\u00a0\u00a0\u00a0\u00a0\u00a0\u00a0\u00a0\u00a0\u00a0\u00a0\u00a0\u00a0\u00a0\u00a0\u00a0\u00a0\u00a0\u00a0 <\/strong><\/p>\n<p><strong>\u00a0<\/strong><\/p>\n<p><strong>\u00a0\u00a0\u00a0\u00a0\u00a0\u00a0\u00a0\u00a0\u00a0\u00a0\u00a0 \u00a0\u00a0\u00a0\u00a0\u00a0\u00a0\u00a0\u00a0\u00a0\u00a0\u00a0\u00a0\u00a0\u00a0\u00a0\u00a0\u00a0\u00a0\u00a0\u00a0\u00a0<\/strong><strong><u>I NIEDZIELA\u00a0 WIELKIEGO POSTU<\/u><\/strong><\/p>\n<p>&nbsp;<\/p>\n<p>Dzi\u015b przypada I niedziela Wielkiego Postu. Msze \u015bw. niedzielne od dzisiaj s\u0105 ju\u017c 3 tzn. 8, 10 i 18 wieczorem. Po mszy \u015bw, o godz. 8:00 Droga krzy\u017cowa dla tych kt\u00f3rzy nie mog\u0105 uczestniczy\u0107 w tym nabo\u017ce\u0144stwie w pi\u0105tek.<\/p>\n<p>Dzisiaj r\u00f3wnie\u017c pierwsze Gorzkie \u017bale z kazaniem pasyjnym o godz. 17:15. Bardzo serdecznie zapraszam . Po Gorzkich \u017balach msza \u015bw. ju\u017c bez homilii. Bardzo serdecznie zapraszam.<\/p>\n<p>Jutro po wieczornej mszy \u015bw. Spotkanie z rodzicami dzieci klasy III.<\/p>\n<p>&nbsp;<\/p>\n<p>W pi\u0105tek o godz. 16:30 Droga Krzy\u017cowa dla wszystkich. Nie mo\u017cna odprawia\u0107 osobnej drogi krzy\u017cowej dla dzieci.<\/p>\n<p>&nbsp;<\/p>\n<p>Bardzo serdecznie prosz\u0119 b\u0105d\u017acie roztropni i m\u0105drzy w swoich zachowaniach w czasie tej epidemii . M\u00f3wi si\u0119, \u017ce idzie 3 fala tej strasznej choroby.<\/p>\n<p>&nbsp;<\/p>\n<p>Bardzo serdecznie dzi\u0119kuj\u0119 ca\u0142ej parafii za modlitw\u0119 i msze \u015bw. w mojej intencji w czasie choroby. B\u00f3g zap\u0142a\u0107 za telefony za dostarczane do szpitala jedzenie , naszym parafiankom, kt\u00f3re pracuj\u0105 w szpitalu za troskliw\u0105 opiek\u0119 i odwiedziny sk\u0142adam wielkie B\u00f3g zap\u0142a\u0107. Dzi\u0119kuj\u0119 P. Organi\u015bcie i ca\u0142ej S\u0142u\u017cbie liturgicznej za trosk\u0119 o ko\u015bci\u00f3\u0142\u00a0 \u00a0i funkcjonowanie parafii.<\/p>\n<p>&nbsp;<\/p>\n<p>&nbsp;<\/p>\n<p>Zach\u0119cam do czynienia postanowie\u0144 wielkopostnych i do modlitwy za naszych chorych parafian.<\/p>\n<p>&nbsp;<\/p>\n<p>Zach\u0119cam do nabywania prasy katolickiej. B\u00f3g zap\u0142a\u0107 za\u00a0 sprz\u0105tanie ko\u015bcio\u0142a w tym tygodniu,. Nast\u0119pne sprz\u0105tanie w sobot\u0119 o godz. 9:00.Sprz\u0105taj\u0105 Panie: El\u017cbieta Cudzich Teresa Kaprak Danuta Korowajczyk i Ewa P\u0142aza. Ofiar\u0119 na kwiaty sk\u0142adaj\u0105 grupy na Gr\u00f3b Pana Jezusa<\/p>\n<p>&nbsp;<\/p>\n<p>B\u00f3g zap\u0142a\u0107 za ofiary na rodzin\u0119 syryjsk\u0105 z Aleppo.<\/p>\n<p>&nbsp;<\/p>\n<p>Kalendarz liturgiczny<\/p>\n<p>&nbsp;<\/p>\n<p>Poniedzia\u0142ek \u2013 \u015bwi\u0119to Katedry \u015bw. Piotra aposto\u0142a<\/p>\n<p>&nbsp;<\/p>\n<p>&nbsp;<\/p>\n","protected":false},"excerpt":{"rendered":"<p>&nbsp; Krzy\u017cowa 21. II . 2021 r. \u00a0\u00a0\u00a0\u00a0\u00a0\u00a0\u00a0\u00a0\u00a0\u00a0\u00a0\u00a0\u00a0\u00a0\u00a0\u00a0\u00a0\u00a0\u00a0\u00a0\u00a0\u00a0\u00a0\u00a0\u00a0\u00a0\u00a0\u00a0\u00a0\u00a0\u00a0\u00a0\u00a0\u00a0\u00a0\u00a0\u00a0\u00a0\u00a0\u00a0\u00a0\u00a0\u00a0\u00a0\u00a0\u00a0\u00a0\u00a0\u00a0\u00a0\u00a0\u00a0\u00a0\u00a0\u00a0\u00a0\u00a0\u00a0\u00a0\u00a0\u00a0\u00a0\u00a0\u00a0\u00a0\u00a0\u00a0\u00a0\u00a0\u00a0\u00a0\u00a0\u00a0\u00a0\u00a0\u00a0\u00a0 \u00a0\u00a0\u00a0\u00a0\u00a0\u00a0\u00a0\u00a0\u00a0\u00a0\u00a0\u00a0\u00a0\u00a0\u00a0\u00a0\u00a0\u00a0\u00a0\u00a0\u00a0\u00a0\u00a0\u00a0\u00a0\u00a0\u00a0\u00a0\u00a0\u00a0\u00a0\u00a0\u00a0\u00a0\u00a0\u00a0 \u00a0 \u00a0\u00a0\u00a0\u00a0\u00a0\u00a0\u00a0\u00a0\u00a0\u00a0\u00a0 \u00a0\u00a0\u00a0\u00a0\u00a0\u00a0\u00a0\u00a0\u00a0\u00a0\u00a0\u00a0\u00a0\u00a0\u00a0\u00a0\u00a0\u00a0\u00a0\u00a0\u00a0I NIEDZIELA\u00a0 WIELKIEGO POSTU &nbsp; Dzi\u015b przypada I niedziela Wielkiego Postu. Msze \u015bw. niedzielne od dzisiaj s\u0105 ju\u017c 3 tzn. 8, 10 i 18 wieczorem. Po mszy \u015bw, o godz. 8:00 Droga krzy\u017cowa dla tych kt\u00f3rzy nie mog\u0105 uczestniczy\u0107 w tym nabo\u017ce\u0144stwie w pi\u0105tek. [&hellip;]<\/p>\n","protected":false},"author":0,"featured_media":0,"comment_status":"closed","ping_status":"closed","sticky":false,"template":"","format":"standard","meta":{"ngg_post_thumbnail":0,"footnotes":""},"categories":[3],"tags":[],"class_list":["post-2398","post","type-post","status-publish","format-standard","hentry","category-ogloszenia"],"aioseo_notices":[],"_links":{"self":[{"href":"https:\/\/parafiakrzyzowa.pl\/index.php?rest_route=\/wp\/v2\/posts\/2398","targetHints":{"allow":["GET"]}}],"collection":[{"href":"https:\/\/parafiakrzyzowa.pl\/index.php?rest_route=\/wp\/v2\/posts"}],"about":[{"href":"https:\/\/parafiakrzyzowa.pl\/index.php?rest_route=\/wp\/v2\/types\/post"}],"replies":[{"embeddable":true,"href":"https:\/\/parafiakrzyzowa.pl\/index.php?rest_route=%2Fwp%2Fv2%2Fcomments&post=2398"}],"version-history":[{"count":1,"href":"https:\/\/parafiakrzyzowa.pl\/index.php?rest_route=\/wp\/v2\/posts\/2398\/revisions"}],"predecessor-version":[{"id":2399,"href":"https:\/\/parafiakrzyzowa.pl\/index.php?rest_route=\/wp\/v2\/posts\/2398\/revisions\/2399"}],"wp:attachment":[{"href":"https:\/\/parafiakrzyzowa.pl\/index.php?rest_route=%2Fwp%2Fv2%2Fmedia&parent=2398"}],"wp:term":[{"taxonomy":"category","embeddable":true,"href":"https:\/\/parafiakrzyzowa.pl\/index.php?rest_route=%2Fwp%2Fv2%2Fcategories&post=2398"},{"taxonomy":"post_tag","embeddable":true,"href":"https:\/\/parafiakrzyzowa.pl\/index.php?rest_route=%2Fwp%2Fv2%2Ftags&post=2398"}],"curies":[{"name":"wp","href":"https:\/\/api.w.org\/{rel}","templated":true}]}}