{"id":2401,"date":"2021-02-26T20:30:38","date_gmt":"2021-02-26T20:30:38","guid":{"rendered":"https:\/\/parafiakrzyzowa.pl\/?p=2401"},"modified":"2021-02-27T12:09:29","modified_gmt":"2021-02-27T12:09:29","slug":"2401","status":"publish","type":"post","link":"https:\/\/parafiakrzyzowa.pl\/?p=2401","title":{"rendered":""},"content":{"rendered":"<p>&nbsp;<\/p>\n<p><strong>\u00a0\u00a0 <\/strong>\u00a0\u00a0\u00a0\u00a0\u00a0\u00a0<strong>\u00a0\u00a0\u00a0\u00a0\u00a0\u00a0\u00a0\u00a0\u00a0\u00a0\u00a0\u00a0\u00a0\u00a0\u00a0\u00a0\u00a0\u00a0\u00a0\u00a0\u00a0\u00a0\u00a0\u00a0\u00a0\u00a0\u00a0\u00a0\u00a0\u00a0\u00a0\u00a0\u00a0\u00a0\u00a0\u00a0\u00a0\u00a0\u00a0\u00a0\u00a0\u00a0\u00a0\u00a0\u00a0\u00a0\u00a0\u00a0\u00a0\u00a0\u00a0\u00a0\u00a0\u00a0\u00a0\u00a0\u00a0\u00a0\u00a0\u00a0\u00a0\u00a0\u00a0\u00a0\u00a0\u00a0\u00a0\u00a0\u00a0\u00a0\u00a0\u00a0\u00a0\u00a0\u00a0\u00a0<\/strong><\/p>\n<p><strong>\u00a0\u00a0\u00a0\u00a0\u00a0\u00a0 \u00a0\u00a0\u00a0\u00a0\u00a0\u00a0\u00a0\u00a0\u00a0\u00a0\u00a0\u00a0\u00a0\u00a0\u00a0\u00a0\u00a0\u00a0\u00a0\u00a0\u00a0\u00a0\u00a0\u00a0\u00a0<\/strong><strong>\u00a0<u>INTENCJE MSZY\u00a0 \u015aWI\u0118TYCH<\/u><\/strong><\/p>\n<p>&nbsp;<\/p>\n<p><strong><u>NIEDZIELA 28 . II . 2021r. <\/u><\/strong><\/p>\n<p>&nbsp;<\/p>\n<p>Godz.8:00\u00a0\u00a0 &#8211;\u00a0 ++ Anna Kami\u0144ska w 3r. \u015bmierci m\u0105\u017c Jan<\/p>\n<p>Godz.. 10\u00a0\u00a0\u00a0 &#8211;\u00a0\u00a0 \u00a0+ Waleria Kormaniak w 8r. \u015bmierci<\/p>\n<p>&#8211;\u00a0\u00a0\u00a0\u00a0 + Jan P\u0142aza w dniu urodzin<\/p>\n<p>Godz. 18\u00a0\u00a0\u00a0\u00a0 &#8211;\u00a0\u00a0\u00a0\u00a0\u00a0\u00a0\u00a0\u00a0 W intencji Parafii<\/p>\n<p>&nbsp;<\/p>\n<p><u>\u00a0<strong>PONIEDZIA\u0141EK \u00a01. III. 2021r.<\/strong><\/u><\/p>\n<p>Godz. 18\u00a0 \u00a0 \u00a0&#8211;\u00a0 \u00a0\u00a0+ Ireneusz Kozik<\/p>\n<p><strong><u>WTOREK\u00a0 2.III. 2021r.<\/u><\/strong><\/p>\n<p>Godz. 7:00\u00a0 &#8211;\u00a0\u00a0\u00a0 \u00a0+ Aleksander i Maria Szczypkowie<\/p>\n<p><strong>\u00a0<\/strong><strong><u>\u015aRODA\u00a0 3. III .\u00a0 2021r.<\/u><\/strong><\/p>\n<p>Godz.18\u00a0 \u00a0 &#8211; \u00a0\u00a0\u00a0++ Anna J\u0119drzejas w 6r. \u015bmierci m\u0105\u017c Stanis\u0142aw<\/p>\n<p><strong><u>CZWARTEK\u00a0 4. II. 2021r. \u2013<\/u><\/strong><strong><u>REKOLEKCJE WIELKOPOSTNE<\/u><\/strong><\/p>\n<p>Godz. 9:00\u00a0 &#8211; \u00a0\u00a0+ \u00a0J\u00f3zef \u015aliwka<\/p>\n<p>Godz.17\u00a0\u00a0\u00a0\u00a0\u00a0 &#8211; \u00a0\u00a0+ Waleria Walig\u00f3ra<\/p>\n<p>Godz. 19\u00a0\u00a0\u00a0\u00a0 &#8211; \u00a0\u00a0+ Helena Szewczulak<\/p>\n<p><strong><u>PI\u0104TEK 5 .III. 2021 r. \u2013 REKOLEKCJE WIELKOPOSTNE<\/u><\/strong><\/p>\n<p>Godz. 9:00\u00a0 &#8211;\u00a0\u00a0 + Ewa Walig\u00f3ra<\/p>\n<p>Godz.17\u00a0\u00a0\u00a0 &#8211;\u00a0\u00a0\u00a0\u00a0\u00a0 Za zmar\u0142ych wypominanych<\/p>\n<p>Godz. 19\u00a0\u00a0 &#8211;\u00a0\u00a0 + W\u0142adys\u0142aw Cudzich<\/p>\n<p><strong><u>SOBOTA 6. III . 2021r.- REKOLEKCJE WIELKOPOSTNE<\/u><\/strong><\/p>\n<p>Godz. 9:00\u00a0\u00a0 &#8211;\u00a0\u00a0\u00a0 +\u00a0 J\u00f3zef Ciupka<\/p>\n<p>Godz. 17\u00a0\u00a0\u00a0\u00a0\u00a0 &#8211;\u00a0\u00a0\u00a0 + J\u00f3zef Gawlas w 21r. \u015bmierci<\/p>\n<p>Godz. 19\u00a0\u00a0\u00a0\u00a0\u00a0 &#8211;\u00a0\u00a0\u00a0 + Anna Kami\u0144ska<\/p>\n<p>&nbsp;<\/p>\n<p><strong><u>NIEDZIELA 7 . III . 2021r. \u2013 REKOLEKCJE WIELKOPOSTNE<\/u><\/strong><\/p>\n<p>Godz.8:00 \u00a0\u00a0&#8211; \u00a0++ Wiktoria Piela m\u0105\u017c Stanis\u0142aw<\/p>\n<p>Godz. 10\u00a0\u00a0\u00a0\u00a0 &#8211;\u00a0\u00a0\u00a0 + Franciszek S\u0142owiaczek w 12r, \u015bmierci<\/p>\n<p>Godz. 18 \u00a0\u00a0\u00a0\u00a0&#8211; \u00a0\u00a0\u00a0\u00a0+ Weronika Pastor w 1r. \u015bmierci<\/p>\n<p>&nbsp;<\/p>\n","protected":false},"excerpt":{"rendered":"<p>&nbsp; \u00a0\u00a0 \u00a0\u00a0\u00a0\u00a0\u00a0\u00a0\u00a0\u00a0\u00a0\u00a0\u00a0\u00a0\u00a0\u00a0\u00a0\u00a0\u00a0\u00a0\u00a0\u00a0\u00a0\u00a0\u00a0\u00a0\u00a0\u00a0\u00a0\u00a0\u00a0\u00a0\u00a0\u00a0\u00a0\u00a0\u00a0\u00a0\u00a0\u00a0\u00a0\u00a0\u00a0\u00a0\u00a0\u00a0\u00a0\u00a0\u00a0\u00a0\u00a0\u00a0\u00a0\u00a0\u00a0\u00a0\u00a0\u00a0\u00a0\u00a0\u00a0\u00a0\u00a0\u00a0\u00a0\u00a0\u00a0\u00a0\u00a0\u00a0\u00a0\u00a0\u00a0\u00a0\u00a0\u00a0\u00a0\u00a0\u00a0\u00a0\u00a0\u00a0\u00a0\u00a0 \u00a0\u00a0\u00a0\u00a0\u00a0\u00a0 \u00a0\u00a0\u00a0\u00a0\u00a0\u00a0\u00a0\u00a0\u00a0\u00a0\u00a0\u00a0\u00a0\u00a0\u00a0\u00a0\u00a0\u00a0\u00a0\u00a0\u00a0\u00a0\u00a0\u00a0\u00a0\u00a0INTENCJE MSZY\u00a0 \u015aWI\u0118TYCH &nbsp; NIEDZIELA 28 . II . 2021r. &nbsp; Godz.8:00\u00a0\u00a0 &#8211;\u00a0 ++ Anna Kami\u0144ska w 3r. \u015bmierci m\u0105\u017c Jan Godz.. 10\u00a0\u00a0\u00a0 &#8211;\u00a0\u00a0 \u00a0+ Waleria Kormaniak w 8r. \u015bmierci &#8211;\u00a0\u00a0\u00a0\u00a0 + Jan P\u0142aza w dniu urodzin Godz. 18\u00a0\u00a0\u00a0\u00a0 &#8211;\u00a0\u00a0\u00a0\u00a0\u00a0\u00a0\u00a0\u00a0 W intencji Parafii &nbsp; \u00a0PONIEDZIA\u0141EK \u00a01. III. 2021r. Godz. 18\u00a0 \u00a0 [&hellip;]<\/p>\n","protected":false},"author":0,"featured_media":0,"comment_status":"closed","ping_status":"closed","sticky":false,"template":"","format":"standard","meta":{"ngg_post_thumbnail":0,"footnotes":""},"categories":[7],"tags":[],"class_list":["post-2401","post","type-post","status-publish","format-standard","hentry","category-intencje"],"aioseo_notices":[],"_links":{"self":[{"href":"https:\/\/parafiakrzyzowa.pl\/index.php?rest_route=\/wp\/v2\/posts\/2401","targetHints":{"allow":["GET"]}}],"collection":[{"href":"https:\/\/parafiakrzyzowa.pl\/index.php?rest_route=\/wp\/v2\/posts"}],"about":[{"href":"https:\/\/parafiakrzyzowa.pl\/index.php?rest_route=\/wp\/v2\/types\/post"}],"replies":[{"embeddable":true,"href":"https:\/\/parafiakrzyzowa.pl\/index.php?rest_route=%2Fwp%2Fv2%2Fcomments&post=2401"}],"version-history":[{"count":2,"href":"https:\/\/parafiakrzyzowa.pl\/index.php?rest_route=\/wp\/v2\/posts\/2401\/revisions"}],"predecessor-version":[{"id":2407,"href":"https:\/\/parafiakrzyzowa.pl\/index.php?rest_route=\/wp\/v2\/posts\/2401\/revisions\/2407"}],"wp:attachment":[{"href":"https:\/\/parafiakrzyzowa.pl\/index.php?rest_route=%2Fwp%2Fv2%2Fmedia&parent=2401"}],"wp:term":[{"taxonomy":"category","embeddable":true,"href":"https:\/\/parafiakrzyzowa.pl\/index.php?rest_route=%2Fwp%2Fv2%2Fcategories&post=2401"},{"taxonomy":"post_tag","embeddable":true,"href":"https:\/\/parafiakrzyzowa.pl\/index.php?rest_route=%2Fwp%2Fv2%2Ftags&post=2401"}],"curies":[{"name":"wp","href":"https:\/\/api.w.org\/{rel}","templated":true}]}}