{"id":2404,"date":"2021-02-26T20:32:24","date_gmt":"2021-02-26T20:32:24","guid":{"rendered":"https:\/\/parafiakrzyzowa.pl\/?p=2404"},"modified":"2021-02-26T20:32:33","modified_gmt":"2021-02-26T20:32:33","slug":"2404","status":"publish","type":"post","link":"https:\/\/parafiakrzyzowa.pl\/?p=2404","title":{"rendered":""},"content":{"rendered":"<p>&nbsp;<\/p>\n<p>Krzy\u017cowa 28. II . 2021 r.<\/p>\n<p><strong>\u00a0\u00a0\u00a0\u00a0\u00a0\u00a0\u00a0\u00a0\u00a0\u00a0\u00a0\u00a0\u00a0\u00a0\u00a0\u00a0\u00a0\u00a0\u00a0\u00a0\u00a0\u00a0\u00a0\u00a0\u00a0\u00a0\u00a0\u00a0\u00a0\u00a0\u00a0\u00a0\u00a0\u00a0\u00a0\u00a0\u00a0\u00a0\u00a0\u00a0\u00a0\u00a0\u00a0\u00a0\u00a0\u00a0\u00a0\u00a0\u00a0\u00a0\u00a0\u00a0\u00a0\u00a0\u00a0\u00a0\u00a0\u00a0\u00a0\u00a0\u00a0\u00a0\u00a0\u00a0\u00a0\u00a0\u00a0\u00a0\u00a0\u00a0\u00a0\u00a0\u00a0\u00a0\u00a0\u00a0\u00a0 <\/strong><\/p>\n<p><strong>\u00a0 \u00a0 \u00a0 \u00a0 \u00a0 \u00a0 \u00a0 \u00a0 \u00a0 \u00a0 \u00a0 \u00a0 \u00a0 \u00a0 \u00a0 \u00a0 \u00a0 \u00a0 \u00a0\u00a0<\/strong><strong>\u00a0 \u00a0<\/strong><strong><u>II NIEDZIELA\u00a0 WIELKIEGO POSTU<\/u><\/strong><\/p>\n<p>&nbsp;<\/p>\n<p>Zapraszam jeszcze dzisiaj na drog\u0119 krzy\u017cow\u0105 po mszy \u015bwi\u0119tej o godz. 8:00. O godz. 17:15 Gorzkie \u017bale z kazaniem pasyjnym . Bardzo serdecznie zaprasza. W pi\u0105tek Droga Krzy\u017cowa o godz, 17:30 , poniewa\u017c od jutra msze \u015bw. w dni powszednie b\u0119d\u0105 o godz. 18:00.<\/p>\n<p>&nbsp;<\/p>\n<p>W tym tygodniu we czwartek rozpoczynamy rekolekcje wielkopostne . B\u0119d\u0105 trwa\u0142y od czwartku do niedzieli w\u0142\u0105cznie . We czwartek msze \u015bw. z nauk\u0105 rekolekcyjn\u0105 dla wszystkich b\u0119d\u0105 o godz. 9, 17 i 19. Spowied\u017a \u015bw. b\u0119dzie od 16 do 17 bo jest to I czwartek miesi\u0105ca.<\/p>\n<p>W pi\u0105tek msze \u015bw. z nauk\u0105 rekolekcyjn\u0105 r\u00f3wnie\u017c o 9, 17 i 19. Od 15:30 d0 16:30 spowied\u017a \u015bw. a o 16:30 Droga Krzy\u017cowa.<\/p>\n<p>W sobot\u0119 o godz. 9:00 msza \u015bw. z udzieleniem sakramentu namaszczenia chorych dla senior\u00f3w , a wieczorem msze \u015bw. naukami dla wszystkich o godz. 17 i 19.<\/p>\n<p>Zako\u0144czenie rekolekcji w niedziel\u0119 na mszach \u015bw. o godz. 8, 10 i 18 wieczorem. Gorzkie \u017bale bez zmiany o godz, 17:15. B Bardzo serdecznie zapraszam na rekolekcje wielkopostne ca\u0142\u0105 parafi\u0119,\u00a0 \u00a0 \u00a0 \u00a0 \u00a0 a rekolekcje b\u0119dzie g\u0142osi\u0142 ks. dr Leszek \u0141ysie\u0144 .<\/p>\n<p>&nbsp;<\/p>\n<p>Zach\u0119cam do nabywania prasy katolickiej.<\/p>\n<p>&nbsp;<\/p>\n<p>B\u00f3g zap\u0142a\u0107 za sprz\u0105tanie ko\u015bcio\u0142a w tym tygodniu. Nast\u0119pne sprz\u0105tanie b\u0119dzie w sobot\u0119 ale o godz. 10. Sprz\u0105taj\u0105 Panie: Danuta Kuglarz Anna Wylecia\u0142 Barbara Basik i Ewa Kami\u0144ska.<\/p>\n<p>&nbsp;<\/p>\n<p>Jutro o godz. 17 spotkanie z kandydatkami i kandydatami na ministrant\u00f3w.<\/p>\n<p>&nbsp;<\/p>\n<p>Kalendarz liturgiczny<\/p>\n<p>&nbsp;<\/p>\n<p>Czwartek \u2013 \u015bwi\u0119to \u015bw. Kazimierza kr\u00f3lewicza<\/p>\n<p>&nbsp;<\/p>\n<p>W ostatnim tygodniu odesz\u0142a z naszej parafii do Pana \u015bp. Alicja Czechowska. Pogrzeb b\u0119dzie w Katowicach.\u00a0 Wieczny odpoczynek racz jej da\u0107 Panie\u2026.<\/p>\n<p>&nbsp;<\/p>\n","protected":false},"excerpt":{"rendered":"<p>&nbsp; Krzy\u017cowa 28. II . 2021 r. \u00a0\u00a0\u00a0\u00a0\u00a0\u00a0\u00a0\u00a0\u00a0\u00a0\u00a0\u00a0\u00a0\u00a0\u00a0\u00a0\u00a0\u00a0\u00a0\u00a0\u00a0\u00a0\u00a0\u00a0\u00a0\u00a0\u00a0\u00a0\u00a0\u00a0\u00a0\u00a0\u00a0\u00a0\u00a0\u00a0\u00a0\u00a0\u00a0\u00a0\u00a0\u00a0\u00a0\u00a0\u00a0\u00a0\u00a0\u00a0\u00a0\u00a0\u00a0\u00a0\u00a0\u00a0\u00a0\u00a0\u00a0\u00a0\u00a0\u00a0\u00a0\u00a0\u00a0\u00a0\u00a0\u00a0\u00a0\u00a0\u00a0\u00a0\u00a0\u00a0\u00a0\u00a0\u00a0\u00a0\u00a0 \u00a0 \u00a0 \u00a0 \u00a0 \u00a0 \u00a0 \u00a0 \u00a0 \u00a0 \u00a0 \u00a0 \u00a0 \u00a0 \u00a0 \u00a0 \u00a0 \u00a0 \u00a0 \u00a0\u00a0\u00a0 \u00a0II NIEDZIELA\u00a0 WIELKIEGO POSTU &nbsp; Zapraszam jeszcze dzisiaj na drog\u0119 krzy\u017cow\u0105 po mszy \u015bwi\u0119tej o godz. 8:00. O godz. 17:15 Gorzkie \u017bale z kazaniem pasyjnym . Bardzo serdecznie [&hellip;]<\/p>\n","protected":false},"author":0,"featured_media":0,"comment_status":"closed","ping_status":"closed","sticky":false,"template":"","format":"standard","meta":{"ngg_post_thumbnail":0,"footnotes":""},"categories":[3],"tags":[],"class_list":["post-2404","post","type-post","status-publish","format-standard","hentry","category-ogloszenia"],"aioseo_notices":[],"_links":{"self":[{"href":"https:\/\/parafiakrzyzowa.pl\/index.php?rest_route=\/wp\/v2\/posts\/2404","targetHints":{"allow":["GET"]}}],"collection":[{"href":"https:\/\/parafiakrzyzowa.pl\/index.php?rest_route=\/wp\/v2\/posts"}],"about":[{"href":"https:\/\/parafiakrzyzowa.pl\/index.php?rest_route=\/wp\/v2\/types\/post"}],"replies":[{"embeddable":true,"href":"https:\/\/parafiakrzyzowa.pl\/index.php?rest_route=%2Fwp%2Fv2%2Fcomments&post=2404"}],"version-history":[{"count":1,"href":"https:\/\/parafiakrzyzowa.pl\/index.php?rest_route=\/wp\/v2\/posts\/2404\/revisions"}],"predecessor-version":[{"id":2405,"href":"https:\/\/parafiakrzyzowa.pl\/index.php?rest_route=\/wp\/v2\/posts\/2404\/revisions\/2405"}],"wp:attachment":[{"href":"https:\/\/parafiakrzyzowa.pl\/index.php?rest_route=%2Fwp%2Fv2%2Fmedia&parent=2404"}],"wp:term":[{"taxonomy":"category","embeddable":true,"href":"https:\/\/parafiakrzyzowa.pl\/index.php?rest_route=%2Fwp%2Fv2%2Fcategories&post=2404"},{"taxonomy":"post_tag","embeddable":true,"href":"https:\/\/parafiakrzyzowa.pl\/index.php?rest_route=%2Fwp%2Fv2%2Ftags&post=2404"}],"curies":[{"name":"wp","href":"https:\/\/api.w.org\/{rel}","templated":true}]}}