{"id":2411,"date":"2021-03-06T12:14:19","date_gmt":"2021-03-06T12:14:19","guid":{"rendered":"https:\/\/parafiakrzyzowa.pl\/?p=2411"},"modified":"2021-03-06T12:14:25","modified_gmt":"2021-03-06T12:14:25","slug":"2411","status":"publish","type":"post","link":"https:\/\/parafiakrzyzowa.pl\/?p=2411","title":{"rendered":""},"content":{"rendered":"<p>&nbsp;<\/p>\n<p>Krzy\u017cowa 7. III . 2021 r.<\/p>\n<p><strong>\u00a0\u00a0\u00a0\u00a0\u00a0\u00a0\u00a0\u00a0\u00a0\u00a0\u00a0\u00a0\u00a0\u00a0\u00a0\u00a0\u00a0\u00a0\u00a0\u00a0\u00a0\u00a0\u00a0\u00a0\u00a0\u00a0\u00a0\u00a0\u00a0\u00a0\u00a0\u00a0\u00a0\u00a0\u00a0\u00a0\u00a0\u00a0\u00a0\u00a0\u00a0\u00a0\u00a0\u00a0\u00a0\u00a0\u00a0\u00a0\u00a0\u00a0\u00a0\u00a0\u00a0\u00a0\u00a0\u00a0\u00a0\u00a0\u00a0\u00a0\u00a0\u00a0\u00a0\u00a0\u00a0\u00a0\u00a0\u00a0\u00a0\u00a0\u00a0\u00a0\u00a0\u00a0\u00a0\u00a0\u00a0 <\/strong><\/p>\n<p><strong>\u00a0\u00a0\u00a0\u00a0\u00a0\u00a0\u00a0\u00a0\u00a0\u00a0\u00a0\u00a0\u00a0\u00a0\u00a0\u00a0\u00a0\u00a0\u00a0\u00a0\u00a0\u00a0\u00a0\u00a0\u00a0\u00a0\u00a0\u00a0\u00a0\u00a0\u00a0\u00a0\u00a0\u00a0\u00a0\u00a0 <\/strong><\/p>\n<p><strong>\u00a0<\/strong><\/p>\n<p><strong>\u00a0\u00a0\u00a0\u00a0\u00a0\u00a0\u00a0\u00a0\u00a0\u00a0\u00a0 \u00a0\u00a0\u00a0\u00a0\u00a0\u00a0\u00a0\u00a0\u00a0\u00a0\u00a0\u00a0\u00a0\u00a0\u00a0\u00a0\u00a0\u00a0\u00a0\u00a0\u00a0<\/strong><strong><u>III NIEDZIELA\u00a0 WIELKIEGO POSTU<\/u><\/strong><\/p>\n<p>&nbsp;<\/p>\n<p>&nbsp;<\/p>\n<p>Ko\u0144czymy dzisiaj e naszej parafii rekolekcje wielkopostne. Dzisiaj jeszcze msze \u015bw. z naukami rekolekcyjnymi o godz. 8, 10 i 18 wieczorem. O godz. 17:15 Gorzkie \u017bale z kazaniem pasyjnym.<\/p>\n<p>Bardzo serdecznie dzi\u0119kuj\u0119 ks. Leszkowi za trud g\u0142oszenia nauk rekolekcyjnych. Przy okazji ks. Leszek odnowi\u0142 swoje wi\u0119zy rodzinne , poniewa\u017c tata ksi\u0119dza pochodzi \u00a0z\u00a0 Korbielowa\u00a0 i tutaj mieszka dot\u0105d rodzina.<\/p>\n<p>&nbsp;<\/p>\n<p>Ofiara z mszy \u015bw. w dzisiejsz\u0105 niedziel\u0119 jest dla ks. rekolekcjonisty jak nasze podzi\u0119kowanie za trud g\u0142oszenia rekolekcji.<\/p>\n<p>&nbsp;<\/p>\n<p>Zapraszam na codzienn\u0105 msz\u0119 \u015bw. do naszej \u015bwi\u0105tyni. Przed msz\u0105 \u015bw. codziennie spowied\u017a \u015bw. Nie b\u0119dzie w tym roku spowiedzi \u015bw. ca\u0142odziennej przed \u015bwi\u0119tami wielkanocnymi wi\u0119c bardzo prosz\u0119 skorzysta\u0107 z Sakramentu Pokuty w tym czasie kt\u00f3ry nam zosta\u0142 do \u015bwi\u0105t.<\/p>\n<p>&nbsp;<\/p>\n<p>Do nabycia s\u0105 ksi\u0105\u017cki ks. Leszka . Opr\u00f3cz go\u015bcia Niedzielnego s\u0105 Drogi Misyjne , a w przedsionku ko\u015bcio\u0142a Dobre Nowiny.<\/p>\n<p>&nbsp;<\/p>\n<p>B\u00f3g zap\u0142a\u0107 za sprz\u0105tanie ko\u015bcio\u0142a w tym tygodniu. Nast\u0119pne sprz\u0105tanie b\u0119dzie w sobot\u0119 o godz. 9:00.<\/p>\n<p>Sprz\u0105taj\u0105 Panie: Bernadetta Cudzich Ma\u0142gorzata Niewdana Stanis\u0142awa Pastor i Maria Krzy\u017cowska.<\/p>\n<p>&nbsp;<\/p>\n<p>Mo\u017cna sk\u0142ada\u0107 ofiary na kwiaty do Grobu Pa\u0144skiego. B\u00f3g zap\u0142a\u0107 za ofiary na rodzin\u0119 syryjsk\u0105. Prosz\u0119 traktowa\u0107 t\u0119 ofiar\u0119 jako ja\u0142mu\u017cn\u0119 postn\u0105.<\/p>\n<p>&nbsp;<\/p>\n<p>Przypominam, \u017ce msze \u015bw. w dni powszednie s\u0105 odprawiane o godz. 18 opr\u00f3cz wtork\u00f3w i czwartk\u00f3w.<\/p>\n<p>&nbsp;<\/p>\n<p>Bardzo serdecznie prosz\u0119 was wszystkich o modlitw\u0119 za chorych z naszej parafii.<\/p>\n<p>&nbsp;<\/p>\n<p>&nbsp;<\/p>\n","protected":false},"excerpt":{"rendered":"<p>&nbsp; Krzy\u017cowa 7. III . 2021 r. \u00a0\u00a0\u00a0\u00a0\u00a0\u00a0\u00a0\u00a0\u00a0\u00a0\u00a0\u00a0\u00a0\u00a0\u00a0\u00a0\u00a0\u00a0\u00a0\u00a0\u00a0\u00a0\u00a0\u00a0\u00a0\u00a0\u00a0\u00a0\u00a0\u00a0\u00a0\u00a0\u00a0\u00a0\u00a0\u00a0\u00a0\u00a0\u00a0\u00a0\u00a0\u00a0\u00a0\u00a0\u00a0\u00a0\u00a0\u00a0\u00a0\u00a0\u00a0\u00a0\u00a0\u00a0\u00a0\u00a0\u00a0\u00a0\u00a0\u00a0\u00a0\u00a0\u00a0\u00a0\u00a0\u00a0\u00a0\u00a0\u00a0\u00a0\u00a0\u00a0\u00a0\u00a0\u00a0\u00a0\u00a0 \u00a0\u00a0\u00a0\u00a0\u00a0\u00a0\u00a0\u00a0\u00a0\u00a0\u00a0\u00a0\u00a0\u00a0\u00a0\u00a0\u00a0\u00a0\u00a0\u00a0\u00a0\u00a0\u00a0\u00a0\u00a0\u00a0\u00a0\u00a0\u00a0\u00a0\u00a0\u00a0\u00a0\u00a0\u00a0\u00a0 \u00a0 \u00a0\u00a0\u00a0\u00a0\u00a0\u00a0\u00a0\u00a0\u00a0\u00a0\u00a0 \u00a0\u00a0\u00a0\u00a0\u00a0\u00a0\u00a0\u00a0\u00a0\u00a0\u00a0\u00a0\u00a0\u00a0\u00a0\u00a0\u00a0\u00a0\u00a0\u00a0\u00a0III NIEDZIELA\u00a0 WIELKIEGO POSTU &nbsp; &nbsp; Ko\u0144czymy dzisiaj e naszej parafii rekolekcje wielkopostne. Dzisiaj jeszcze msze \u015bw. z naukami rekolekcyjnymi o godz. 8, 10 i 18 wieczorem. O godz. 17:15 Gorzkie \u017bale z kazaniem pasyjnym. Bardzo serdecznie dzi\u0119kuj\u0119 ks. Leszkowi za trud g\u0142oszenia nauk [&hellip;]<\/p>\n","protected":false},"author":0,"featured_media":0,"comment_status":"closed","ping_status":"closed","sticky":false,"template":"","format":"standard","meta":{"ngg_post_thumbnail":0,"footnotes":""},"categories":[3],"tags":[],"class_list":["post-2411","post","type-post","status-publish","format-standard","hentry","category-ogloszenia"],"aioseo_notices":[],"_links":{"self":[{"href":"https:\/\/parafiakrzyzowa.pl\/index.php?rest_route=\/wp\/v2\/posts\/2411","targetHints":{"allow":["GET"]}}],"collection":[{"href":"https:\/\/parafiakrzyzowa.pl\/index.php?rest_route=\/wp\/v2\/posts"}],"about":[{"href":"https:\/\/parafiakrzyzowa.pl\/index.php?rest_route=\/wp\/v2\/types\/post"}],"replies":[{"embeddable":true,"href":"https:\/\/parafiakrzyzowa.pl\/index.php?rest_route=%2Fwp%2Fv2%2Fcomments&post=2411"}],"version-history":[{"count":1,"href":"https:\/\/parafiakrzyzowa.pl\/index.php?rest_route=\/wp\/v2\/posts\/2411\/revisions"}],"predecessor-version":[{"id":2412,"href":"https:\/\/parafiakrzyzowa.pl\/index.php?rest_route=\/wp\/v2\/posts\/2411\/revisions\/2412"}],"wp:attachment":[{"href":"https:\/\/parafiakrzyzowa.pl\/index.php?rest_route=%2Fwp%2Fv2%2Fmedia&parent=2411"}],"wp:term":[{"taxonomy":"category","embeddable":true,"href":"https:\/\/parafiakrzyzowa.pl\/index.php?rest_route=%2Fwp%2Fv2%2Fcategories&post=2411"},{"taxonomy":"post_tag","embeddable":true,"href":"https:\/\/parafiakrzyzowa.pl\/index.php?rest_route=%2Fwp%2Fv2%2Ftags&post=2411"}],"curies":[{"name":"wp","href":"https:\/\/api.w.org\/{rel}","templated":true}]}}