{"id":2419,"date":"2021-03-13T11:22:12","date_gmt":"2021-03-13T11:22:12","guid":{"rendered":"https:\/\/parafiakrzyzowa.pl\/?p=2419"},"modified":"2021-03-13T11:22:19","modified_gmt":"2021-03-13T11:22:19","slug":"2419","status":"publish","type":"post","link":"https:\/\/parafiakrzyzowa.pl\/?p=2419","title":{"rendered":""},"content":{"rendered":"<p>&nbsp;<\/p>\n<p>Krzy\u017cowa 14. III . 2021 r.<\/p>\n<p><strong>\u00a0\u00a0\u00a0\u00a0\u00a0\u00a0\u00a0\u00a0\u00a0\u00a0\u00a0\u00a0\u00a0\u00a0\u00a0\u00a0\u00a0\u00a0\u00a0\u00a0\u00a0\u00a0\u00a0\u00a0\u00a0\u00a0\u00a0\u00a0\u00a0\u00a0\u00a0\u00a0\u00a0\u00a0\u00a0\u00a0\u00a0\u00a0\u00a0\u00a0\u00a0\u00a0\u00a0\u00a0\u00a0\u00a0\u00a0\u00a0\u00a0\u00a0\u00a0\u00a0\u00a0\u00a0\u00a0\u00a0\u00a0\u00a0\u00a0\u00a0\u00a0\u00a0\u00a0\u00a0\u00a0\u00a0\u00a0\u00a0\u00a0\u00a0\u00a0\u00a0\u00a0\u00a0\u00a0\u00a0\u00a0 <\/strong><\/p>\n<p><strong>\u00a0\u00a0\u00a0\u00a0\u00a0\u00a0\u00a0\u00a0\u00a0\u00a0\u00a0\u00a0\u00a0\u00a0\u00a0\u00a0\u00a0\u00a0\u00a0\u00a0\u00a0\u00a0\u00a0\u00a0\u00a0\u00a0\u00a0\u00a0\u00a0\u00a0\u00a0\u00a0\u00a0\u00a0\u00a0\u00a0 <\/strong><\/p>\n<p><strong>\u00a0<\/strong><\/p>\n<p><strong>\u00a0 \u00a0 \u00a0 \u00a0 \u00a0 \u00a0 \u00a0 \u00a0 \u00a0 \u00a0 \u00a0 \u00a0 \u00a0 \u00a0 \u00a0 \u00a0 \u00a0 \u00a0 \u00a0 \u00a0 \u00a0 \u00a0 \u00a0<\/strong><strong><u>IV NIEDZIELA\u00a0 WIELKIEGO POSTU<\/u><\/strong><\/p>\n<p>&nbsp;<\/p>\n<p>&nbsp;<\/p>\n<p>Ko\u0144czymy dzisiaj e naszej parafii rekolekcje wielkopostne. Dzisiaj jeszcze\u00a0 o godz. 17:15 Gorzkie \u017bale z kazaniem pasyjnym.<\/p>\n<p>Po mszy \u015bw. o godz. 8 droga krzy\u017cowa.<\/p>\n<p>&nbsp;<\/p>\n<p>Ks. Leszek sk\u0142ada calej parafii podzi\u0119kowanie za ofiar\u0119 dla niego w czasie g\u0142oszenia rekolekcji.<\/p>\n<p>&nbsp;<\/p>\n<p>Zapraszam na codzienn\u0105 msz\u0119 \u015bw. do naszej \u015bwi\u0105tyni. Przed msz\u0105 \u015bw. codziennie spowied\u017a \u015bw. Nie b\u0119dzie w tym roku spowiedzi \u015bw. ca\u0142odziennej przed \u015bwi\u0119tami wielkanocnymi wi\u0119c bardzo prosz\u0119 skorzysta\u0107 z Sakramentu Pokuty w tym czasie kt\u00f3ry nam zosta\u0142 do \u015bwi\u0105t.<\/p>\n<p>&nbsp;<\/p>\n<p>W pi\u0105tek droga krzy\u017cowa o godz. 17:30<\/p>\n<p>&nbsp;<\/p>\n<p>Z racji III pi\u0105tku miesi\u0105ca po mszy \u015bw. koronka do Bo\u017cego Mi\u0142osierdzia . Serdecznie zapraszam.<\/p>\n<p>&nbsp;<\/p>\n<p>W \u015brod\u0119 przed msz\u0105 \u015bw. i Nowenn\u0105 do Matki Bo\u017cej Nieustaj\u0105cej Pomocy prosz\u0119 o r\u00f3\u017caniec w intencji wszystkich chorych z naszej parafii.<\/p>\n<p>&nbsp;<\/p>\n<p>&nbsp;<\/p>\n<p>B\u00f3g zap\u0142a\u0107 za sprz\u0105tanie ko\u015bcio\u0142a w tym tygodniu. Nast\u0119pne sprz\u0105tanie b\u0119dzie w sobot\u0119 o godz. 9:00.<\/p>\n<p>Sprz\u0105taj\u0105 Panie: Lucyna Kormaniak Beata Kormaniak Halina\u00a0 \u0141ysie\u0144 Marzena Juraszek<\/p>\n<p>&nbsp;<\/p>\n<p>Zach\u0119cam do nabywania prasy katolickiej.<\/p>\n<p>&nbsp;<\/p>\n<p>Mo\u017cna sk\u0142ada\u0107 ofiary na kwiaty do Grobu Pa\u0144skiego. B\u00f3g zap\u0142a\u0107 za ofiary na rodzin\u0119 syryjsk\u0105. Prosz\u0119 traktowa\u0107 t\u0119 ofiar\u0119 jako ja\u0142mu\u017cn\u0119 postn\u0105.<\/p>\n<p>&nbsp;<\/p>\n<p>Jutro o godz. 17 spotkanie z dzie\u0107mi z klasy III<\/p>\n<p>W \u015brod\u0119 spotkanie o godz. 17 z kandydatami na ministrant\u00f3w<\/p>\n<p>&nbsp;<\/p>\n<p>&nbsp;<\/p>\n<p>Bardzo serdecznie prosz\u0119 was wszystkich o modlitw\u0119 za chorych z naszej parafii.<\/p>\n<p>&nbsp;<\/p>\n<p>&nbsp;<\/p>\n<p>Kalendarz liturgiczny<\/p>\n<p>&nbsp;<\/p>\n<p>Pi\u0105tek \u2013 uroczysto\u015b\u0107 \u015bw. J\u00f3zefa Oblubie\u0144ca Matki Naj\u015bwi\u0119tszej<\/p>\n<p>&nbsp;<\/p>\n<p>&nbsp;<\/p>\n","protected":false},"excerpt":{"rendered":"<p>&nbsp; Krzy\u017cowa 14. III . 2021 r. \u00a0\u00a0\u00a0\u00a0\u00a0\u00a0\u00a0\u00a0\u00a0\u00a0\u00a0\u00a0\u00a0\u00a0\u00a0\u00a0\u00a0\u00a0\u00a0\u00a0\u00a0\u00a0\u00a0\u00a0\u00a0\u00a0\u00a0\u00a0\u00a0\u00a0\u00a0\u00a0\u00a0\u00a0\u00a0\u00a0\u00a0\u00a0\u00a0\u00a0\u00a0\u00a0\u00a0\u00a0\u00a0\u00a0\u00a0\u00a0\u00a0\u00a0\u00a0\u00a0\u00a0\u00a0\u00a0\u00a0\u00a0\u00a0\u00a0\u00a0\u00a0\u00a0\u00a0\u00a0\u00a0\u00a0\u00a0\u00a0\u00a0\u00a0\u00a0\u00a0\u00a0\u00a0\u00a0\u00a0\u00a0 \u00a0\u00a0\u00a0\u00a0\u00a0\u00a0\u00a0\u00a0\u00a0\u00a0\u00a0\u00a0\u00a0\u00a0\u00a0\u00a0\u00a0\u00a0\u00a0\u00a0\u00a0\u00a0\u00a0\u00a0\u00a0\u00a0\u00a0\u00a0\u00a0\u00a0\u00a0\u00a0\u00a0\u00a0\u00a0\u00a0 \u00a0 \u00a0 \u00a0 \u00a0 \u00a0 \u00a0 \u00a0 \u00a0 \u00a0 \u00a0 \u00a0 \u00a0 \u00a0 \u00a0 \u00a0 \u00a0 \u00a0 \u00a0 \u00a0 \u00a0 \u00a0 \u00a0 \u00a0 \u00a0IV NIEDZIELA\u00a0 WIELKIEGO POSTU &nbsp; &nbsp; Ko\u0144czymy dzisiaj e naszej parafii rekolekcje wielkopostne. Dzisiaj jeszcze\u00a0 o godz. 17:15 Gorzkie \u017bale z kazaniem pasyjnym. [&hellip;]<\/p>\n","protected":false},"author":0,"featured_media":0,"comment_status":"closed","ping_status":"closed","sticky":false,"template":"","format":"standard","meta":{"ngg_post_thumbnail":0,"footnotes":""},"categories":[3],"tags":[],"class_list":["post-2419","post","type-post","status-publish","format-standard","hentry","category-ogloszenia"],"aioseo_notices":[],"_links":{"self":[{"href":"https:\/\/parafiakrzyzowa.pl\/index.php?rest_route=\/wp\/v2\/posts\/2419","targetHints":{"allow":["GET"]}}],"collection":[{"href":"https:\/\/parafiakrzyzowa.pl\/index.php?rest_route=\/wp\/v2\/posts"}],"about":[{"href":"https:\/\/parafiakrzyzowa.pl\/index.php?rest_route=\/wp\/v2\/types\/post"}],"replies":[{"embeddable":true,"href":"https:\/\/parafiakrzyzowa.pl\/index.php?rest_route=%2Fwp%2Fv2%2Fcomments&post=2419"}],"version-history":[{"count":1,"href":"https:\/\/parafiakrzyzowa.pl\/index.php?rest_route=\/wp\/v2\/posts\/2419\/revisions"}],"predecessor-version":[{"id":2420,"href":"https:\/\/parafiakrzyzowa.pl\/index.php?rest_route=\/wp\/v2\/posts\/2419\/revisions\/2420"}],"wp:attachment":[{"href":"https:\/\/parafiakrzyzowa.pl\/index.php?rest_route=%2Fwp%2Fv2%2Fmedia&parent=2419"}],"wp:term":[{"taxonomy":"category","embeddable":true,"href":"https:\/\/parafiakrzyzowa.pl\/index.php?rest_route=%2Fwp%2Fv2%2Fcategories&post=2419"},{"taxonomy":"post_tag","embeddable":true,"href":"https:\/\/parafiakrzyzowa.pl\/index.php?rest_route=%2Fwp%2Fv2%2Ftags&post=2419"}],"curies":[{"name":"wp","href":"https:\/\/api.w.org\/{rel}","templated":true}]}}