{"id":2422,"date":"2021-03-13T11:23:32","date_gmt":"2021-03-13T11:23:32","guid":{"rendered":"https:\/\/parafiakrzyzowa.pl\/?p=2422"},"modified":"2021-03-13T11:23:38","modified_gmt":"2021-03-13T11:23:38","slug":"2422","status":"publish","type":"post","link":"https:\/\/parafiakrzyzowa.pl\/?p=2422","title":{"rendered":""},"content":{"rendered":"<p>&nbsp;<\/p>\n<p><strong>\u00a0\u00a0 <\/strong>\u00a0\u00a0\u00a0\u00a0\u00a0\u00a0<strong>\u00a0\u00a0\u00a0\u00a0\u00a0\u00a0\u00a0\u00a0\u00a0\u00a0\u00a0\u00a0\u00a0\u00a0\u00a0\u00a0\u00a0\u00a0\u00a0\u00a0\u00a0\u00a0\u00a0\u00a0\u00a0\u00a0\u00a0\u00a0\u00a0\u00a0\u00a0\u00a0\u00a0\u00a0\u00a0\u00a0\u00a0\u00a0\u00a0\u00a0\u00a0\u00a0\u00a0\u00a0\u00a0\u00a0\u00a0\u00a0\u00a0\u00a0\u00a0\u00a0\u00a0\u00a0\u00a0\u00a0\u00a0\u00a0\u00a0\u00a0\u00a0\u00a0\u00a0\u00a0\u00a0\u00a0\u00a0\u00a0\u00a0\u00a0\u00a0\u00a0\u00a0\u00a0\u00a0\u00a0<\/strong><\/p>\n<p><strong>\u00a0\u00a0\u00a0\u00a0\u00a0\u00a0 \u00a0\u00a0\u00a0\u00a0\u00a0\u00a0\u00a0\u00a0\u00a0\u00a0\u00a0\u00a0\u00a0\u00a0\u00a0\u00a0\u00a0\u00a0\u00a0\u00a0\u00a0\u00a0\u00a0\u00a0\u00a0<\/strong><strong>\u00a0<u>INTENCJE MSZY\u00a0 \u015aWI\u0118TYCH<\/u><\/strong><\/p>\n<p>&nbsp;<\/p>\n<p><strong><u>NIEDZIELA14 . III . 2021r. <\/u><\/strong><\/p>\n<p>&nbsp;<\/p>\n<p>Godz.8:00\u00a0\u00a0 &#8211;\u00a0 \u00a0\u00a0\u00a0+ Rozalia \u0141ysie\u0144 w 41r. \u015bmierci<\/p>\n<p>&nbsp;<\/p>\n<p>Godz.. 10\u00a0\u00a0\u00a0 &#8211;\u00a0\u00a0 \u00a0\u00a0+ J\u00f3zef G\u00f3ra w 1r. \u015bmierci\u2019<\/p>\n<p>&#8211;\u00a0\u00a0\u00a0\u00a0\u00a0\u00a0\u00a0\u00a0 O zdrowie i b\u0142. Bo\u017ce dla Antosia Miko\u0142aja Klimczaka z okazji chrztu \u015bwi\u0119tego<\/p>\n<p>&nbsp;<\/p>\n<p>Godz. 18 \u00a0\u00a0\u00a0\u00a0&#8211;\u00a0\u00a0 ++ Tadeusz Walig\u00f3ra w 4r. \u015bmierci i rodzice Magdalena i W\u0142adys\u0142aw<\/p>\n<p>&nbsp;<\/p>\n<p><u>\u00a0<strong>PONIEDZIA\u0141EK \u00a015. III. 2021r.<\/strong>\u00a0\u00a0\u00a0\u00a0\u00a0\u00a0\u00a0\u00a0 <\/u><\/p>\n<p>&nbsp;<\/p>\n<p>Godz. 18\u00a0\u00a0\u00a0\u00a0\u00a0 &#8211;\u00a0 \u00a0\u00a0\u00a0+\u00a0 Alicja Czechowska<\/p>\n<p><strong><u>\u00a0<\/u><\/strong><\/p>\n<p><strong><u>WTOREK 16.III. 2021r.<\/u><\/strong><\/p>\n<p><strong><u>\u00a0<\/u><\/strong><\/p>\n<p>Godz. 7:00\u00a0 &#8211;\u00a0\u00a0\u00a0 \u00a0\u00a0\u00a0\u00a0\u00a0\u00a0\u00a0W pewnej intencji<\/p>\n<p><strong>\u00a0<\/strong><\/p>\n<p><strong><u>\u015aRODA\u00a0 17. III .\u00a0 2021r.<\/u><\/strong><\/p>\n<p>&nbsp;<\/p>\n<p>Godz.18 \u00a0\u00a0\u00a0&#8211; \u00a0\u00a0\u00a0\u00a0++ Anna Kami\u0144ska w 1r. \u015bmierci m\u0105\u017c\u00a0 Franciszek<\/p>\n<p><strong><u>\u00a0<\/u><\/strong><\/p>\n<p><strong><u>CZWARTEK\u00a0 18. II. 2021r.<\/u><\/strong><\/p>\n<p>&nbsp;<\/p>\n<p>Godz. 7:00\u00a0 &#8211; \u00a0\u00a0++ Wiktoria Wrzeszcz m\u0105\u017c J\u00f3zef<\/p>\n<p>&nbsp;<\/p>\n<p><strong><u>PI\u0104TEK 19 .III. 2021 r. <\/u><\/strong><\/p>\n<p>&nbsp;<\/p>\n<p>Godz. 18 \u00a0\u00a0&#8211;\u00a0 ++ Bronis\u0142awa i J\u00f3zef Ciupka<\/p>\n<p><strong><u>\u00a0<\/u><\/strong><\/p>\n<p><strong><u>SOBOTA 20. III . 2021r.<\/u><\/strong><\/p>\n<p>&nbsp;<\/p>\n<p>Godz. 18\u00a0\u00a0 \u00a0\u00a0\u00a0&#8211;\u00a0\u00a0\u00a0 \u00a0+ Stanis\u0142aw Legler w r. \u015bmierci<\/p>\n<p>&nbsp;<\/p>\n<p><strong><u>NIEDZIELA 21 . III . 2021r. <\/u><\/strong><\/p>\n<p>&nbsp;<\/p>\n<p>Godz.8:00 \u00a0\u00a0&#8211; \u00a0\u00a0\u00a0\u00a0\u00a0\u00a0+ Jan Michalec w 11r. \u015bmierci<\/p>\n<p>&nbsp;<\/p>\n<p>Godz. 10\u00a0\u00a0\u00a0\u00a0 &#8211;\u00a0 \u00a0\u00a0\u00a0\u00a0\u00a0+ Pawe\u0142 Witas w 17r. \u015bmierci<\/p>\n<p>&nbsp;<\/p>\n<p>Godz. 18 \u00a0\u00a0\u00a0\u00a0&#8211; \u00a0\u00a0\u00a0\u00a0++ Weronika Galas w 17r. \u015bmierci m\u0105\u017c Wojciech<\/p>\n<p>&nbsp;<\/p>\n","protected":false},"excerpt":{"rendered":"<p>&nbsp; \u00a0\u00a0 \u00a0\u00a0\u00a0\u00a0\u00a0\u00a0\u00a0\u00a0\u00a0\u00a0\u00a0\u00a0\u00a0\u00a0\u00a0\u00a0\u00a0\u00a0\u00a0\u00a0\u00a0\u00a0\u00a0\u00a0\u00a0\u00a0\u00a0\u00a0\u00a0\u00a0\u00a0\u00a0\u00a0\u00a0\u00a0\u00a0\u00a0\u00a0\u00a0\u00a0\u00a0\u00a0\u00a0\u00a0\u00a0\u00a0\u00a0\u00a0\u00a0\u00a0\u00a0\u00a0\u00a0\u00a0\u00a0\u00a0\u00a0\u00a0\u00a0\u00a0\u00a0\u00a0\u00a0\u00a0\u00a0\u00a0\u00a0\u00a0\u00a0\u00a0\u00a0\u00a0\u00a0\u00a0\u00a0\u00a0\u00a0\u00a0\u00a0\u00a0\u00a0\u00a0 \u00a0\u00a0\u00a0\u00a0\u00a0\u00a0 \u00a0\u00a0\u00a0\u00a0\u00a0\u00a0\u00a0\u00a0\u00a0\u00a0\u00a0\u00a0\u00a0\u00a0\u00a0\u00a0\u00a0\u00a0\u00a0\u00a0\u00a0\u00a0\u00a0\u00a0\u00a0\u00a0INTENCJE MSZY\u00a0 \u015aWI\u0118TYCH &nbsp; NIEDZIELA14 . III . 2021r. &nbsp; Godz.8:00\u00a0\u00a0 &#8211;\u00a0 \u00a0\u00a0\u00a0+ Rozalia \u0141ysie\u0144 w 41r. \u015bmierci &nbsp; Godz.. 10\u00a0\u00a0\u00a0 &#8211;\u00a0\u00a0 \u00a0\u00a0+ J\u00f3zef G\u00f3ra w 1r. \u015bmierci\u2019 &#8211;\u00a0\u00a0\u00a0\u00a0\u00a0\u00a0\u00a0\u00a0 O zdrowie i b\u0142. Bo\u017ce dla Antosia Miko\u0142aja Klimczaka z okazji chrztu \u015bwi\u0119tego &nbsp; Godz. 18 \u00a0\u00a0\u00a0\u00a0&#8211;\u00a0\u00a0 ++ Tadeusz Walig\u00f3ra w 4r. [&hellip;]<\/p>\n","protected":false},"author":0,"featured_media":0,"comment_status":"closed","ping_status":"closed","sticky":false,"template":"","format":"standard","meta":{"ngg_post_thumbnail":0,"footnotes":""},"categories":[7],"tags":[],"class_list":["post-2422","post","type-post","status-publish","format-standard","hentry","category-intencje"],"aioseo_notices":[],"_links":{"self":[{"href":"https:\/\/parafiakrzyzowa.pl\/index.php?rest_route=\/wp\/v2\/posts\/2422","targetHints":{"allow":["GET"]}}],"collection":[{"href":"https:\/\/parafiakrzyzowa.pl\/index.php?rest_route=\/wp\/v2\/posts"}],"about":[{"href":"https:\/\/parafiakrzyzowa.pl\/index.php?rest_route=\/wp\/v2\/types\/post"}],"replies":[{"embeddable":true,"href":"https:\/\/parafiakrzyzowa.pl\/index.php?rest_route=%2Fwp%2Fv2%2Fcomments&post=2422"}],"version-history":[{"count":1,"href":"https:\/\/parafiakrzyzowa.pl\/index.php?rest_route=\/wp\/v2\/posts\/2422\/revisions"}],"predecessor-version":[{"id":2423,"href":"https:\/\/parafiakrzyzowa.pl\/index.php?rest_route=\/wp\/v2\/posts\/2422\/revisions\/2423"}],"wp:attachment":[{"href":"https:\/\/parafiakrzyzowa.pl\/index.php?rest_route=%2Fwp%2Fv2%2Fmedia&parent=2422"}],"wp:term":[{"taxonomy":"category","embeddable":true,"href":"https:\/\/parafiakrzyzowa.pl\/index.php?rest_route=%2Fwp%2Fv2%2Fcategories&post=2422"},{"taxonomy":"post_tag","embeddable":true,"href":"https:\/\/parafiakrzyzowa.pl\/index.php?rest_route=%2Fwp%2Fv2%2Ftags&post=2422"}],"curies":[{"name":"wp","href":"https:\/\/api.w.org\/{rel}","templated":true}]}}