{"id":2434,"date":"2021-03-27T11:52:32","date_gmt":"2021-03-27T11:52:32","guid":{"rendered":"https:\/\/parafiakrzyzowa.pl\/?p=2434"},"modified":"2021-03-27T11:56:38","modified_gmt":"2021-03-27T11:56:38","slug":"2434","status":"publish","type":"post","link":"https:\/\/parafiakrzyzowa.pl\/?p=2434","title":{"rendered":""},"content":{"rendered":"<p>&nbsp;<\/p>\n<p><strong>\u00a0\u00a0 <\/strong>\u00a0\u00a0\u00a0\u00a0\u00a0\u00a0<strong>\u00a0\u00a0\u00a0\u00a0\u00a0\u00a0\u00a0\u00a0\u00a0\u00a0\u00a0\u00a0\u00a0\u00a0\u00a0\u00a0\u00a0\u00a0\u00a0\u00a0\u00a0\u00a0\u00a0\u00a0\u00a0\u00a0\u00a0\u00a0\u00a0\u00a0\u00a0\u00a0\u00a0\u00a0\u00a0\u00a0\u00a0\u00a0\u00a0\u00a0\u00a0\u00a0\u00a0\u00a0\u00a0\u00a0\u00a0\u00a0\u00a0\u00a0\u00a0\u00a0\u00a0\u00a0\u00a0\u00a0\u00a0\u00a0\u00a0\u00a0\u00a0\u00a0\u00a0\u00a0\u00a0\u00a0\u00a0\u00a0\u00a0\u00a0\u00a0\u00a0\u00a0\u00a0\u00a0\u00a0<\/strong><\/p>\n<p><strong>\u00a0\u00a0\u00a0\u00a0\u00a0\u00a0 \u00a0\u00a0\u00a0\u00a0\u00a0\u00a0\u00a0\u00a0\u00a0\u00a0\u00a0\u00a0\u00a0\u00a0\u00a0\u00a0\u00a0\u00a0\u00a0\u00a0\u00a0\u00a0\u00a0\u00a0\u00a0<\/strong><strong>\u00a0<u>INTENCJE MSZY\u00a0 \u015aWI\u0118TYCH<\/u><\/strong><\/p>\n<p>&nbsp;<\/p>\n<p><strong><u>NIEDZIELA PALMOWA 28 . III . 2021r. <\/u><\/strong><\/p>\n<p>Godz.8:00\u00a0\u00a0 &#8211; ++ Helena \u0141ukaszek w 21r. \u015bmierci m\u0105\u017c J\u00f3zef<\/p>\n<p>Godz.. 10\u00a0\u00a0\u00a0 &#8211;\u00a0\u00a0 + Dominik Mrowiec w 2r. \u015bmierci<\/p>\n<p>Godz. 18 \u00a0\u00a0\u00a0\u00a0&#8211;\u00a0\u00a0\u00a0\u00a0\u00a0\u00a0 O zdrowie i b\u0142. Bo\u017ce dla Weroniki \u0141oboz w 90r. urodzin<\/p>\n<p><u><strong>PONIEDZIA\u0141EK \u00a029. III. 2021r.<\/strong>\u00a0\u00a0\u00a0\u00a0\u00a0\u00a0\u00a0\u00a0 <\/u><\/p>\n<p>Godz. 18\u00a0\u00a0\u00a0\u00a0\u00a0 &#8211;\u00a0 + J\u00f3zef Majcherek<\/p>\n<p><strong><u>WTOREK 30.III. 2021r.<\/u><\/strong><\/p>\n<p>Godz. 7:00\u00a0 &#8211;\u00a0\u00a0\u00a0 \u00a0\u00a0\u00a0\u00a0\u00a0\u00a0\u00a0W pewnej intencji<\/p>\n<p><strong>\u00a0<\/strong><strong><u>\u015aRODA\u00a0 31. III .\u00a0 2021r.<\/u><\/strong><\/p>\n<p>Godz.18 \u00a0\u00a0\u00a0&#8211; \u00a0\u00a0\u00a0\u00a0+ Tadeusz S\u0142owik od R\u00f3\u017cy \u015bw. s. Faustyny<\/p>\n<p><strong><u>WIELKI CZWARTEK\u00a0 1. IV. 2021r. <\/u><\/strong><\/p>\n<p>Godz. 18\u00a0\u00a0\u00a0\u00a0 &#8211;\u00a0\u00a0\u00a0 \u00a0\u00a0\u00a0\u00a0MSZA \u015aW. WIECZERZY PA\u0143SKIEJ<\/p>\n<p><strong><u>WIELKI PI\u0104TEK 2 .IV. 2021 r. <\/u><\/strong><\/p>\n<p>Godz. 18 \u00a0\u00a0&#8211; \u00a0\u00a0\u00a0\u00a0\u00a0OBRZ\u0118DY WIELKOPI\u0104TKOWE<\/p>\n<p><strong><u>WIELKA SOBOTA 3. IV . 2021r.<\/u><\/strong><\/p>\n<p>Godz. 18\u00a0\u00a0 \u00a0\u00a0\u00a0&#8211;\u00a0\u00a0\u00a0 \u00a0\u00a0MSZA \u015aW. WIGILII PASCHALNEJ<\/p>\n<p><strong><u>NIEDZIELA ZMARTWYCHWSTANIA PA\u0143SKIEGO4 . IV . 2021r. <\/u><\/strong><\/p>\n<p>Godz.8:00 \u00a0\u00a0&#8211; \u00a0\u00a0\u00a0\u00a0\u00a0\u00a0\u00a0\u00a0\u00a0\u00a0Rezurekcja w intencji Parafii<\/p>\n<p>Godz. 9:30\u00a0 &#8211;\u00a0\u00a0\u00a0\u00a0\u00a0\u00a0 +\u00a0 Waleria Cudzich<\/p>\n<p>Godz. 11\u00a0\u00a0\u00a0\u00a0 &#8211;\u00a0 \u00a0\u00a0\u00a0\u00a0\u00a0+ \u00a0Stanis\u0142aw \u0141oboz w 4r. \u015bmierci<\/p>\n<p>Godz. 18 \u00a0\u00a0\u00a0\u00a0&#8211; \u00a0\u00a0\u00a0\u00a0\u00a0\u00a0+\u00a0 Maria Michalec w 15r. \u015bmierci<\/p>\n<p><strong><u>PONIEDZIA\u0141EK\u00a0 WIELKANOCNY 5.IV. 2021r.<\/u><\/strong><\/p>\n<p>Godz. 8:00\u00a0 &#8211; \u0141ukasz Z\u0105bek<\/p>\n<p>Godz. 9:30\u00a0 &#8211; Dzi\u0119kczynna z pro\u015bb\u0105 o zdrowiee i b\u0142. Bo\u017ce dla Jadwigi<\/p>\n<p>Godz, 11\u00a0\u00a0\u00a0\u00a0 -O zdrowie i b\u0142. Bo\u017ce dla Zofii Magdaleny Zawi\u0142a w dniu Chrztu \u015bw.<\/p>\n<p>Godz. 18\u00a0 + Bronis\u0142aw P\u0142aza w 16r. \u015bmierci<\/p>\n","protected":false},"excerpt":{"rendered":"<p>&nbsp; \u00a0\u00a0 \u00a0\u00a0\u00a0\u00a0\u00a0\u00a0\u00a0\u00a0\u00a0\u00a0\u00a0\u00a0\u00a0\u00a0\u00a0\u00a0\u00a0\u00a0\u00a0\u00a0\u00a0\u00a0\u00a0\u00a0\u00a0\u00a0\u00a0\u00a0\u00a0\u00a0\u00a0\u00a0\u00a0\u00a0\u00a0\u00a0\u00a0\u00a0\u00a0\u00a0\u00a0\u00a0\u00a0\u00a0\u00a0\u00a0\u00a0\u00a0\u00a0\u00a0\u00a0\u00a0\u00a0\u00a0\u00a0\u00a0\u00a0\u00a0\u00a0\u00a0\u00a0\u00a0\u00a0\u00a0\u00a0\u00a0\u00a0\u00a0\u00a0\u00a0\u00a0\u00a0\u00a0\u00a0\u00a0\u00a0\u00a0\u00a0\u00a0\u00a0\u00a0\u00a0 \u00a0\u00a0\u00a0\u00a0\u00a0\u00a0 \u00a0\u00a0\u00a0\u00a0\u00a0\u00a0\u00a0\u00a0\u00a0\u00a0\u00a0\u00a0\u00a0\u00a0\u00a0\u00a0\u00a0\u00a0\u00a0\u00a0\u00a0\u00a0\u00a0\u00a0\u00a0\u00a0INTENCJE MSZY\u00a0 \u015aWI\u0118TYCH &nbsp; NIEDZIELA PALMOWA 28 . III . 2021r. Godz.8:00\u00a0\u00a0 &#8211; ++ Helena \u0141ukaszek w 21r. \u015bmierci m\u0105\u017c J\u00f3zef Godz.. 10\u00a0\u00a0\u00a0 &#8211;\u00a0\u00a0 + Dominik Mrowiec w 2r. \u015bmierci Godz. 18 \u00a0\u00a0\u00a0\u00a0&#8211;\u00a0\u00a0\u00a0\u00a0\u00a0\u00a0 O zdrowie i b\u0142. Bo\u017ce dla Weroniki \u0141oboz w 90r. urodzin PONIEDZIA\u0141EK \u00a029. III. 2021r.\u00a0\u00a0\u00a0\u00a0\u00a0\u00a0\u00a0\u00a0 Godz. 18\u00a0\u00a0\u00a0\u00a0\u00a0 &#8211;\u00a0 [&hellip;]<\/p>\n","protected":false},"author":0,"featured_media":0,"comment_status":"closed","ping_status":"closed","sticky":false,"template":"","format":"standard","meta":{"ngg_post_thumbnail":0,"footnotes":""},"categories":[7],"tags":[],"class_list":["post-2434","post","type-post","status-publish","format-standard","hentry","category-intencje"],"aioseo_notices":[],"_links":{"self":[{"href":"https:\/\/parafiakrzyzowa.pl\/index.php?rest_route=\/wp\/v2\/posts\/2434","targetHints":{"allow":["GET"]}}],"collection":[{"href":"https:\/\/parafiakrzyzowa.pl\/index.php?rest_route=\/wp\/v2\/posts"}],"about":[{"href":"https:\/\/parafiakrzyzowa.pl\/index.php?rest_route=\/wp\/v2\/types\/post"}],"replies":[{"embeddable":true,"href":"https:\/\/parafiakrzyzowa.pl\/index.php?rest_route=%2Fwp%2Fv2%2Fcomments&post=2434"}],"version-history":[{"count":3,"href":"https:\/\/parafiakrzyzowa.pl\/index.php?rest_route=\/wp\/v2\/posts\/2434\/revisions"}],"predecessor-version":[{"id":2440,"href":"https:\/\/parafiakrzyzowa.pl\/index.php?rest_route=\/wp\/v2\/posts\/2434\/revisions\/2440"}],"wp:attachment":[{"href":"https:\/\/parafiakrzyzowa.pl\/index.php?rest_route=%2Fwp%2Fv2%2Fmedia&parent=2434"}],"wp:term":[{"taxonomy":"category","embeddable":true,"href":"https:\/\/parafiakrzyzowa.pl\/index.php?rest_route=%2Fwp%2Fv2%2Fcategories&post=2434"},{"taxonomy":"post_tag","embeddable":true,"href":"https:\/\/parafiakrzyzowa.pl\/index.php?rest_route=%2Fwp%2Fv2%2Ftags&post=2434"}],"curies":[{"name":"wp","href":"https:\/\/api.w.org\/{rel}","templated":true}]}}