{"id":2531,"date":"2021-06-05T09:17:53","date_gmt":"2021-06-05T09:17:53","guid":{"rendered":"https:\/\/parafiakrzyzowa.pl\/?p=2531"},"modified":"2021-06-05T09:18:08","modified_gmt":"2021-06-05T09:18:08","slug":"2531","status":"publish","type":"post","link":"https:\/\/parafiakrzyzowa.pl\/?p=2531","title":{"rendered":""},"content":{"rendered":"<p>&nbsp;<\/p>\n<p>&nbsp;<\/p>\n<p><strong>\u00a0\u00a0\u00a0\u00a0\u00a0\u00a0\u00a0\u00a0\u00a0\u00a0\u00a0\u00a0\u00a0\u00a0\u00a0\u00a0\u00a0\u00a0\u00a0\u00a0\u00a0\u00a0\u00a0\u00a0\u00a0\u00a0\u00a0\u00a0\u00a0\u00a0\u00a0\u00a0\u00a0\u00a0\u00a0\u00a0\u00a0\u00a0\u00a0\u00a0\u00a0\u00a0\u00a0\u00a0\u00a0\u00a0\u00a0\u00a0\u00a0\u00a0\u00a0\u00a0\u00a0\u00a0\u00a0\u00a0\u00a0\u00a0\u00a0\u00a0\u00a0\u00a0\u00a0\u00a0\u00a0\u00a0\u00a0\u00a0\u00a0\u00a0\u00a0\u00a0\u00a0\u00a0\u00a0\u00a0\u00a0 <\/strong><\/p>\n<p><strong>\u00a0\u00a0\u00a0\u00a0 \u00a0\u00a0\u00a0\u00a0\u00a0\u00a0\u00a0\u00a0\u00a0\u00a0\u00a0\u00a0\u00a0\u00a0\u00a0\u00a0\u00a0\u00a0\u00a0\u00a0\u00a0\u00a0\u00a0\u00a0\u00a0\u00a0\u00a0\u00a0\u00a0\u00a0\u00a0\u00a0\u00a0\u00a0\u00a0\u00a0<\/strong><strong><u>INTENCJE MSZY \u015aWI\u0118TYCH<\/u><\/strong><\/p>\n<p><strong>\u00a0<\/strong><\/p>\n<p><strong><u>NIEDZIELA 6.VI. 2021r.<\/u><\/strong><\/p>\n<p>&nbsp;<\/p>\n<p>Godz. 8:00 &#8211;\u00a0 \u00a0\u00a0\u00a0\u00a0+ W\u0142adys\u0142aw Hernas w 4r.\u015bmierci<\/p>\n<p>Godz. 9:30 &#8211;\u00a0\u00a0\u00a0\u00a0 \u00a0+ W\u0142adys\u0142aw J\u0119drzejas w 7r. \u015bmierci<\/p>\n<p>Godz. 11\u00a0\u00a0\u00a0 &#8211;\u00a0\u00a0 \u00a0\u00a0\u00a0+ Renata Mutz w 1r. \u015bmierci<\/p>\n<p>Godz. 18\u00a0\u00a0\u00a0 &#8211;\u00a0\u00a0 \u00a0\u00a0\u00a0\u00a0\u00a0\u00a0O zdrowie i b\u0142. Bo\u017ce dla Anny i Stanis\u0142awa Macha\u0142\u00f3w w 40r. \u015blubu<\/p>\n<p><strong><u>\u00a0<\/u><\/strong><\/p>\n<p><strong><u>PONIEDZIA\u0141EK 7.VI. 2021r.<\/u><\/strong><\/p>\n<p>&nbsp;<\/p>\n<p>Godz. 18\u00a0\u00a0 &#8211;\u00a0 \u00a0\u00a0\u00a0\u00a0\u00a0\u00a0\u00a0\u00a0\u00a0O zdrowie i \u0142. Bo\u017ce dla parafian z Krzy\u017cowej \u015arodkowej<\/p>\n<p><strong><u>\u00a0<\/u><\/strong><\/p>\n<p><strong><u>WTOREK 8.VI. 2021r.<\/u><\/strong><\/p>\n<p>&nbsp;<\/p>\n<p>Godz. 18\u00a0\u00a0 &#8211;\u00a0\u00a0\u00a0 \u00a0\u00a0\u00a0\u00a0\u00a0\u00a0\u00a0O zdrowie i b\u0142. Bo\u017ce dla parafian z Krzy\u017cowej Dolnej<\/p>\n<p><strong><u>\u00a0<\/u><\/strong><\/p>\n<p><strong><u>\u015aRODA 9.VI. 2021r.<\/u><\/strong><\/p>\n<p>&nbsp;<\/p>\n<p>Godz.. 18\u00a0\u00a0\u00a0 \u00a0&#8211;\u00a0\u00a0 \u00a0\u00a0\u00a0\u00a0\u00a0\u00a0O zdrowie i b\u0142. Bo\u017ce dla parafian z Krzy\u017c\u00f3wek<\/p>\n<p><strong><u>\u00a0<\/u><\/strong><\/p>\n<p><strong><u>CZWARTEK 10.VI. 2021r.<\/u><\/strong><\/p>\n<p>&nbsp;<\/p>\n<p>Godz. 18\u00a0\u00a0\u00a0\u00a0\u00a0 &#8211;\u00a0\u00a0\u00a0\u00a0\u00a0\u00a0\u00a0\u00a0\u00a0 O zdrowie i b\u0142. Bo\u017ce dla cz\u0142onki\u0144 R\u00f3\u017cy \u015bw. Anny<\/p>\n<p><strong><u>\u00a0<\/u><\/strong><\/p>\n<p><strong><u>PI\u0104TEK 11.VI. 2021r.<\/u><\/strong><\/p>\n<p>&nbsp;<\/p>\n<p>Godz. 18\u00a0\u00a0\u00a0\u00a0 &#8211;\u00a0\u00a0 \u00a0\u00a0\u00a0\u00a0\u00a0\u00a0O b\u0142. Bo\u017ce i opiek\u0119 Matki Bo\u017cej dla Oliwki Dybek w 18r. urodzin<\/p>\n<p><strong><u>\u00a0<\/u><\/strong><\/p>\n<p><strong><u>SOBOTA\u00a0 12.VI. 2021r.<\/u><\/strong><\/p>\n<p>&nbsp;<\/p>\n<p>Godz. 18\u00a0\u00a0\u00a0\u00a0 &#8211;\u00a0\u00a0\u00a0\u00a0\u00a0\u00a0 +\u00a0 Karol J\u0119drzejas w 42r. \u015bmierci<\/p>\n<p>&nbsp;<\/p>\n<p>Godz. 19 \u2013 Krzy\u017c\u00f3wki\u00a0 &#8211; O zdrowie i b\u0142. Bo\u017ce dla cz\u0142onki\u0144 R\u00f3\u017cy \u015bw. Franciszka z Krzy\u017cowej<\/p>\n<p><strong><u>\u00a0<\/u><\/strong><\/p>\n<p><strong><u>NIEDZIELA\u00a0 13.VI. 2021r.<\/u><\/strong><\/p>\n<p>&nbsp;<\/p>\n<p>Godz. 8:00\u00a0 &#8211;\u00a0 \u00a0\u00a0\u00a0\u00a0+ Jan kami\u0144ski<\/p>\n<p>&nbsp;<\/p>\n<p>Godz. 9:30\u00a0 &#8211; \u00a0\u00a0\u00a0\u00a0\u00a0+\u00a0 Franciszek Cudzich w 9r. \u015bmierci<\/p>\n<p>&nbsp;<\/p>\n<p>Godz. 11\u00a0\u00a0 \u00a0&#8211;\u00a0\u00a0\u00a0\u00a0\u00a0\u00a0\u00a0\u00a0\u00a0 SUMA ODPUSTOWA W NTENCJI PARAFIAN<\/p>\n<p>&nbsp;<\/p>\n<p>Godz. 18\u00a0 \u00a0\u00a0\u00a0&#8211;\u00a0\u00a0 ++ Zofia S\u0142owik m\u0105\u017c W\u0142adys\u0142aw<\/p>\n","protected":false},"excerpt":{"rendered":"<p>&nbsp; &nbsp; \u00a0\u00a0\u00a0\u00a0\u00a0\u00a0\u00a0\u00a0\u00a0\u00a0\u00a0\u00a0\u00a0\u00a0\u00a0\u00a0\u00a0\u00a0\u00a0\u00a0\u00a0\u00a0\u00a0\u00a0\u00a0\u00a0\u00a0\u00a0\u00a0\u00a0\u00a0\u00a0\u00a0\u00a0\u00a0\u00a0\u00a0\u00a0\u00a0\u00a0\u00a0\u00a0\u00a0\u00a0\u00a0\u00a0\u00a0\u00a0\u00a0\u00a0\u00a0\u00a0\u00a0\u00a0\u00a0\u00a0\u00a0\u00a0\u00a0\u00a0\u00a0\u00a0\u00a0\u00a0\u00a0\u00a0\u00a0\u00a0\u00a0\u00a0\u00a0\u00a0\u00a0\u00a0\u00a0\u00a0\u00a0 \u00a0\u00a0\u00a0\u00a0 \u00a0\u00a0\u00a0\u00a0\u00a0\u00a0\u00a0\u00a0\u00a0\u00a0\u00a0\u00a0\u00a0\u00a0\u00a0\u00a0\u00a0\u00a0\u00a0\u00a0\u00a0\u00a0\u00a0\u00a0\u00a0\u00a0\u00a0\u00a0\u00a0\u00a0\u00a0\u00a0\u00a0\u00a0\u00a0\u00a0INTENCJE MSZY \u015aWI\u0118TYCH \u00a0 NIEDZIELA 6.VI. 2021r. &nbsp; Godz. 8:00 &#8211;\u00a0 \u00a0\u00a0\u00a0\u00a0+ W\u0142adys\u0142aw Hernas w 4r.\u015bmierci Godz. 9:30 &#8211;\u00a0\u00a0\u00a0\u00a0 \u00a0+ W\u0142adys\u0142aw J\u0119drzejas w 7r. \u015bmierci Godz. 11\u00a0\u00a0\u00a0 &#8211;\u00a0\u00a0 \u00a0\u00a0\u00a0+ Renata Mutz w 1r. \u015bmierci Godz. 18\u00a0\u00a0\u00a0 &#8211;\u00a0\u00a0 \u00a0\u00a0\u00a0\u00a0\u00a0\u00a0O zdrowie i b\u0142. Bo\u017ce dla Anny i Stanis\u0142awa Macha\u0142\u00f3w w 40r. \u015blubu \u00a0 [&hellip;]<\/p>\n","protected":false},"author":0,"featured_media":0,"comment_status":"closed","ping_status":"closed","sticky":false,"template":"","format":"standard","meta":{"ngg_post_thumbnail":0,"footnotes":""},"categories":[7],"tags":[],"class_list":["post-2531","post","type-post","status-publish","format-standard","hentry","category-intencje"],"aioseo_notices":[],"_links":{"self":[{"href":"https:\/\/parafiakrzyzowa.pl\/index.php?rest_route=\/wp\/v2\/posts\/2531","targetHints":{"allow":["GET"]}}],"collection":[{"href":"https:\/\/parafiakrzyzowa.pl\/index.php?rest_route=\/wp\/v2\/posts"}],"about":[{"href":"https:\/\/parafiakrzyzowa.pl\/index.php?rest_route=\/wp\/v2\/types\/post"}],"replies":[{"embeddable":true,"href":"https:\/\/parafiakrzyzowa.pl\/index.php?rest_route=%2Fwp%2Fv2%2Fcomments&post=2531"}],"version-history":[{"count":1,"href":"https:\/\/parafiakrzyzowa.pl\/index.php?rest_route=\/wp\/v2\/posts\/2531\/revisions"}],"predecessor-version":[{"id":2532,"href":"https:\/\/parafiakrzyzowa.pl\/index.php?rest_route=\/wp\/v2\/posts\/2531\/revisions\/2532"}],"wp:attachment":[{"href":"https:\/\/parafiakrzyzowa.pl\/index.php?rest_route=%2Fwp%2Fv2%2Fmedia&parent=2531"}],"wp:term":[{"taxonomy":"category","embeddable":true,"href":"https:\/\/parafiakrzyzowa.pl\/index.php?rest_route=%2Fwp%2Fv2%2Fcategories&post=2531"},{"taxonomy":"post_tag","embeddable":true,"href":"https:\/\/parafiakrzyzowa.pl\/index.php?rest_route=%2Fwp%2Fv2%2Ftags&post=2531"}],"curies":[{"name":"wp","href":"https:\/\/api.w.org\/{rel}","templated":true}]}}