{"id":2626,"date":"2021-09-11T11:29:44","date_gmt":"2021-09-11T11:29:44","guid":{"rendered":"https:\/\/parafiakrzyzowa.pl\/?p=2626"},"modified":"2021-09-11T11:29:52","modified_gmt":"2021-09-11T11:29:52","slug":"2626","status":"publish","type":"post","link":"https:\/\/parafiakrzyzowa.pl\/?p=2626","title":{"rendered":""},"content":{"rendered":"<p>&nbsp;<\/p>\n<p>Krzy\u017cowa \u00a012.IX . 2021 r.<\/p>\n<p><strong>\u00a0\u00a0\u00a0\u00a0\u00a0\u00a0\u00a0\u00a0\u00a0\u00a0\u00a0\u00a0\u00a0\u00a0\u00a0\u00a0\u00a0\u00a0\u00a0\u00a0\u00a0\u00a0\u00a0\u00a0\u00a0\u00a0\u00a0\u00a0\u00a0\u00a0\u00a0\u00a0\u00a0\u00a0\u00a0\u00a0\u00a0\u00a0\u00a0\u00a0\u00a0\u00a0\u00a0\u00a0\u00a0\u00a0\u00a0\u00a0\u00a0\u00a0\u00a0\u00a0\u00a0\u00a0\u00a0\u00a0\u00a0\u00a0\u00a0\u00a0\u00a0\u00a0\u00a0\u00a0\u00a0\u00a0\u00a0\u00a0\u00a0\u00a0\u00a0\u00a0\u00a0\u00a0\u00a0\u00a0\u00a0 <\/strong><\/p>\n<p><strong>\u00a0\u00a0\u00a0\u00a0\u00a0\u00a0\u00a0\u00a0\u00a0\u00a0\u00a0\u00a0\u00a0\u00a0\u00a0\u00a0\u00a0\u00a0\u00a0\u00a0\u00a0\u00a0\u00a0\u00a0\u00a0\u00a0\u00a0\u00a0\u00a0\u00a0\u00a0\u00a0\u00a0\u00a0\u00a0\u00a0 <\/strong><\/p>\n<p><strong>\u00a0<\/strong><\/p>\n<p><strong>\u00a0\u00a0\u00a0\u00a0\u00a0\u00a0\u00a0\u00a0\u00a0\u00a0\u00a0\u00a0\u00a0\u00a0 \u00a0\u00a0\u00a0\u00a0\u00a0\u00a0\u00a0\u00a0\u00a0\u00a0\u00a0\u00a0\u00a0\u00a0\u00a0\u00a0\u00a0\u00a0\u00a0\u00a0\u00a0\u00a0\u00a0\u00a0\u00a0<\/strong><strong><u>XXIV NIEDZIELA ZWYK\u0141A<\/u><\/strong><\/p>\n<p>&nbsp;<\/p>\n<p>Dzi\u015b w Ko\u015bciele polskim wielki i radosny dzie\u0144 beatyfikacji s. Matki Czackiej i Prymasa Tysi\u0105clecia Kardyna\u0142a Stefana Wyszy\u0144skiego. Nie by\u0142oby takiej wiary w naszej Ojczy\u017anie gdyby nie Prymas Tysi\u0105clecia , kt\u00f3ry walczy\u0142 z komunizmem kt\u00f3ry przygotowa\u0142 nasz nar\u00f3d na millenium Chrztu poprzez nowenn\u0119 i \u015bluby Jasnog\u00f3rskie. Ko\u015bci\u00f3\u0142 w Polsce otrzymuje dzi\u015b 2 wielkie dary w postaci b\u0142ogos\u0142awionych .<\/p>\n<p>Jeszcze raz bardzo serdecznie dzi\u0119kuj\u0119 ca\u0142ej parafii za modlitw\u0119 w mojej intencji. Dzi\u0119kuj\u0119 za odwiedziny w szpitalu za opiek\u0119 naszych piel\u0119gniarek pracuj\u0105cych w szpitalu w \u017bywcu dzi\u0119kuj\u0119 lekarzom . Dzi\u0119kuj\u0119 naszej S\u0142u\u017cbie liturgicznej O\u0142tarza kt\u00f3ra tak pi\u0119knie opiekowa\u0142a si\u0119 naszym ko\u015bcio\u0142em i P. Organi\u015bcie za to \u017ce tak troszczy\u0142 si\u0119 o sprawy parafialnej. Oczywi\u015bcie ks. Krzysztofowi kt\u00f3ry niestety jest w szpitalu , ale na ca\u0142e szcz\u0119\u015bcie nic gro\u017anego si\u0119 ze zdrowiem nie dzieje.<\/p>\n<p>&nbsp;<\/p>\n<p>Zapraszam na codzienn\u0105 msz\u0119 \u015bw. do naszego ko\u015bcio\u0142a. W \u015brod\u0119 jak zwykle r\u00f3\u017caniec w intencji chorych z naszej parafii.<\/p>\n<p>&nbsp;<\/p>\n<p>Zach\u0119cam do nabywania prasy katolickiej. S\u0105 do nabycia ksi\u0105zki Historia Korbielowa i okolic po 50 z\u0142.<\/p>\n<p>&nbsp;<\/p>\n<p>Wielkie B\u00f3g zap\u0142a\u0107 za ofiary na opa\u0142 na zim\u0119 i dla rodziny syryjskiej z Allepo.<\/p>\n<p>&nbsp;<\/p>\n<p>Dzi\u0119kuj\u0119 za sprz\u0105tanie ko\u015biola w tym tygodniu. Nast\u0119pne sprz\u0105tanie b\u0119dzie w sobot\u0119 o godz. 9. Sprz\u0105taj\u0105 Panie: Rozalia J\u0119drzejas Barbara Wyr\u00f3d Barbara Michalec i Bo\u017cena Pastor.<\/p>\n<p>&nbsp;<\/p>\n<p>Spotkania w tym tygodniu: Poniedzia\u0142ek kandydaci do Bierzmowania \u015broda po mszy \u015bw. z rodzicami kandydat\u00f3w do bierzmowania w pi\u0105tek z kandydatami do Bierzmowania i ich \u015bwiadkami.<\/p>\n<p>&nbsp;<\/p>\n<p>Kalendarz liturgiczny<\/p>\n<p>Poniedzia\u0142ek \u2013 wsp. \u015bw, Jana Chryzostoma biskupa i Doktora Ko\u015bcio\u0142a<\/p>\n<p>Wtorek \u2013 \u015bwi\u0119to Podwy\u017cszenia Krzy\u017ca \u015awi\u0119tego<\/p>\n<p>\u015aroda \u2013 wsp. Naj\u015bwi\u0119tszej Maryi Panny Bolesnej<\/p>\n<p>Czwartek \u2013 wsp. \u015bwi\u0119tych Korneliusza papie\u017ca i Cypriana biskupa m\u0119czennik\u00f3w<\/p>\n<p>Sobota \u2013 \u015bwi\u0119to \u015bw. Stanis\u0142awa Kostki zakonnika patrona Polski<\/p>\n<p>&nbsp;<\/p>\n","protected":false},"excerpt":{"rendered":"<p>&nbsp; Krzy\u017cowa \u00a012.IX . 2021 r. \u00a0\u00a0\u00a0\u00a0\u00a0\u00a0\u00a0\u00a0\u00a0\u00a0\u00a0\u00a0\u00a0\u00a0\u00a0\u00a0\u00a0\u00a0\u00a0\u00a0\u00a0\u00a0\u00a0\u00a0\u00a0\u00a0\u00a0\u00a0\u00a0\u00a0\u00a0\u00a0\u00a0\u00a0\u00a0\u00a0\u00a0\u00a0\u00a0\u00a0\u00a0\u00a0\u00a0\u00a0\u00a0\u00a0\u00a0\u00a0\u00a0\u00a0\u00a0\u00a0\u00a0\u00a0\u00a0\u00a0\u00a0\u00a0\u00a0\u00a0\u00a0\u00a0\u00a0\u00a0\u00a0\u00a0\u00a0\u00a0\u00a0\u00a0\u00a0\u00a0\u00a0\u00a0\u00a0\u00a0\u00a0 \u00a0\u00a0\u00a0\u00a0\u00a0\u00a0\u00a0\u00a0\u00a0\u00a0\u00a0\u00a0\u00a0\u00a0\u00a0\u00a0\u00a0\u00a0\u00a0\u00a0\u00a0\u00a0\u00a0\u00a0\u00a0\u00a0\u00a0\u00a0\u00a0\u00a0\u00a0\u00a0\u00a0\u00a0\u00a0\u00a0 \u00a0 \u00a0\u00a0\u00a0\u00a0\u00a0\u00a0\u00a0\u00a0\u00a0\u00a0\u00a0\u00a0\u00a0\u00a0 \u00a0\u00a0\u00a0\u00a0\u00a0\u00a0\u00a0\u00a0\u00a0\u00a0\u00a0\u00a0\u00a0\u00a0\u00a0\u00a0\u00a0\u00a0\u00a0\u00a0\u00a0\u00a0\u00a0\u00a0\u00a0XXIV NIEDZIELA ZWYK\u0141A &nbsp; Dzi\u015b w Ko\u015bciele polskim wielki i radosny dzie\u0144 beatyfikacji s. Matki Czackiej i Prymasa Tysi\u0105clecia Kardyna\u0142a Stefana Wyszy\u0144skiego. Nie by\u0142oby takiej wiary w naszej Ojczy\u017anie gdyby nie Prymas Tysi\u0105clecia , kt\u00f3ry walczy\u0142 z komunizmem kt\u00f3ry przygotowa\u0142 nasz nar\u00f3d na millenium Chrztu [&hellip;]<\/p>\n","protected":false},"author":0,"featured_media":0,"comment_status":"closed","ping_status":"closed","sticky":false,"template":"","format":"standard","meta":{"ngg_post_thumbnail":0,"footnotes":""},"categories":[3],"tags":[],"class_list":["post-2626","post","type-post","status-publish","format-standard","hentry","category-ogloszenia"],"aioseo_notices":[],"_links":{"self":[{"href":"https:\/\/parafiakrzyzowa.pl\/index.php?rest_route=\/wp\/v2\/posts\/2626","targetHints":{"allow":["GET"]}}],"collection":[{"href":"https:\/\/parafiakrzyzowa.pl\/index.php?rest_route=\/wp\/v2\/posts"}],"about":[{"href":"https:\/\/parafiakrzyzowa.pl\/index.php?rest_route=\/wp\/v2\/types\/post"}],"replies":[{"embeddable":true,"href":"https:\/\/parafiakrzyzowa.pl\/index.php?rest_route=%2Fwp%2Fv2%2Fcomments&post=2626"}],"version-history":[{"count":1,"href":"https:\/\/parafiakrzyzowa.pl\/index.php?rest_route=\/wp\/v2\/posts\/2626\/revisions"}],"predecessor-version":[{"id":2627,"href":"https:\/\/parafiakrzyzowa.pl\/index.php?rest_route=\/wp\/v2\/posts\/2626\/revisions\/2627"}],"wp:attachment":[{"href":"https:\/\/parafiakrzyzowa.pl\/index.php?rest_route=%2Fwp%2Fv2%2Fmedia&parent=2626"}],"wp:term":[{"taxonomy":"category","embeddable":true,"href":"https:\/\/parafiakrzyzowa.pl\/index.php?rest_route=%2Fwp%2Fv2%2Fcategories&post=2626"},{"taxonomy":"post_tag","embeddable":true,"href":"https:\/\/parafiakrzyzowa.pl\/index.php?rest_route=%2Fwp%2Fv2%2Ftags&post=2626"}],"curies":[{"name":"wp","href":"https:\/\/api.w.org\/{rel}","templated":true}]}}