{"id":2635,"date":"2021-09-18T09:18:31","date_gmt":"2021-09-18T09:18:31","guid":{"rendered":"https:\/\/parafiakrzyzowa.pl\/?p=2635"},"modified":"2021-09-18T14:54:02","modified_gmt":"2021-09-18T14:54:02","slug":"2635","status":"publish","type":"post","link":"https:\/\/parafiakrzyzowa.pl\/?p=2635","title":{"rendered":""},"content":{"rendered":"<p>&nbsp;<\/p>\n<p>Krzy\u017cowa \u00a019.IX . 2021 r.<\/p>\n<p><strong>\u00a0\u00a0\u00a0\u00a0\u00a0\u00a0\u00a0\u00a0\u00a0\u00a0\u00a0\u00a0\u00a0\u00a0\u00a0\u00a0\u00a0\u00a0\u00a0\u00a0\u00a0\u00a0\u00a0\u00a0\u00a0\u00a0\u00a0\u00a0\u00a0\u00a0\u00a0\u00a0\u00a0\u00a0\u00a0\u00a0\u00a0\u00a0\u00a0\u00a0\u00a0\u00a0\u00a0\u00a0\u00a0\u00a0\u00a0\u00a0\u00a0\u00a0\u00a0\u00a0\u00a0\u00a0\u00a0\u00a0\u00a0\u00a0\u00a0\u00a0\u00a0\u00a0\u00a0\u00a0\u00a0\u00a0\u00a0\u00a0\u00a0\u00a0\u00a0\u00a0\u00a0\u00a0\u00a0\u00a0\u00a0 <\/strong><\/p>\n<p><strong>\u00a0\u00a0\u00a0\u00a0\u00a0\u00a0\u00a0\u00a0\u00a0\u00a0\u00a0\u00a0\u00a0\u00a0\u00a0\u00a0\u00a0\u00a0\u00a0\u00a0\u00a0\u00a0\u00a0\u00a0\u00a0\u00a0\u00a0\u00a0\u00a0\u00a0\u00a0\u00a0\u00a0\u00a0\u00a0\u00a0 <\/strong><\/p>\n<p><strong>\u00a0<\/strong><\/p>\n<p><strong>\u00a0\u00a0\u00a0\u00a0\u00a0\u00a0\u00a0\u00a0\u00a0\u00a0\u00a0\u00a0\u00a0\u00a0 \u00a0\u00a0\u00a0\u00a0\u00a0\u00a0\u00a0\u00a0\u00a0\u00a0\u00a0\u00a0\u00a0\u00a0\u00a0\u00a0\u00a0\u00a0\u00a0\u00a0\u00a0\u00a0\u00a0\u00a0\u00a0<\/strong><strong><u>XXV NIEDZIELA ZWYK\u0141A<\/u><\/strong><\/p>\n<p>&nbsp;<\/p>\n<p>&nbsp;<\/p>\n<p>Zapraszam bardzo serdecznie na codzienn\u0105 msz\u0119 \u015bw. do naszego ko\u015bcio\u0142a . W \u015brod\u0119 nowenna do Matki Bo\u017cej Nieustaj\u0105cej Pomocy , a przed msz\u0105 \u015bw. r\u00f3\u017caniec w intencji wszystkich chorych w naszej rodzinie parafialnej.<\/p>\n<p>&nbsp;<\/p>\n<p>W najbli\u017csz\u0105 niedziel\u0119 b\u0119dzie liczenie wiernych i przyst\u0119puj\u0105cych do komunii \u015bw. w czasie mszy \u015bw. niedzielnych. Liczenie wiernych jest w ca\u0142ej naszej Ojczy\u017anie. To pierwsze liczenie od dw\u00f3ch lat z powodu pandemii.<\/p>\n<p>&nbsp;<\/p>\n<p>Og\u0142aszam zapisy na kandydat\u00f3w na ministrant\u00f3w i ministrancki. Zapraszam ch\u0119tne dziewczynki\u00a0 \u00a0 \u00a0 \u00a0i ch\u0142opc\u00f3w nie tylko z klasy IV ale r\u00f3wnie\u017c ze starszych do s\u0142u\u017cby Panu Jezusowi przy O\u0142tarzu. Mo\u017cna si\u0119 zapisywa\u0107 u mnie lub u P. katechety do ko\u0144ca wrze\u015bnia.\u00a0 Wszystkim naszym lektor\u00f3w\u00a0 \u00a0 \u00a0 \u00a0 \u00a0 \u00a0 i lektorkom kt\u00f3rzy zaczynaj\u0105 studia w tym roku lub te\u017c s\u0105 ju\u017c na studiach \u017cycz\u0119 du\u017cych sukces\u00f3w<\/p>\n<p>i powodzenia na studiach. Miejsce przy O\u0142tarzu ci\u0105gle na nich czeka.<\/p>\n<p>&nbsp;<\/p>\n<p>Spotkania w tym tygodniu.<\/p>\n<p>&nbsp;<\/p>\n<p>Poniedzia\u0142ek spotkanie z rodzicami dzieci z klasy III , kt\u00f3re w tym roku przyst\u0105pi\u0105 do I komunii \u015bw.<\/p>\n<p>&nbsp;<\/p>\n<p>W \u015brod\u0119 spotkanie z ca\u0142\u0105 s\u0142u\u017cb\u0105 liturgiczn\u0105 O\u0142tarza. Obecno\u015b\u0107 obowi\u0105zkowa.<\/p>\n<p>&nbsp;<\/p>\n<p>Pi\u0105tek spotkanie ze wszystkimi uczniami z klasy VI i VII. Kt\u00f3rzy rozpoczn\u0105 przygotowanie do Bierzmowania.<\/p>\n<p>&nbsp;<\/p>\n<p>Zach\u0119cam do nabywania prasy katolickie. Jest w zakrystii do nabycia ksi\u0105\u017cka Historia Torbielowa i okolic. Cena 50 z\u0142.<\/p>\n<p>&nbsp;<\/p>\n<p>Dzi\u0119kuj\u0119 za sprz\u0105tanie ko\u015bcio\u0142a w tym tygodniu. Nast\u0119pne sprz\u0105tanie b\u0119dzie w sobot\u0119 o godz. 9:00\/ Sprz\u0105taj\u0105 Panie: Renata G\u00f3ra Janiczek Agata Zofia J\u0119drzejas i Jurasz Krystyna<\/p>\n<p>Nie kupujemy kwiat\u00f3w poniewa\u017c jest \u015blub.<\/p>\n<p>&nbsp;<\/p>\n<p>&nbsp;<\/p>\n<p>Kalendarz liturgiczny<\/p>\n<p>&nbsp;<\/p>\n<p>Poniedzia\u0142ek \u2013 wsp. \u015bw. m\u0119czennik\u00f3w Andrzeja Kima Paw\u0142a Honga i Towarzyszy<\/p>\n<p>Wtorek \u2013 \u015bwi\u0119to \u015bw. Mateusza Aposto\u0142a i Ewangelisty<\/p>\n<p>Czwartek \u2013 wsp. \u015bw. O. Pio kap\u0142ana<\/p>\n<p>Pi\u0105tek\u00a0 &#8211; \u015bwi\u0119to po\u015bwi\u0119cenia Ko\u015bcio\u0142a Katedralnego w Bielsku Bia\u0142ej<\/p>\n<p>&nbsp;<\/p>\n<p>&nbsp;<\/p>\n<p>&nbsp;<\/p>\n","protected":false},"excerpt":{"rendered":"<p>&nbsp; Krzy\u017cowa \u00a019.IX . 2021 r. \u00a0\u00a0\u00a0\u00a0\u00a0\u00a0\u00a0\u00a0\u00a0\u00a0\u00a0\u00a0\u00a0\u00a0\u00a0\u00a0\u00a0\u00a0\u00a0\u00a0\u00a0\u00a0\u00a0\u00a0\u00a0\u00a0\u00a0\u00a0\u00a0\u00a0\u00a0\u00a0\u00a0\u00a0\u00a0\u00a0\u00a0\u00a0\u00a0\u00a0\u00a0\u00a0\u00a0\u00a0\u00a0\u00a0\u00a0\u00a0\u00a0\u00a0\u00a0\u00a0\u00a0\u00a0\u00a0\u00a0\u00a0\u00a0\u00a0\u00a0\u00a0\u00a0\u00a0\u00a0\u00a0\u00a0\u00a0\u00a0\u00a0\u00a0\u00a0\u00a0\u00a0\u00a0\u00a0\u00a0\u00a0 \u00a0\u00a0\u00a0\u00a0\u00a0\u00a0\u00a0\u00a0\u00a0\u00a0\u00a0\u00a0\u00a0\u00a0\u00a0\u00a0\u00a0\u00a0\u00a0\u00a0\u00a0\u00a0\u00a0\u00a0\u00a0\u00a0\u00a0\u00a0\u00a0\u00a0\u00a0\u00a0\u00a0\u00a0\u00a0\u00a0 \u00a0 \u00a0\u00a0\u00a0\u00a0\u00a0\u00a0\u00a0\u00a0\u00a0\u00a0\u00a0\u00a0\u00a0\u00a0 \u00a0\u00a0\u00a0\u00a0\u00a0\u00a0\u00a0\u00a0\u00a0\u00a0\u00a0\u00a0\u00a0\u00a0\u00a0\u00a0\u00a0\u00a0\u00a0\u00a0\u00a0\u00a0\u00a0\u00a0\u00a0XXV NIEDZIELA ZWYK\u0141A &nbsp; &nbsp; Zapraszam bardzo serdecznie na codzienn\u0105 msz\u0119 \u015bw. do naszego ko\u015bcio\u0142a . W \u015brod\u0119 nowenna do Matki Bo\u017cej Nieustaj\u0105cej Pomocy , a przed msz\u0105 \u015bw. r\u00f3\u017caniec w intencji wszystkich chorych w naszej rodzinie parafialnej. &nbsp; W najbli\u017csz\u0105 niedziel\u0119 b\u0119dzie liczenie wiernych [&hellip;]<\/p>\n","protected":false},"author":0,"featured_media":0,"comment_status":"closed","ping_status":"closed","sticky":false,"template":"","format":"standard","meta":{"ngg_post_thumbnail":0,"footnotes":""},"categories":[3],"tags":[],"class_list":["post-2635","post","type-post","status-publish","format-standard","hentry","category-ogloszenia"],"aioseo_notices":[],"_links":{"self":[{"href":"https:\/\/parafiakrzyzowa.pl\/index.php?rest_route=\/wp\/v2\/posts\/2635","targetHints":{"allow":["GET"]}}],"collection":[{"href":"https:\/\/parafiakrzyzowa.pl\/index.php?rest_route=\/wp\/v2\/posts"}],"about":[{"href":"https:\/\/parafiakrzyzowa.pl\/index.php?rest_route=\/wp\/v2\/types\/post"}],"replies":[{"embeddable":true,"href":"https:\/\/parafiakrzyzowa.pl\/index.php?rest_route=%2Fwp%2Fv2%2Fcomments&post=2635"}],"version-history":[{"count":2,"href":"https:\/\/parafiakrzyzowa.pl\/index.php?rest_route=\/wp\/v2\/posts\/2635\/revisions"}],"predecessor-version":[{"id":2638,"href":"https:\/\/parafiakrzyzowa.pl\/index.php?rest_route=\/wp\/v2\/posts\/2635\/revisions\/2638"}],"wp:attachment":[{"href":"https:\/\/parafiakrzyzowa.pl\/index.php?rest_route=%2Fwp%2Fv2%2Fmedia&parent=2635"}],"wp:term":[{"taxonomy":"category","embeddable":true,"href":"https:\/\/parafiakrzyzowa.pl\/index.php?rest_route=%2Fwp%2Fv2%2Fcategories&post=2635"},{"taxonomy":"post_tag","embeddable":true,"href":"https:\/\/parafiakrzyzowa.pl\/index.php?rest_route=%2Fwp%2Fv2%2Ftags&post=2635"}],"curies":[{"name":"wp","href":"https:\/\/api.w.org\/{rel}","templated":true}]}}