{"id":2644,"date":"2021-09-25T19:02:46","date_gmt":"2021-09-25T19:02:46","guid":{"rendered":"https:\/\/parafiakrzyzowa.pl\/?p=2644"},"modified":"2021-09-25T19:02:51","modified_gmt":"2021-09-25T19:02:51","slug":"2644","status":"publish","type":"post","link":"https:\/\/parafiakrzyzowa.pl\/?p=2644","title":{"rendered":""},"content":{"rendered":"<p>&nbsp;<\/p>\n<p>Krzy\u017cowa \u00a026 .IX . 2021 r.<\/p>\n<p><strong>\u00a0\u00a0\u00a0\u00a0\u00a0\u00a0\u00a0\u00a0\u00a0\u00a0\u00a0\u00a0\u00a0\u00a0\u00a0\u00a0\u00a0\u00a0\u00a0\u00a0\u00a0\u00a0\u00a0\u00a0\u00a0\u00a0\u00a0\u00a0\u00a0\u00a0\u00a0\u00a0\u00a0\u00a0\u00a0\u00a0\u00a0\u00a0\u00a0\u00a0\u00a0\u00a0\u00a0\u00a0\u00a0\u00a0\u00a0\u00a0\u00a0\u00a0\u00a0\u00a0\u00a0\u00a0\u00a0\u00a0\u00a0\u00a0\u00a0\u00a0\u00a0\u00a0\u00a0\u00a0\u00a0\u00a0\u00a0\u00a0\u00a0\u00a0\u00a0\u00a0\u00a0\u00a0\u00a0\u00a0\u00a0 <\/strong><\/p>\n<p><strong>\u00a0\u00a0\u00a0\u00a0\u00a0\u00a0\u00a0\u00a0\u00a0\u00a0\u00a0\u00a0\u00a0\u00a0\u00a0\u00a0\u00a0\u00a0\u00a0\u00a0\u00a0\u00a0\u00a0\u00a0\u00a0\u00a0\u00a0\u00a0\u00a0\u00a0\u00a0\u00a0\u00a0\u00a0\u00a0\u00a0 <\/strong><\/p>\n<p><strong>\u00a0<\/strong><\/p>\n<p><strong>\u00a0\u00a0\u00a0\u00a0\u00a0\u00a0\u00a0\u00a0\u00a0\u00a0\u00a0\u00a0\u00a0\u00a0 \u00a0\u00a0\u00a0\u00a0\u00a0\u00a0\u00a0\u00a0\u00a0\u00a0\u00a0\u00a0\u00a0\u00a0\u00a0\u00a0\u00a0\u00a0\u00a0\u00a0\u00a0\u00a0\u00a0\u00a0\u00a0<\/strong><strong><u>XXVI NIEDZIELA ZWYK\u0141A<\/u><\/strong><\/p>\n<p>&nbsp;<\/p>\n<p>&nbsp;<\/p>\n<p>Jak zwykle zapraszam na codzienn\u0105 msz\u0119 \u015bw. do naszej \u015bwi\u0105tyni\u0119 nie tylko w \u015brod\u0119 na nowenn\u0119 do Matki Bo\u017cej Nieustaj\u0105cej Pomocy\u00a0 i na R\u00f3\u017caniec w intencji chorych.<\/p>\n<p>&nbsp;<\/p>\n<p>W pi\u0105tek rozpoczyna si\u0119 pa\u017adziernik\u00a0 miesi\u0105c r\u00f3\u017ca\u0144cowy . R\u00f3\u017caniec w dni powszednie b\u0119dzie zawsze po wieczornej mszy \u015bw. a w niedziel\u0119 przed wieczorn\u0105 Eucharysti\u0105 tzn, o godz, 17:30.\u00a0 Od pi\u0105tku przez ca\u0142y miesi\u0105c msze \u015bw. b\u0119d\u0105 o godz. 17 wieczorem r\u00f3wnie\u017c we wtorki i czwartki. Na rozpocz\u0119cie R\u00f3\u017ca\u0144ca w pi\u0105tek 1 pa\u017adziernika dzieci klasy I b\u0119d\u0105 mie\u0107 po\u015bwi\u0119cone r\u00f3\u017ca\u0144ce. Zapraszam bardzo serdecznie na codzienny r\u00f3\u017caniec wszystkich szczeg\u00f3lnie dzieci i m\u0142odzie\u017c . W tej pi\u0119knej modlitwie b\u0119dziemy u Maryi wyprasza\u0107 \u0142aski dla naszej Ojczyzny , naszej parafii dla chorych i cierpi\u0105cych b\u0119dziemy si\u0119 modli\u0107 o pok\u00f3j na \u015bwiecie o nowe powo\u0142ania kap\u0142a\u0144skie i zakonne\u00a0\u00a0\u00a0\u00a0\u00a0\u00a0\u00a0\u00a0\u00a0\u00a0\u00a0\u00a0\u00a0\u00a0\u00a0\u00a0\u00a0\u00a0\u00a0\u00a0\u00a0\u00a0 a w ostatnim tygodniu za naszych bliskich zmar\u0142ych. W Krzy\u017c\u00f3wkach r\u00f3\u017caniec przy kaplicy o godz. 17. Bardzo serdecznie zapraszam.<\/p>\n<p>&nbsp;<\/p>\n<p>W tym tygodniu przypada I pi\u0105tek miesi\u0105ca. Spowied\u017a \u015bw. od 15:30 do 17.<\/p>\n<p>Nie b\u0119dzie jesz ze wizyty u chorych.<\/p>\n<p>&nbsp;<\/p>\n<p>Zach\u0119cam do nabywania prasy katolickiej.<\/p>\n<p>&nbsp;<\/p>\n<p>Dzi\u0119kuj\u0119 za sprz\u0105tanie ko\u015bcio\u0142a w tym tygodniu. Nast\u0119pne sprz\u0105tanie b\u0119dzie w sobot\u0119 o godz. 9:00. Sprz\u0105taj\u0105 Panie: Maria Kocio\u0142ek Anna Kami\u0144ska Maria Kami\u0144ska i Barbara S\u0142owik. Nie kupujemy kwiat\u00f3w.<\/p>\n<p>&nbsp;<\/p>\n<p>Spotkanie dla kandydat\u00f3w do bierzmowania w poniedzia\u0142ek po mszy \u015bw. o godz. 18.<\/p>\n<p>&nbsp;<\/p>\n<p>Przypominam, \u017ce mo\u017cna si\u0119 zapisywa\u0107 u mnie albo u P. katechety na ministranta.<\/p>\n<p>&nbsp;<\/p>\n<p>&nbsp;<\/p>\n<p>Kalendarz liturgiczny<\/p>\n<p>&nbsp;<\/p>\n<p>Poniedzia\u0142ek \u2013 wsp. \u015bw. Wincentego a Paulo kap\u0142ana<\/p>\n<p>Wtorek \u2013 wsp. \u015bw. Wac\u0142awa m\u0119czennika<\/p>\n<p>\u015aroda \u2013 \u015bwi\u0119to \u015bwi\u0119tych Archanio\u0142\u00f3w Micha\u0142a Gabriela i Rafa\u0142a<\/p>\n<p>Czwartek \u2013 wsp. \u015bw. Hieronima biskupa i Doktora Ko\u015bcio\u0142a<\/p>\n<p>Pi\u0105tek \u2013 wsp. \u015bw. Teresy od Dzieci\u0105tka Jezus<\/p>\n<p>Sobota \u2013 wsp. \u015bw. Anio\u0142\u00f3w Str\u00f3\u017c\u00f3w<\/p>\n<p>&nbsp;<\/p>\n<p>W pi\u0105tek R\u00f3\u017caniec prowadz\u0105 kandydaci do bierzmowania z klasy VIII a w sobot\u0119 kandydaci ze szko\u0142y \u015bredniej z klasy I<\/p>\n<p>&nbsp;<\/p>\n<p>&nbsp;<\/p>\n","protected":false},"excerpt":{"rendered":"<p>&nbsp; Krzy\u017cowa \u00a026 .IX . 2021 r. \u00a0\u00a0\u00a0\u00a0\u00a0\u00a0\u00a0\u00a0\u00a0\u00a0\u00a0\u00a0\u00a0\u00a0\u00a0\u00a0\u00a0\u00a0\u00a0\u00a0\u00a0\u00a0\u00a0\u00a0\u00a0\u00a0\u00a0\u00a0\u00a0\u00a0\u00a0\u00a0\u00a0\u00a0\u00a0\u00a0\u00a0\u00a0\u00a0\u00a0\u00a0\u00a0\u00a0\u00a0\u00a0\u00a0\u00a0\u00a0\u00a0\u00a0\u00a0\u00a0\u00a0\u00a0\u00a0\u00a0\u00a0\u00a0\u00a0\u00a0\u00a0\u00a0\u00a0\u00a0\u00a0\u00a0\u00a0\u00a0\u00a0\u00a0\u00a0\u00a0\u00a0\u00a0\u00a0\u00a0\u00a0 \u00a0\u00a0\u00a0\u00a0\u00a0\u00a0\u00a0\u00a0\u00a0\u00a0\u00a0\u00a0\u00a0\u00a0\u00a0\u00a0\u00a0\u00a0\u00a0\u00a0\u00a0\u00a0\u00a0\u00a0\u00a0\u00a0\u00a0\u00a0\u00a0\u00a0\u00a0\u00a0\u00a0\u00a0\u00a0\u00a0 \u00a0 \u00a0\u00a0\u00a0\u00a0\u00a0\u00a0\u00a0\u00a0\u00a0\u00a0\u00a0\u00a0\u00a0\u00a0 \u00a0\u00a0\u00a0\u00a0\u00a0\u00a0\u00a0\u00a0\u00a0\u00a0\u00a0\u00a0\u00a0\u00a0\u00a0\u00a0\u00a0\u00a0\u00a0\u00a0\u00a0\u00a0\u00a0\u00a0\u00a0XXVI NIEDZIELA ZWYK\u0141A &nbsp; &nbsp; Jak zwykle zapraszam na codzienn\u0105 msz\u0119 \u015bw. do naszej \u015bwi\u0105tyni\u0119 nie tylko w \u015brod\u0119 na nowenn\u0119 do Matki Bo\u017cej Nieustaj\u0105cej Pomocy\u00a0 i na R\u00f3\u017caniec w intencji chorych. &nbsp; W pi\u0105tek rozpoczyna si\u0119 pa\u017adziernik\u00a0 miesi\u0105c r\u00f3\u017ca\u0144cowy . R\u00f3\u017caniec w dni [&hellip;]<\/p>\n","protected":false},"author":0,"featured_media":0,"comment_status":"closed","ping_status":"closed","sticky":false,"template":"","format":"standard","meta":{"ngg_post_thumbnail":0,"footnotes":""},"categories":[3],"tags":[],"class_list":["post-2644","post","type-post","status-publish","format-standard","hentry","category-ogloszenia"],"aioseo_notices":[],"_links":{"self":[{"href":"https:\/\/parafiakrzyzowa.pl\/index.php?rest_route=\/wp\/v2\/posts\/2644","targetHints":{"allow":["GET"]}}],"collection":[{"href":"https:\/\/parafiakrzyzowa.pl\/index.php?rest_route=\/wp\/v2\/posts"}],"about":[{"href":"https:\/\/parafiakrzyzowa.pl\/index.php?rest_route=\/wp\/v2\/types\/post"}],"replies":[{"embeddable":true,"href":"https:\/\/parafiakrzyzowa.pl\/index.php?rest_route=%2Fwp%2Fv2%2Fcomments&post=2644"}],"version-history":[{"count":1,"href":"https:\/\/parafiakrzyzowa.pl\/index.php?rest_route=\/wp\/v2\/posts\/2644\/revisions"}],"predecessor-version":[{"id":2645,"href":"https:\/\/parafiakrzyzowa.pl\/index.php?rest_route=\/wp\/v2\/posts\/2644\/revisions\/2645"}],"wp:attachment":[{"href":"https:\/\/parafiakrzyzowa.pl\/index.php?rest_route=%2Fwp%2Fv2%2Fmedia&parent=2644"}],"wp:term":[{"taxonomy":"category","embeddable":true,"href":"https:\/\/parafiakrzyzowa.pl\/index.php?rest_route=%2Fwp%2Fv2%2Fcategories&post=2644"},{"taxonomy":"post_tag","embeddable":true,"href":"https:\/\/parafiakrzyzowa.pl\/index.php?rest_route=%2Fwp%2Fv2%2Ftags&post=2644"}],"curies":[{"name":"wp","href":"https:\/\/api.w.org\/{rel}","templated":true}]}}