{"id":2651,"date":"2021-10-02T11:38:31","date_gmt":"2021-10-02T11:38:31","guid":{"rendered":"https:\/\/parafiakrzyzowa.pl\/?p=2651"},"modified":"2021-10-02T17:48:42","modified_gmt":"2021-10-02T17:48:42","slug":"2651","status":"publish","type":"post","link":"https:\/\/parafiakrzyzowa.pl\/?p=2651","title":{"rendered":""},"content":{"rendered":"<p>&nbsp;<\/p>\n<p>Krzy\u017cowa \u00a03 .X . 2021 r.<\/p>\n<p><strong>\u00a0\u00a0\u00a0\u00a0\u00a0\u00a0\u00a0\u00a0\u00a0\u00a0\u00a0\u00a0\u00a0\u00a0\u00a0\u00a0\u00a0\u00a0\u00a0\u00a0\u00a0\u00a0\u00a0\u00a0\u00a0\u00a0\u00a0\u00a0\u00a0\u00a0\u00a0\u00a0\u00a0\u00a0\u00a0\u00a0\u00a0\u00a0\u00a0\u00a0\u00a0\u00a0\u00a0\u00a0\u00a0\u00a0\u00a0\u00a0\u00a0\u00a0\u00a0\u00a0\u00a0\u00a0\u00a0\u00a0\u00a0\u00a0\u00a0\u00a0\u00a0\u00a0\u00a0\u00a0\u00a0\u00a0\u00a0\u00a0\u00a0\u00a0\u00a0\u00a0\u00a0\u00a0\u00a0\u00a0\u00a0 <\/strong><\/p>\n<p><strong>\u00a0 \u00a0 \u00a0 \u00a0 \u00a0 \u00a0 \u00a0 \u00a0 \u00a0 \u00a0 \u00a0 \u00a0 \u00a0 \u00a0 \u00a0 \u00a0 \u00a0 \u00a0 \u00a0 \u00a0 \u00a0 \u00a0 \u00a0 \u00a0 \u00a0 \u00a0 \u00a0<\/strong><strong><u>XXVII NIEDZIELA ZWYK\u0141A<\/u><\/strong><\/p>\n<p>&nbsp;<\/p>\n<p>Dzi\u015b przypada I niedziela miesi\u0105ca . Po ka\u017cdej mszy \u015bwi\u0119tej adoracja Pana Jezusa w Naj\u015bwi\u0119tszym Sakramencie.<\/p>\n<p>Jeszcze dzi\u015b r\u00f3\u017caniec o godz. 17:30 W dni powszednie modlitwa r\u00f3\u017ca\u0144cowa po wieczornej mszy \u015bw. Serdecznie zapraszam ca\u0142\u0105 parafi\u0119 szczeg\u00f3lnie dzieci i m\u0142odzie\u017c bo to oni b\u0119d\u0105 po nas ponios\u0105 kaganek wiary w \u015bwiat.<\/p>\n<p>W tym tygodniu modlitw\u0119 r\u00f3\u017ca\u0144cow\u0105 poprowadz\u0105 : pon kl. III wt kl. IV, \u015br. kl. V czw. kl. VI pi\u0105taek szko\u0142a Monte Sorii z Krzy\u017c\u00f3wek z nauczycielami i rodzicami , sob. kl. VII<\/p>\n<p>&nbsp;<\/p>\n<p>W pi\u0105tek po wieczornej mszy \u015bw. i R\u00f3\u017ca\u0144cu spotkanie kandydat\u00f3w do Bierzmowania z klasy VIII i I \u015bredniej. Nie b\u0119dzie spotkania w poniedzia\u0142ek dla klasy VIII i \u015brod\u0119 dla klasy I \u015bredniej.<\/p>\n<p>&nbsp;<\/p>\n<p>W ostatni\u0105 niedziel\u0119 by\u0142o liczenie wiernych . W naszej parafii jest 1000 mieszka\u0144c\u00f3w ; w Krzy\u017cowej 770, a w Krzy\u017c\u00f3wkach 230.<\/p>\n<p>Obecnych na mszach \u015bwi\u0119tych by\u0142o 450 wiernych 175 m\u0119\u017cczyzn i 275 kobiet . Do komunii \u015bw. przyst\u0105pi\u0142o 32 m\u0119\u017cczyzn i 95 kobiet.<\/p>\n<p>&nbsp;<\/p>\n<p>Zbli\u017ca si\u0119 listopad miesi\u0105c naszej modlitwy za zmar\u0142ych. Na stoliku przed obrazem Pana Jezusa Mi\u0142osiernego s\u0105 karteczki na wypominki kt\u00f3re mo\u017cna zabra\u0107 do dom\u00f3w i wypisa\u0107 imiona i nazwiska waszych bliskich zmar\u0142ych. Ma\u0142e kartki s\u0105 na wypominki roczne\u00a0 , a du\u017ce na wypominki jednorazowe<\/p>\n<p>Jest i b\u0119dzie na stoliku koszyk do kt\u00f3rego mo\u017cna sk\u0142ada\u0107 wypominki. Bardzo serdecznie prosz\u0119\u00a0 \u00a0 \u00a0 \u00a0o uporz\u0105dkowanie cmentarza i grob\u00f3w , a niekt\u00f3rym przypominam o uregulowanie op\u0142at grob\u00f3w. Przypominam, \u017ce groby bliskich op\u0142acamy na 20 lat, a op\u0142ata za pojedynczy gr\u00f3b wynosi 300 z\u0142.<\/p>\n<p>Prawdziw\u0105 zmor\u0105 na naszym cmentarzu sta\u0142y si\u0119 sztuczne kwiaty kt\u00f3re wyrzucacie i nie wiadomo co z tym robi\u0107 bo nie da si\u0119 ich utylizowa\u0107.<\/p>\n<p>&nbsp;<\/p>\n<p>Troch\u0119 zapomnieli\u015bcie o rodzinie syryjskiej kt\u00f3r\u0105 si\u0119 opiekujemy kilka ju\u017c lat . bardzo serdecznie prosz\u0119 was nie przerywajmy tej pomocy.<\/p>\n<p>&nbsp;<\/p>\n<p>Zach\u0119cam do nabywania prasy katolickiej\u2019<\/p>\n<p>B\u00f3g zap\u0142a\u0107 za sprz\u0105tanie ko\u015bcio\u0142a w tym tygodniu. Nast\u0119pne sprz\u0105tanie b\u0119dzie w sobot\u0119 . Sprz\u0105taj\u0105 Panie: Barbara Polak Sylwia czul Barbara Pietraszko\u00a0 i Stanis\u0142awa Cicho\u0144. Nie kupujemy kwiat\u00f3w bo\u00a0 ko\u015bci\u00f3\u0142\u00a0 przygotowuj\u0105 kandydaci do bierzmowania.<\/p>\n<p>Spowied\u017a \u015bw. dla kandydat\u00f3w do bierzmowania i ich rodzin b\u0119dzie w sobot\u0119 od godz. 10 do 11<\/p>\n<p>Kalendarz liturgiczny<\/p>\n<p>&nbsp;<\/p>\n<p>Poniedzia\u0142ek \u2013 wsp. \u015bw. Franciszka z Asy\u017cu<\/p>\n<p>Wtorek \u2013 wsp. \u015bw. Faustyny Kowalskiej zakonnicy<\/p>\n<p>Czwartek \u2013 wsp. Matki Bo\u017cej R\u00f3\u017ca\u0144cowej<\/p>\n<p>&nbsp;<\/p>\n<p>W najbli\u017csz\u0105 niedziel\u0119 10 pa\u017adziernika w Dniu papieskim przed ko\u015bcio\u0142em lektorzy i ministranci b\u0119d\u0105 zbiera\u0107 ofiary na Fundusz stypendialny dla m\u0142odzie\u017cy uzdolnionej a \u017cyj\u0105cej w rodzinach potrzebuj\u0105cych.<\/p>\n<p>W ostatnim tygodniu odeszli z naszej rodziny parafialnej po nagrod\u0119 do Pana \u015bp. Tadeusz Klimczak\u00a0\u00a0\u00a0\u00a0\u00a0\u00a0 i Kazimierz P\u0142aza\u00a0\u00a0\u00a0\u00a0\u00a0\u00a0 wieczny odpoczynek racz im da\u0107 Panie\u2026\u2026..<\/p>\n<p>&nbsp;<\/p>\n<p>&nbsp;<\/p>\n","protected":false},"excerpt":{"rendered":"<p>&nbsp; Krzy\u017cowa \u00a03 .X . 2021 r. \u00a0\u00a0\u00a0\u00a0\u00a0\u00a0\u00a0\u00a0\u00a0\u00a0\u00a0\u00a0\u00a0\u00a0\u00a0\u00a0\u00a0\u00a0\u00a0\u00a0\u00a0\u00a0\u00a0\u00a0\u00a0\u00a0\u00a0\u00a0\u00a0\u00a0\u00a0\u00a0\u00a0\u00a0\u00a0\u00a0\u00a0\u00a0\u00a0\u00a0\u00a0\u00a0\u00a0\u00a0\u00a0\u00a0\u00a0\u00a0\u00a0\u00a0\u00a0\u00a0\u00a0\u00a0\u00a0\u00a0\u00a0\u00a0\u00a0\u00a0\u00a0\u00a0\u00a0\u00a0\u00a0\u00a0\u00a0\u00a0\u00a0\u00a0\u00a0\u00a0\u00a0\u00a0\u00a0\u00a0\u00a0 \u00a0 \u00a0 \u00a0 \u00a0 \u00a0 \u00a0 \u00a0 \u00a0 \u00a0 \u00a0 \u00a0 \u00a0 \u00a0 \u00a0 \u00a0 \u00a0 \u00a0 \u00a0 \u00a0 \u00a0 \u00a0 \u00a0 \u00a0 \u00a0 \u00a0 \u00a0 \u00a0XXVII NIEDZIELA ZWYK\u0141A &nbsp; Dzi\u015b przypada I niedziela miesi\u0105ca . Po ka\u017cdej mszy \u015bwi\u0119tej adoracja Pana Jezusa w Naj\u015bwi\u0119tszym Sakramencie. Jeszcze [&hellip;]<\/p>\n","protected":false},"author":0,"featured_media":0,"comment_status":"closed","ping_status":"closed","sticky":false,"template":"","format":"standard","meta":{"ngg_post_thumbnail":0,"footnotes":""},"categories":[3],"tags":[],"class_list":["post-2651","post","type-post","status-publish","format-standard","hentry","category-ogloszenia"],"aioseo_notices":[],"_links":{"self":[{"href":"https:\/\/parafiakrzyzowa.pl\/index.php?rest_route=\/wp\/v2\/posts\/2651","targetHints":{"allow":["GET"]}}],"collection":[{"href":"https:\/\/parafiakrzyzowa.pl\/index.php?rest_route=\/wp\/v2\/posts"}],"about":[{"href":"https:\/\/parafiakrzyzowa.pl\/index.php?rest_route=\/wp\/v2\/types\/post"}],"replies":[{"embeddable":true,"href":"https:\/\/parafiakrzyzowa.pl\/index.php?rest_route=%2Fwp%2Fv2%2Fcomments&post=2651"}],"version-history":[{"count":3,"href":"https:\/\/parafiakrzyzowa.pl\/index.php?rest_route=\/wp\/v2\/posts\/2651\/revisions"}],"predecessor-version":[{"id":2654,"href":"https:\/\/parafiakrzyzowa.pl\/index.php?rest_route=\/wp\/v2\/posts\/2651\/revisions\/2654"}],"wp:attachment":[{"href":"https:\/\/parafiakrzyzowa.pl\/index.php?rest_route=%2Fwp%2Fv2%2Fmedia&parent=2651"}],"wp:term":[{"taxonomy":"category","embeddable":true,"href":"https:\/\/parafiakrzyzowa.pl\/index.php?rest_route=%2Fwp%2Fv2%2Fcategories&post=2651"},{"taxonomy":"post_tag","embeddable":true,"href":"https:\/\/parafiakrzyzowa.pl\/index.php?rest_route=%2Fwp%2Fv2%2Ftags&post=2651"}],"curies":[{"name":"wp","href":"https:\/\/api.w.org\/{rel}","templated":true}]}}