{"id":2663,"date":"2021-10-09T13:03:08","date_gmt":"2021-10-09T13:03:08","guid":{"rendered":"https:\/\/parafiakrzyzowa.pl\/?p=2663"},"modified":"2021-10-09T13:03:16","modified_gmt":"2021-10-09T13:03:16","slug":"2663","status":"publish","type":"post","link":"https:\/\/parafiakrzyzowa.pl\/?p=2663","title":{"rendered":""},"content":{"rendered":"<p>&nbsp;<\/p>\n<p>Krzy\u017cowa \u00a010 .X . 2021 r.<\/p>\n<p><strong>\u00a0\u00a0\u00a0\u00a0\u00a0\u00a0\u00a0\u00a0\u00a0\u00a0\u00a0\u00a0\u00a0\u00a0\u00a0\u00a0\u00a0\u00a0\u00a0\u00a0\u00a0\u00a0\u00a0\u00a0\u00a0\u00a0\u00a0\u00a0\u00a0\u00a0\u00a0\u00a0\u00a0\u00a0\u00a0\u00a0\u00a0\u00a0\u00a0\u00a0\u00a0\u00a0\u00a0\u00a0\u00a0\u00a0\u00a0\u00a0\u00a0\u00a0\u00a0\u00a0\u00a0\u00a0\u00a0\u00a0\u00a0\u00a0\u00a0\u00a0\u00a0\u00a0\u00a0\u00a0\u00a0\u00a0\u00a0\u00a0\u00a0\u00a0\u00a0\u00a0\u00a0\u00a0\u00a0\u00a0\u00a0 <\/strong><\/p>\n<p><strong>\u00a0\u00a0\u00a0\u00a0\u00a0\u00a0\u00a0\u00a0\u00a0\u00a0\u00a0\u00a0\u00a0\u00a0\u00a0\u00a0\u00a0\u00a0\u00a0\u00a0\u00a0\u00a0\u00a0\u00a0\u00a0\u00a0\u00a0\u00a0\u00a0\u00a0\u00a0\u00a0\u00a0\u00a0\u00a0\u00a0 <\/strong><strong><u>XXVIII NIEDZIELA ZWYK\u0141A<\/u><\/strong><\/p>\n<p>&nbsp;<\/p>\n<p>&nbsp;<\/p>\n<p>&nbsp;<\/p>\n<p>&nbsp;<\/p>\n<p>Zapraszam jeszcze dzisiaj na R\u00f3\u017caniec o godz 17:30 . W dni powszednie Modlitwa r\u00f3\u017ca\u0144cowa zawsze po wieczornej mszy \u015bw. Nieustannie zapraszam ca\u0142\u0105 parafi\u0119 na codzienn\u0105 modlitw\u0119 r\u00f3\u017ca\u0144cow\u0105 .<\/p>\n<p>W tym tygodniu r\u00f3\u017caniec poprowadz\u0105 ; pon. I R\u00f3\u017ca pw. \u015aw. Jana Paw\u0142a II wt II R\u00f3\u017ca \u015bw. Anny \u015br. III R\u00f3\u017ca\u015bw.\u00a0 czw. IV R\u00f3\u017ca b\u0142. Jerzego Popie\u0142uszki pt, R\u00f3\u017ca m\u0142odzie\u017cowa b\u0142. Karoliny K\u00f3\u017ck\u00f3wny .\u00a0 sob. -Lektorzy.<\/p>\n<p>&nbsp;<\/p>\n<p>Jutro w naszej parafii Bierzmowanie. Ks. bp Piotr Greger udzieli sakramentu bierzmowania naszej m\u0142odzie\u017cy z klasy VIII i I szk\u00f3\u0142 \u015bredniej. Jest 25 kandydat\u00f3w do bierzmowania. M\u0142odzie\u017c przychodzi do ko\u015bcio\u0142a najp\u00f3\u017aniej o godz, 16:15. Zaprszam na t\u0119 uroczysto\u015b\u0107 rodziny kandydat\u00f3w i innych parafian. \u015arodkowe \u0142awki s\u0105 przeznaczone dla m\u0142odzie\u017cy i \u015bwiadk\u00f3w.<\/p>\n<p>&nbsp;<\/p>\n<p>Dzi\u015b po ka\u017cdej mszy \u015bw. lektorzy i ministranci zbieraj\u0105 ofiary na stypendium dla dzieci i m\u0142odzie\u017cy\u00a0 \u00a0\u00a0\u00a0w ramach Fundacji III Tysi\u0105clecia. Dzi\u015b jest Dzien papieski.<\/p>\n<p>&nbsp;<\/p>\n<p>Zach\u0119cam do nabywania prasy katolickiej .<\/p>\n<p>&nbsp;<\/p>\n<p>Dzi\u0119kuj\u0119 za sprz\u0105tanie ko\u015bcio\u0142a w tym tygodniu . Nast\u0119pne sprz\u0105tanie w sobot\u0119 o godz. 9:00. Sprz\u0105taj\u0105 Panie: J\u00f3zefa Sucho\u0144 Matejczyk Janina Matejczyk Anna i Joanna Sucho\u0144. Nie kupujemy kwiat\u00f3w.<\/p>\n<p>&nbsp;<\/p>\n<p>&nbsp;<\/p>\n<p>Mo\u017cna dawa\u0107 na wypominki roczne i jednorazowe. Na stoliku jest wystawiony koszyk do kt\u00f3rego mo\u017cna wrzuca\u0107 wypominki.<\/p>\n<p>&nbsp;<\/p>\n<p>Jest ju\u017c nowa ksi\u0119ga intencyjna i mo\u017cna rezerwowa\u0107 msze \u015bw. na Nowy Rok.2022.<\/p>\n<p>&nbsp;<\/p>\n<p>&nbsp;<\/p>\n<p>Kalendarz liturgiczny<\/p>\n<p>&nbsp;<\/p>\n<p>\u015aroda \u2013 wsp. b\u0142. Honorata Ko\u017ami\u0144skiego<\/p>\n<p>Pi\u0105tek wsp. \u015bw. Teresy od Jezusa dziewicy Doktora Ko\u015bcio\u0142a<\/p>\n<p>Sobota \u2013 wsp. \u015bw. Jadwigi \u015al\u0105skiej<\/p>\n<p>&nbsp;<\/p>\n<p>W ostatnim tygodniu odesz\u0142y z naszej rodziny parafialnej do Pana po nagrod\u0119 wieczn\u0105 \u015bp. Weronika Gawlas i Anna G\u00f3ra.\u00a0\u00a0 wieczny odpoczynek racz im da\u0107 Panie\u2026\u2026<\/p>\n<p>&nbsp;<\/p>\n<p>&nbsp;<\/p>\n<p>&nbsp;<\/p>\n<p>&nbsp;<\/p>\n<p>&nbsp;<\/p>\n<p>&nbsp;<\/p>\n<p>&nbsp;<\/p>\n<p>&nbsp;<\/p>\n<p>&nbsp;<\/p>\n","protected":false},"excerpt":{"rendered":"<p>&nbsp; Krzy\u017cowa \u00a010 .X . 2021 r. \u00a0\u00a0\u00a0\u00a0\u00a0\u00a0\u00a0\u00a0\u00a0\u00a0\u00a0\u00a0\u00a0\u00a0\u00a0\u00a0\u00a0\u00a0\u00a0\u00a0\u00a0\u00a0\u00a0\u00a0\u00a0\u00a0\u00a0\u00a0\u00a0\u00a0\u00a0\u00a0\u00a0\u00a0\u00a0\u00a0\u00a0\u00a0\u00a0\u00a0\u00a0\u00a0\u00a0\u00a0\u00a0\u00a0\u00a0\u00a0\u00a0\u00a0\u00a0\u00a0\u00a0\u00a0\u00a0\u00a0\u00a0\u00a0\u00a0\u00a0\u00a0\u00a0\u00a0\u00a0\u00a0\u00a0\u00a0\u00a0\u00a0\u00a0\u00a0\u00a0\u00a0\u00a0\u00a0\u00a0\u00a0 \u00a0\u00a0\u00a0\u00a0\u00a0\u00a0\u00a0\u00a0\u00a0\u00a0\u00a0\u00a0\u00a0\u00a0\u00a0\u00a0\u00a0\u00a0\u00a0\u00a0\u00a0\u00a0\u00a0\u00a0\u00a0\u00a0\u00a0\u00a0\u00a0\u00a0\u00a0\u00a0\u00a0\u00a0\u00a0\u00a0 XXVIII NIEDZIELA ZWYK\u0141A &nbsp; &nbsp; &nbsp; &nbsp; Zapraszam jeszcze dzisiaj na R\u00f3\u017caniec o godz 17:30 . W dni powszednie Modlitwa r\u00f3\u017ca\u0144cowa zawsze po wieczornej mszy \u015bw. Nieustannie zapraszam ca\u0142\u0105 parafi\u0119 na codzienn\u0105 modlitw\u0119 r\u00f3\u017ca\u0144cow\u0105 . W tym tygodniu r\u00f3\u017caniec poprowadz\u0105 ; pon. I R\u00f3\u017ca pw. \u015aw. [&hellip;]<\/p>\n","protected":false},"author":0,"featured_media":0,"comment_status":"closed","ping_status":"closed","sticky":false,"template":"","format":"standard","meta":{"ngg_post_thumbnail":0,"footnotes":""},"categories":[3],"tags":[],"class_list":["post-2663","post","type-post","status-publish","format-standard","hentry","category-ogloszenia"],"aioseo_notices":[],"_links":{"self":[{"href":"https:\/\/parafiakrzyzowa.pl\/index.php?rest_route=\/wp\/v2\/posts\/2663","targetHints":{"allow":["GET"]}}],"collection":[{"href":"https:\/\/parafiakrzyzowa.pl\/index.php?rest_route=\/wp\/v2\/posts"}],"about":[{"href":"https:\/\/parafiakrzyzowa.pl\/index.php?rest_route=\/wp\/v2\/types\/post"}],"replies":[{"embeddable":true,"href":"https:\/\/parafiakrzyzowa.pl\/index.php?rest_route=%2Fwp%2Fv2%2Fcomments&post=2663"}],"version-history":[{"count":1,"href":"https:\/\/parafiakrzyzowa.pl\/index.php?rest_route=\/wp\/v2\/posts\/2663\/revisions"}],"predecessor-version":[{"id":2664,"href":"https:\/\/parafiakrzyzowa.pl\/index.php?rest_route=\/wp\/v2\/posts\/2663\/revisions\/2664"}],"wp:attachment":[{"href":"https:\/\/parafiakrzyzowa.pl\/index.php?rest_route=%2Fwp%2Fv2%2Fmedia&parent=2663"}],"wp:term":[{"taxonomy":"category","embeddable":true,"href":"https:\/\/parafiakrzyzowa.pl\/index.php?rest_route=%2Fwp%2Fv2%2Fcategories&post=2663"},{"taxonomy":"post_tag","embeddable":true,"href":"https:\/\/parafiakrzyzowa.pl\/index.php?rest_route=%2Fwp%2Fv2%2Ftags&post=2663"}],"curies":[{"name":"wp","href":"https:\/\/api.w.org\/{rel}","templated":true}]}}