{"id":2665,"date":"2021-10-16T08:17:21","date_gmt":"2021-10-16T08:17:21","guid":{"rendered":"https:\/\/parafiakrzyzowa.pl\/?p=2665"},"modified":"2021-10-16T08:17:28","modified_gmt":"2021-10-16T08:17:28","slug":"2665","status":"publish","type":"post","link":"https:\/\/parafiakrzyzowa.pl\/?p=2665","title":{"rendered":""},"content":{"rendered":"<p>&nbsp;<\/p>\n<p>Krzy\u017cowa \u00a017 .X . 2021 r.<\/p>\n<p><strong>\u00a0\u00a0\u00a0\u00a0\u00a0\u00a0\u00a0\u00a0\u00a0\u00a0\u00a0\u00a0\u00a0\u00a0\u00a0\u00a0\u00a0\u00a0\u00a0\u00a0\u00a0\u00a0\u00a0\u00a0\u00a0\u00a0\u00a0\u00a0\u00a0\u00a0\u00a0\u00a0\u00a0\u00a0\u00a0\u00a0\u00a0\u00a0\u00a0\u00a0\u00a0\u00a0\u00a0\u00a0\u00a0\u00a0\u00a0\u00a0\u00a0\u00a0\u00a0\u00a0\u00a0\u00a0\u00a0\u00a0\u00a0\u00a0\u00a0\u00a0\u00a0\u00a0\u00a0\u00a0\u00a0\u00a0\u00a0\u00a0\u00a0\u00a0\u00a0\u00a0\u00a0\u00a0\u00a0\u00a0\u00a0 <\/strong><\/p>\n<p><strong>\u00a0\u00a0\u00a0\u00a0\u00a0\u00a0\u00a0\u00a0\u00a0\u00a0\u00a0\u00a0\u00a0\u00a0\u00a0\u00a0\u00a0\u00a0\u00a0\u00a0\u00a0\u00a0\u00a0\u00a0\u00a0\u00a0\u00a0\u00a0\u00a0\u00a0\u00a0\u00a0\u00a0\u00a0\u00a0\u00a0 <\/strong><strong><u>XXIX NIEDZIELA ZWYK\u0141A<\/u><\/strong><\/p>\n<p>&nbsp;<\/p>\n<p>Zapraszam jeszcze dzi\u015b na nabo\u017ce\u0144stwo r\u00f3\u017ca\u0144cowe\u00a0 o godz. 17:30 . W dni powszednie po wieczornej mszy \u015bw.\u00a0 Zapraszam bardzo serdecznie wszystkich. Ciesz\u0119 si\u0119 , \u017ce codziennie bardzo du\u017ca grupa wiernych w naszym ko\u015bciele modli si\u0119 na R\u00f3\u017ca\u0144cu, a w\u015br\u00f3d was du\u017ca grupa dzieci i m\u0142odzie\u017cy. Wiem, \u017ce codziennie na modlitw\u0119\u00a0 r\u00f3\u017ca\u0144cow\u0105 w Krzy\u017c\u00f3wkach zbiera si\u0119 du\u017ca grupa parafian ,\u00a0 a w\u015br\u00f3d nich nasze dzieci i m\u0142odzie\u017c. Bardzo serdecznie dzi\u0119kuj\u0119 R\u00f3\u017cy z Krzy\u017c\u00f3wek \u015bw. Franciszka , kt\u00f3rej zelatork\u0105 jest p. Ma\u0142gorzata Niewdana za prowadzenie codziennie przy kaplicy R\u00f3\u017ca\u0144ca.<\/p>\n<p>W tym tygodniu modlitw\u0119 prowadz\u0105 : pon. ministranci wt. kl. I \u015br. kl. II czw. kl. III pt.\u00a0 pt, kl. IV sob. kl. V.<\/p>\n<p>&nbsp;<\/p>\n<p>Jeszcze raz bardzo serdecznie dzi\u0119kuj\u0119 rodzicom m\u0142odzie\u017cy kt\u00f3ra przyj\u0119\u0142a sakrament bierzmowania za to , \u017ce swoje dzieci wychowuj\u0105 po katolicku i troszcz\u0105 si\u0119 o ich najcenniejszy skarb kt\u00f3rym jest wiara. Dzi\u0119kuj\u0119 r\u00f3wnie\u017c m\u0142odzie\u017cy za pi\u0119kne przygotowanie si\u0119 do tego sakramentu. Niech poniedzia\u0142kowa uroczysto\u015b\u0107 b\u0119dzie dla was pocz\u0105tkiem wspania\u0142ej przygody z Chrystusem i \u017ceby\u015bmy si\u0119 kiedy\u015b wszyscy spotkali w niebie.<\/p>\n<p>&nbsp;<\/p>\n<p>Mo\u017cna dawa\u0107 na wypominki jednorazowe i roczne.<\/p>\n<p>Zach\u0119cam do nabywania prasy katolickiej. Dzi\u0119kuj\u0119 z sprz\u0105tanie ko\u015bcio\u0142a w tym tygodniu, Nast\u0119pne sprz\u0105tanie b\u0119dzie w sobot\u0119 o godz. 9:00. Kupujemy ju\u017c kwiaty. Sprz\u0105taj\u0105 Panie: J\u00f3zefa Matejczyk Barbara Matejczyk \u00a0El\u017cbieta Lach i Teresa Matejczyk.<\/p>\n<p>&nbsp;<\/p>\n<p>Wczoraj nasi kandydaci na\u00a0 lektor\u00f3w i lektorki rozpocz\u0119li kurs. Nasza s\u0142u\u017cba liturgiczna o\u0142tarza wzbogaci si\u0119 o 2 dziewczynki i 5 ch\u0142opc\u00f3w. Niestety na ministranta jest tylko jeden kandydat. Mam nadziej\u0119, \u017ce jeszcze zg\u0142osz\u0105 si\u0119 inni.<\/p>\n<p>&nbsp;<\/p>\n<p>&nbsp;<\/p>\n<p>Kalendarz liturgiczny<\/p>\n<p>&nbsp;<\/p>\n<p>Poniedzia\u0142ek \u2013 \u015bwi\u0119to \u015bw. \u0141ukasza ewangelisty<\/p>\n<p>\u015aroda \u2013 wsp. \u015bw. Jana z K\u0119t<\/p>\n<p>Pi\u0105tek \u2013 wsp \u015bw. Jana Paw\u0142a II papie\u017ca<\/p>\n<p>&nbsp;<\/p>\n<p>Bardzo dzi\u0119kuj\u0119 za ofiary na rodzin\u0119 syryjsk\u0105 i na stypendia dla m\u0142odzie\u017cy uzdolnionej w ramach Dnia papieskiego. Zebrali\u015bmy \u2026\u2026\u2026<\/p>\n<p>&nbsp;<\/p>\n<p>&nbsp;<\/p>\n<p>&nbsp;<\/p>\n<p>&nbsp;<\/p>\n<p>&nbsp;<\/p>\n<p>&nbsp;<\/p>\n<p>&nbsp;<\/p>\n","protected":false},"excerpt":{"rendered":"<p>&nbsp; Krzy\u017cowa \u00a017 .X . 2021 r. \u00a0\u00a0\u00a0\u00a0\u00a0\u00a0\u00a0\u00a0\u00a0\u00a0\u00a0\u00a0\u00a0\u00a0\u00a0\u00a0\u00a0\u00a0\u00a0\u00a0\u00a0\u00a0\u00a0\u00a0\u00a0\u00a0\u00a0\u00a0\u00a0\u00a0\u00a0\u00a0\u00a0\u00a0\u00a0\u00a0\u00a0\u00a0\u00a0\u00a0\u00a0\u00a0\u00a0\u00a0\u00a0\u00a0\u00a0\u00a0\u00a0\u00a0\u00a0\u00a0\u00a0\u00a0\u00a0\u00a0\u00a0\u00a0\u00a0\u00a0\u00a0\u00a0\u00a0\u00a0\u00a0\u00a0\u00a0\u00a0\u00a0\u00a0\u00a0\u00a0\u00a0\u00a0\u00a0\u00a0\u00a0 \u00a0\u00a0\u00a0\u00a0\u00a0\u00a0\u00a0\u00a0\u00a0\u00a0\u00a0\u00a0\u00a0\u00a0\u00a0\u00a0\u00a0\u00a0\u00a0\u00a0\u00a0\u00a0\u00a0\u00a0\u00a0\u00a0\u00a0\u00a0\u00a0\u00a0\u00a0\u00a0\u00a0\u00a0\u00a0\u00a0 XXIX NIEDZIELA ZWYK\u0141A &nbsp; Zapraszam jeszcze dzi\u015b na nabo\u017ce\u0144stwo r\u00f3\u017ca\u0144cowe\u00a0 o godz. 17:30 . W dni powszednie po wieczornej mszy \u015bw.\u00a0 Zapraszam bardzo serdecznie wszystkich. Ciesz\u0119 si\u0119 , \u017ce codziennie bardzo du\u017ca grupa wiernych w naszym ko\u015bciele modli si\u0119 na R\u00f3\u017ca\u0144cu, a w\u015br\u00f3d was du\u017ca grupa [&hellip;]<\/p>\n","protected":false},"author":0,"featured_media":0,"comment_status":"closed","ping_status":"closed","sticky":false,"template":"","format":"standard","meta":{"ngg_post_thumbnail":0,"footnotes":""},"categories":[3],"tags":[],"class_list":["post-2665","post","type-post","status-publish","format-standard","hentry","category-ogloszenia"],"aioseo_notices":[],"_links":{"self":[{"href":"https:\/\/parafiakrzyzowa.pl\/index.php?rest_route=\/wp\/v2\/posts\/2665","targetHints":{"allow":["GET"]}}],"collection":[{"href":"https:\/\/parafiakrzyzowa.pl\/index.php?rest_route=\/wp\/v2\/posts"}],"about":[{"href":"https:\/\/parafiakrzyzowa.pl\/index.php?rest_route=\/wp\/v2\/types\/post"}],"replies":[{"embeddable":true,"href":"https:\/\/parafiakrzyzowa.pl\/index.php?rest_route=%2Fwp%2Fv2%2Fcomments&post=2665"}],"version-history":[{"count":1,"href":"https:\/\/parafiakrzyzowa.pl\/index.php?rest_route=\/wp\/v2\/posts\/2665\/revisions"}],"predecessor-version":[{"id":2666,"href":"https:\/\/parafiakrzyzowa.pl\/index.php?rest_route=\/wp\/v2\/posts\/2665\/revisions\/2666"}],"wp:attachment":[{"href":"https:\/\/parafiakrzyzowa.pl\/index.php?rest_route=%2Fwp%2Fv2%2Fmedia&parent=2665"}],"wp:term":[{"taxonomy":"category","embeddable":true,"href":"https:\/\/parafiakrzyzowa.pl\/index.php?rest_route=%2Fwp%2Fv2%2Fcategories&post=2665"},{"taxonomy":"post_tag","embeddable":true,"href":"https:\/\/parafiakrzyzowa.pl\/index.php?rest_route=%2Fwp%2Fv2%2Ftags&post=2665"}],"curies":[{"name":"wp","href":"https:\/\/api.w.org\/{rel}","templated":true}]}}