{"id":2684,"date":"2021-11-06T13:57:17","date_gmt":"2021-11-06T13:57:17","guid":{"rendered":"https:\/\/parafiakrzyzowa.pl\/?p=2684"},"modified":"2021-11-06T13:57:23","modified_gmt":"2021-11-06T13:57:23","slug":"2684","status":"publish","type":"post","link":"https:\/\/parafiakrzyzowa.pl\/?p=2684","title":{"rendered":""},"content":{"rendered":"<p>&nbsp;<\/p>\n<p>Krzy\u017cowa \u00a07 .XI . 2021 r.<\/p>\n<p><strong>\u00a0\u00a0\u00a0\u00a0\u00a0\u00a0\u00a0\u00a0\u00a0\u00a0\u00a0\u00a0\u00a0\u00a0\u00a0\u00a0\u00a0\u00a0\u00a0\u00a0\u00a0\u00a0\u00a0\u00a0\u00a0\u00a0\u00a0\u00a0\u00a0\u00a0\u00a0\u00a0\u00a0\u00a0\u00a0\u00a0\u00a0\u00a0\u00a0\u00a0\u00a0\u00a0\u00a0\u00a0\u00a0\u00a0\u00a0\u00a0\u00a0\u00a0\u00a0\u00a0\u00a0\u00a0\u00a0\u00a0\u00a0\u00a0\u00a0\u00a0\u00a0\u00a0\u00a0\u00a0\u00a0\u00a0\u00a0\u00a0\u00a0\u00a0\u00a0\u00a0\u00a0\u00a0\u00a0\u00a0\u00a0 <\/strong><\/p>\n<p><strong>\u00a0\u00a0\u00a0\u00a0\u00a0\u00a0\u00a0\u00a0\u00a0\u00a0\u00a0\u00a0\u00a0\u00a0\u00a0\u00a0\u00a0\u00a0\u00a0\u00a0\u00a0\u00a0\u00a0\u00a0\u00a0\u00a0\u00a0\u00a0\u00a0\u00a0\u00a0\u00a0\u00a0\u00a0\u00a0\u00a0 <\/strong><strong><u>XXXII NIEDZIELA ZWYK\u0141A<\/u><\/strong><\/p>\n<p>&nbsp;<\/p>\n<p>&nbsp;<\/p>\n<p>Dzi\u015b przypada I niedziela miesi\u0105ca. Po ka\u017cdej mszy \u015bwi\u0119tej adoracja Pana Jezusa w Naj\u015bwi\u0119tszym Sakramencie.<\/p>\n<p>Bardzo dzi\u0119kuj\u0119 za ofiary zwi\u0105zane z wypominkami. Prosz\u0119 zg\u0142asza\u0107\u00a0 wszystkie pomy\u0142ki je\u015bli takie zauwa\u017cycie przy czytaniu wypomink\u00f3w.<\/p>\n<p>&nbsp;<\/p>\n<p>Zapraszam bardzo serdecznie na codzienn\u0105 msz\u0119 \u015bw. do naszego ko\u015bcio\u0142a. Przez ca\u0142y listopad mo\u017cna zyskiwa\u0107 odpusty za zmar\u0142ych.<\/p>\n<p>&nbsp;<\/p>\n<p>W czwartek przypada \u015bwi\u0119to Niepodleg\u0142o\u015bci naszej Ojczyzny. Msza \u015bw. b\u0119dzie o 17 w intencji naszej umi\u0142owanej Polski. Bardzo serdecznie zapraszam. Nie b\u0119dzie porannej mszy \u015bwi\u0119tej.<\/p>\n<p>&nbsp;<\/p>\n<p>Zach\u0119cam do nabywania prasy katolickiej.<\/p>\n<p>&nbsp;<\/p>\n<p>W \u015brod\u0119 o godz. 16 spotkanie na plebanii dzieci klasy III.<\/p>\n<p>&nbsp;<\/p>\n<p>Dzi\u0119kuj\u0119 za sprz\u0105tanie ko\u015bcio\u0142a w tym tygodniu. Nast\u0119pne sprz\u0105tanie b\u0119dzie w sobot\u0119 o godz. 9:00. Sprz\u0105taj\u0105 Panie: Beata Michalec Magdalena Michalec Renata Kormaniak i Ma\u0142gorzata Pindel. Nie kupujemy kwiat\u00f3w.<\/p>\n<p>&nbsp;<\/p>\n<p>&nbsp;<\/p>\n<p>Kalendarz liturgiczny<\/p>\n<p>&nbsp;<\/p>\n<p>Wtorek \u2013 \u015bwi\u0119to Po\u015bwi\u0119cenia Bazyliki Laterane\u0144skiej<\/p>\n<p>\u015aroda \u2013 wsp. \u015bw. Leona Wielkiego papie\u017ca i doktora Ko\u015bcio\u0142a<\/p>\n<p>Czwartek \u2013 wsp. \u015bw. Marcina z Tours \/ \u015bi\u0119to Niepodleg\u0142o\u015bci\/<\/p>\n<p>Pi\u0105tek \u2013 wsp. \u015bw. Jozafata biskupa i m\u0119czennika<\/p>\n<p>Sobota- wsp. \u015b. Benedykta Jana Mateusza i Krystyna\u00a0 m\u0119czennik\u00f3w Polski<\/p>\n<p>&nbsp;<\/p>\n<p>WW ostatnim tygodniu odszed\u0142 do Pana z naszej wsp\u00f3lnoty parafialnej po wieczn\u0105 nagrod\u0119 \u015bp. Emil Pastor\u00a0\u00a0\u00a0\u00a0\u00a0\u00a0\u00a0\u00a0\u00a0\u00a0\u00a0 wieczny odpoczynek racz mu da\u0107 Panie\u2026..<\/p>\n","protected":false},"excerpt":{"rendered":"<p>&nbsp; Krzy\u017cowa \u00a07 .XI . 2021 r. \u00a0\u00a0\u00a0\u00a0\u00a0\u00a0\u00a0\u00a0\u00a0\u00a0\u00a0\u00a0\u00a0\u00a0\u00a0\u00a0\u00a0\u00a0\u00a0\u00a0\u00a0\u00a0\u00a0\u00a0\u00a0\u00a0\u00a0\u00a0\u00a0\u00a0\u00a0\u00a0\u00a0\u00a0\u00a0\u00a0\u00a0\u00a0\u00a0\u00a0\u00a0\u00a0\u00a0\u00a0\u00a0\u00a0\u00a0\u00a0\u00a0\u00a0\u00a0\u00a0\u00a0\u00a0\u00a0\u00a0\u00a0\u00a0\u00a0\u00a0\u00a0\u00a0\u00a0\u00a0\u00a0\u00a0\u00a0\u00a0\u00a0\u00a0\u00a0\u00a0\u00a0\u00a0\u00a0\u00a0\u00a0 \u00a0\u00a0\u00a0\u00a0\u00a0\u00a0\u00a0\u00a0\u00a0\u00a0\u00a0\u00a0\u00a0\u00a0\u00a0\u00a0\u00a0\u00a0\u00a0\u00a0\u00a0\u00a0\u00a0\u00a0\u00a0\u00a0\u00a0\u00a0\u00a0\u00a0\u00a0\u00a0\u00a0\u00a0\u00a0\u00a0 XXXII NIEDZIELA ZWYK\u0141A &nbsp; &nbsp; Dzi\u015b przypada I niedziela miesi\u0105ca. Po ka\u017cdej mszy \u015bwi\u0119tej adoracja Pana Jezusa w Naj\u015bwi\u0119tszym Sakramencie. Bardzo dzi\u0119kuj\u0119 za ofiary zwi\u0105zane z wypominkami. Prosz\u0119 zg\u0142asza\u0107\u00a0 wszystkie pomy\u0142ki je\u015bli takie zauwa\u017cycie przy czytaniu wypomink\u00f3w. &nbsp; Zapraszam bardzo serdecznie na codzienn\u0105 msz\u0119 \u015bw. do [&hellip;]<\/p>\n","protected":false},"author":0,"featured_media":0,"comment_status":"closed","ping_status":"closed","sticky":false,"template":"","format":"standard","meta":{"ngg_post_thumbnail":0,"footnotes":""},"categories":[3],"tags":[],"class_list":["post-2684","post","type-post","status-publish","format-standard","hentry","category-ogloszenia"],"aioseo_notices":[],"_links":{"self":[{"href":"https:\/\/parafiakrzyzowa.pl\/index.php?rest_route=\/wp\/v2\/posts\/2684","targetHints":{"allow":["GET"]}}],"collection":[{"href":"https:\/\/parafiakrzyzowa.pl\/index.php?rest_route=\/wp\/v2\/posts"}],"about":[{"href":"https:\/\/parafiakrzyzowa.pl\/index.php?rest_route=\/wp\/v2\/types\/post"}],"replies":[{"embeddable":true,"href":"https:\/\/parafiakrzyzowa.pl\/index.php?rest_route=%2Fwp%2Fv2%2Fcomments&post=2684"}],"version-history":[{"count":1,"href":"https:\/\/parafiakrzyzowa.pl\/index.php?rest_route=\/wp\/v2\/posts\/2684\/revisions"}],"predecessor-version":[{"id":2685,"href":"https:\/\/parafiakrzyzowa.pl\/index.php?rest_route=\/wp\/v2\/posts\/2684\/revisions\/2685"}],"wp:attachment":[{"href":"https:\/\/parafiakrzyzowa.pl\/index.php?rest_route=%2Fwp%2Fv2%2Fmedia&parent=2684"}],"wp:term":[{"taxonomy":"category","embeddable":true,"href":"https:\/\/parafiakrzyzowa.pl\/index.php?rest_route=%2Fwp%2Fv2%2Fcategories&post=2684"},{"taxonomy":"post_tag","embeddable":true,"href":"https:\/\/parafiakrzyzowa.pl\/index.php?rest_route=%2Fwp%2Fv2%2Ftags&post=2684"}],"curies":[{"name":"wp","href":"https:\/\/api.w.org\/{rel}","templated":true}]}}