{"id":2709,"date":"2021-11-27T13:39:09","date_gmt":"2021-11-27T13:39:09","guid":{"rendered":"https:\/\/parafiakrzyzowa.pl\/?p=2709"},"modified":"2021-11-27T13:39:17","modified_gmt":"2021-11-27T13:39:17","slug":"2709","status":"publish","type":"post","link":"https:\/\/parafiakrzyzowa.pl\/?p=2709","title":{"rendered":""},"content":{"rendered":"<p>&nbsp;<\/p>\n<p>Krzy\u017cowa \u00a028 .XI . 2021 r.<\/p>\n<p><strong>\u00a0\u00a0\u00a0\u00a0\u00a0\u00a0\u00a0\u00a0\u00a0\u00a0\u00a0\u00a0\u00a0\u00a0\u00a0\u00a0\u00a0\u00a0\u00a0\u00a0\u00a0\u00a0\u00a0\u00a0\u00a0\u00a0\u00a0\u00a0\u00a0\u00a0\u00a0\u00a0\u00a0\u00a0\u00a0\u00a0\u00a0\u00a0\u00a0\u00a0\u00a0\u00a0\u00a0\u00a0\u00a0\u00a0\u00a0\u00a0\u00a0\u00a0\u00a0\u00a0\u00a0\u00a0\u00a0\u00a0\u00a0\u00a0\u00a0\u00a0\u00a0\u00a0\u00a0\u00a0\u00a0\u00a0\u00a0\u00a0\u00a0\u00a0\u00a0\u00a0\u00a0\u00a0\u00a0\u00a0\u00a0 <\/strong><\/p>\n<p><strong>\u00a0\u00a0\u00a0\u00a0\u00a0\u00a0\u00a0\u00a0\u00a0\u00a0\u00a0\u00a0\u00a0\u00a0\u00a0\u00a0\u00a0\u00a0\u00a0\u00a0\u00a0\u00a0\u00a0\u00a0\u00a0\u00a0\u00a0\u00a0\u00a0\u00a0\u00a0\u00a0\u00a0\u00a0\u00a0 <\/strong><\/p>\n<p><strong>\u00a0 \u00a0 \u00a0 \u00a0 \u00a0 \u00a0 \u00a0 \u00a0 \u00a0 \u00a0 \u00a0 \u00a0 \u00a0 \u00a0 \u00a0 \u00a0 \u00a0 \u00a0 \u00a0 \u00a0 \u00a0 \u00a0 \u00a0 \u00a0 \u00a0 \u00a0 \u00a0 \u00a0<\/strong><strong>\u00a0<\/strong><strong><u>I NIEDZIELA ADWENTU<\/u><\/strong><\/p>\n<p><u>\u00a0<\/u><\/p>\n<p>Rozpoczyna si\u0119 w Ko\u015bciele Adwent , czas radosnego ale pe\u0142nego modlitwy i skupienia oczekiwania na powt\u00f3rne przyj\u015bcie Pana Jezusa na ziemi\u0119, a w bli\u017cszej perspektywie na Bo\u017ce Narodzenie. Oczekiwanie ze strony cz\u0142owieka winno si\u0119 zaznaczy\u0107 nieustann\u0105 przemian\u0105 \u017cycia na lepsze.<\/p>\n<p>&nbsp;<\/p>\n<p>Serdecznie prosz\u0119 wszystkich o postanowienia adwentowe\u00a0 Ofiarujmy te postanowienia cho\u0107by abstynencj\u0119 post wi\u0119cej modlitwy za nasz\u0105 Ojczyzn\u0119 i za tych kt\u00f3rzy tak dzielnie bron\u0105 naszej wschodniej granicy za naszych chorych w parafii.<\/p>\n<p>&nbsp;<\/p>\n<p>Przez ca\u0142y Adwent msze \u015bw. zwane roratami b\u0119d\u0105 odprawiane o godz. 17 \u017ceby wielu parafian\u00a0 \u00a0 \u00a0 \u00a0 \u00a0 \u00a0 \u00a0 \u00a0a szczeg\u00f3lne dzieci i m\u0142odzie\u017c mogli codziennie uczestniczy\u0107 w roratach.<\/p>\n<p>&nbsp;<\/p>\n<p>Nasze dzieci na jutrzejsze roraty przygotuj\u0105 papierowe serduszka podpisane imieniem i nazwiskiem oraz pi\u0119kne lampiony.<\/p>\n<p>&nbsp;<\/p>\n<p>Zawsze po roratach b\u0119dzie losowanie figurki Matki Bo\u017cej Niepokalanej.\u00a0 Ka\u017cdego dnia dzieci otrzymaj\u0105 obrazki roratnie kt\u00f3re w domach b\u0119d\u0105 nakleja\u0107 na plansze kt\u00f3re otrzyma\u0142y od p. katechety.<\/p>\n<p>Te dzieci kt\u00f3re nie maj\u0105 planszy mog\u0105 je dosta\u0107 w zakrystii.<\/p>\n<p>&nbsp;<\/p>\n<p>Przewodnikiem w czasie Adwentu b\u0119dzie Archanio\u0142 Gabriel.<\/p>\n<p>Mo\u017cna ju\u017c nabywa\u0107 \u015bwiece Caritas, kt\u00f3re\u00a0 s\u0105 na stoliku przy o\u0142tarzu \u015bw. Antoniego.<\/p>\n<p>W ostatni\u0105 niedziel\u0119 m\u00f3wi\u0142em jaka jest istota Wigilijnego Dzie\u0142a Pomocy dzieciom.<\/p>\n<p>W tym tygodniu przypada I czwartek i pi\u0105tek miesi\u0105ca. Spowied\u017a \u015bw. b\u0119dzie w obydwa dni od godz. 16 do 17.<\/p>\n<p>Nie b\u0119dzie wizyty u chorych poniewa\u017c b\u0119d\u0119 je\u017adzi\u0142 do chorych przed \u015bwi\u0119tami Bo\u017cego Narodzenia.<\/p>\n<p>&nbsp;<\/p>\n<p>Zach\u0119cam do nabywania prasy katolickiej.<\/p>\n<p>Dzi\u0119kuj\u0119 za ofiary na rodzin\u0119 syryjsk\u0105 z Aleppo w ramach pomocy Rodzina rodzinie.<\/p>\n<p>&nbsp;<\/p>\n<p>B\u00f3g zap\u0142a\u0107 za sprz\u0105tanie ko\u015bcio\u0142a w tym tygodniu. Nast\u0119pne sprz\u0105tanie b\u0119dzie w sobot\u0119 o godz. 9:00.<\/p>\n<p>Sprz\u0105taj\u0105 Panie: Ma\u0142gorzata\u00a0 J\u0119drzejas Ewelina Kaprak Ma\u0142gorzata Michalec i Zofia Pierlak.<\/p>\n<p>&nbsp;<\/p>\n<p>Kalendarz liturgiczny<\/p>\n<p>&nbsp;<\/p>\n<p>Wtorek &#8211; \u015bwi\u0119to \u015bw. Andrzeja Aposto\u0142a<\/p>\n<p>Pi\u0105tek \u2013 wsp. \u015bw. Franciszka Ksawerego<\/p>\n<p>Sobota \u2013 wsp. \u015bw. Barbary dziewicy i m\u0119czennicy<\/p>\n<p>&nbsp;<\/p>\n<p>&nbsp;<\/p>\n<p>&nbsp;<\/p>\n<p>&nbsp;<\/p>\n<p>&nbsp;<\/p>\n<p>&nbsp;<\/p>\n<p>&nbsp;<\/p>\n","protected":false},"excerpt":{"rendered":"<p>&nbsp; Krzy\u017cowa \u00a028 .XI . 2021 r. \u00a0\u00a0\u00a0\u00a0\u00a0\u00a0\u00a0\u00a0\u00a0\u00a0\u00a0\u00a0\u00a0\u00a0\u00a0\u00a0\u00a0\u00a0\u00a0\u00a0\u00a0\u00a0\u00a0\u00a0\u00a0\u00a0\u00a0\u00a0\u00a0\u00a0\u00a0\u00a0\u00a0\u00a0\u00a0\u00a0\u00a0\u00a0\u00a0\u00a0\u00a0\u00a0\u00a0\u00a0\u00a0\u00a0\u00a0\u00a0\u00a0\u00a0\u00a0\u00a0\u00a0\u00a0\u00a0\u00a0\u00a0\u00a0\u00a0\u00a0\u00a0\u00a0\u00a0\u00a0\u00a0\u00a0\u00a0\u00a0\u00a0\u00a0\u00a0\u00a0\u00a0\u00a0\u00a0\u00a0\u00a0 \u00a0\u00a0\u00a0\u00a0\u00a0\u00a0\u00a0\u00a0\u00a0\u00a0\u00a0\u00a0\u00a0\u00a0\u00a0\u00a0\u00a0\u00a0\u00a0\u00a0\u00a0\u00a0\u00a0\u00a0\u00a0\u00a0\u00a0\u00a0\u00a0\u00a0\u00a0\u00a0\u00a0\u00a0\u00a0 \u00a0 \u00a0 \u00a0 \u00a0 \u00a0 \u00a0 \u00a0 \u00a0 \u00a0 \u00a0 \u00a0 \u00a0 \u00a0 \u00a0 \u00a0 \u00a0 \u00a0 \u00a0 \u00a0 \u00a0 \u00a0 \u00a0 \u00a0 \u00a0 \u00a0 \u00a0 \u00a0 \u00a0\u00a0I NIEDZIELA ADWENTU \u00a0 Rozpoczyna si\u0119 w Ko\u015bciele Adwent , czas radosnego ale pe\u0142nego modlitwy i skupienia oczekiwania na [&hellip;]<\/p>\n","protected":false},"author":0,"featured_media":0,"comment_status":"closed","ping_status":"closed","sticky":false,"template":"","format":"standard","meta":{"ngg_post_thumbnail":0,"footnotes":""},"categories":[3],"tags":[],"class_list":["post-2709","post","type-post","status-publish","format-standard","hentry","category-ogloszenia"],"aioseo_notices":[],"_links":{"self":[{"href":"https:\/\/parafiakrzyzowa.pl\/index.php?rest_route=\/wp\/v2\/posts\/2709","targetHints":{"allow":["GET"]}}],"collection":[{"href":"https:\/\/parafiakrzyzowa.pl\/index.php?rest_route=\/wp\/v2\/posts"}],"about":[{"href":"https:\/\/parafiakrzyzowa.pl\/index.php?rest_route=\/wp\/v2\/types\/post"}],"replies":[{"embeddable":true,"href":"https:\/\/parafiakrzyzowa.pl\/index.php?rest_route=%2Fwp%2Fv2%2Fcomments&post=2709"}],"version-history":[{"count":1,"href":"https:\/\/parafiakrzyzowa.pl\/index.php?rest_route=\/wp\/v2\/posts\/2709\/revisions"}],"predecessor-version":[{"id":2710,"href":"https:\/\/parafiakrzyzowa.pl\/index.php?rest_route=\/wp\/v2\/posts\/2709\/revisions\/2710"}],"wp:attachment":[{"href":"https:\/\/parafiakrzyzowa.pl\/index.php?rest_route=%2Fwp%2Fv2%2Fmedia&parent=2709"}],"wp:term":[{"taxonomy":"category","embeddable":true,"href":"https:\/\/parafiakrzyzowa.pl\/index.php?rest_route=%2Fwp%2Fv2%2Fcategories&post=2709"},{"taxonomy":"post_tag","embeddable":true,"href":"https:\/\/parafiakrzyzowa.pl\/index.php?rest_route=%2Fwp%2Fv2%2Ftags&post=2709"}],"curies":[{"name":"wp","href":"https:\/\/api.w.org\/{rel}","templated":true}]}}