{"id":2755,"date":"2022-01-08T11:37:02","date_gmt":"2022-01-08T11:37:02","guid":{"rendered":"https:\/\/parafiakrzyzowa.pl\/?p=2755"},"modified":"2022-01-08T11:37:10","modified_gmt":"2022-01-08T11:37:10","slug":"2755","status":"publish","type":"post","link":"https:\/\/parafiakrzyzowa.pl\/?p=2755","title":{"rendered":""},"content":{"rendered":"<p>&nbsp;<\/p>\n<p>Krzy\u017cowa \u00a09 .I . 2022 r.<\/p>\n<p><strong>\u00a0\u00a0\u00a0\u00a0\u00a0\u00a0\u00a0\u00a0\u00a0\u00a0\u00a0\u00a0\u00a0\u00a0\u00a0\u00a0\u00a0\u00a0\u00a0\u00a0\u00a0\u00a0\u00a0\u00a0\u00a0\u00a0\u00a0\u00a0\u00a0\u00a0\u00a0\u00a0\u00a0\u00a0\u00a0\u00a0\u00a0\u00a0\u00a0\u00a0\u00a0\u00a0\u00a0\u00a0\u00a0\u00a0\u00a0\u00a0\u00a0\u00a0\u00a0\u00a0\u00a0\u00a0\u00a0\u00a0\u00a0\u00a0\u00a0\u00a0\u00a0\u00a0\u00a0\u00a0\u00a0\u00a0\u00a0\u00a0\u00a0\u00a0\u00a0\u00a0\u00a0\u00a0\u00a0\u00a0\u00a0 <\/strong><\/p>\n<p><strong>\u00a0\u00a0\u00a0\u00a0\u00a0\u00a0\u00a0\u00a0\u00a0\u00a0\u00a0\u00a0\u00a0\u00a0\u00a0\u00a0\u00a0\u00a0\u00a0\u00a0\u00a0\u00a0\u00a0\u00a0\u00a0\u00a0\u00a0\u00a0\u00a0\u00a0\u00a0\u00a0\u00a0\u00a0\u00a0 <\/strong><\/p>\n<p><strong>\u00a0\u00a0\u00a0\u00a0\u00a0\u00a0\u00a0\u00a0\u00a0\u00a0\u00a0\u00a0\u00a0\u00a0\u00a0\u00a0\u00a0\u00a0\u00a0\u00a0\u00a0\u00a0\u00a0\u00a0\u00a0\u00a0\u00a0\u00a0\u00a0\u00a0\u00a0\u00a0\u00a0\u00a0\u00a0\u00a0\u00a0\u00a0\u00a0\u00a0\u00a0\u00a0 <\/strong><strong>\u00a0<\/strong><\/p>\n<p><strong>\u00a0<\/strong><\/p>\n<p><strong>\u00a0 \u00a0 \u00a0 \u00a0 \u00a0 \u00a0 \u00a0 \u00a0 \u00a0 \u00a0 \u00a0 \u00a0 \u00a0 \u00a0 \u00a0 \u00a0 \u00a0 \u00a0 \u00a0 \u00a0 \u00a0 \u00a0 \u00a0 \u00a0 \u00a0 \u00a0<u>\u015aWI\u0118TO CHRZTU PA\u0143SKIEGO<\/u><\/strong><\/p>\n<p>&nbsp;<\/p>\n<p>Przy okazji dzisiejszego \u015bwi\u0119ta Chrztu Pa\u0144skiego przypominam niekt\u00f3re informacje dotycz\u0105ce udzielana chrztu \u015bw. w naszym ko\u015bciele. Zasadniczo chrzest \u015bw. udzielany jest w 2 niedziel\u0119 miesi\u0105ca na mszy \u015bw. godz.. 10.<\/p>\n<p>&nbsp;<\/p>\n<p>Bardzo prosz\u0119, aby na rodzic\u00f3w chrzestnych proszono ludzi praktykuj\u0105cych kt\u00f3rzy przyj\u0119li ju\u017c sakrament Bierzmowania. Rodzicami chrzestnymi mog\u0105 by\u0107 ma\u0142\u017conkowie \u017cyj\u0105cy w sakramentalnych zwi\u0105zkach ma\u0142\u017ce\u0144skich ludzie stanu wolnego lub te\u017c rozwiedzeni ale nie \u017cyj\u0105cych w nowych zwi\u0105zkach cywilnych lub konkubinacie czyli mieszkaj\u0105cy pod jednym dachem\u00a0 nawet bez\u00a0 tzw. \u015blubu cywilnego.<\/p>\n<p>&nbsp;<\/p>\n<p>Rodzice chrzestni mieszkaj\u0105cy poza nasz\u0105 parafi\u0105 musz\u0105 mie\u0107 za\u015bwiadczenie od w\u0142a\u015bciwego proboszcza , a ci kt\u00f3rzy parafianie nasi kt\u00f3rzy mieszkaj\u0105 za granic\u0105 musz\u0105 mie\u0107 za\u015bwiadczenie od ksi\u0119dza tej parafii w kt\u00f3rej mieszkaj\u0105. W Ko\u015bciele nie liczy si\u0119 gdzie kto\u015b jest zameldowany tylko gdzie obecnie mieszka. Zapraszam bardzo serdecznie na codzienn\u0105 msz\u0119 \u015bw. do naszego ko\u015bcio\u0142a.<\/p>\n<p>&nbsp;<\/p>\n<p>W \u015brod\u0119 R\u00f3\u017caniec w intencji wszystkich chorych z naszej Parafii. Serdecznie zapraszam.<\/p>\n<p>&nbsp;<\/p>\n<p>Nasza S\u0142u\u017cba Liturgiczna O\u0142tarz bardzo gor\u0105co dzi\u0119kuje ca\u0142ej parafii za ofiary kt\u00f3re z\u0142o\u017cyli\u015bcie dla nich w czasie ich kol\u0119dy.<\/p>\n<p>&nbsp;<\/p>\n<p>Zach\u0119cam do nabywania prasy katolickiej. Go\u015b\u0107 Niedzielny jest niestety ju\u017c po 8 z\u0142.<\/p>\n<p>&nbsp;<\/p>\n<p>Msza \u015bw. kol\u0119dowa w tym tygodniu o godz. 18 : poniedzia\u0142ek parafianie od, P. Matejczyk Heleny J.P. II 194 do P. S\u0142owik\u00f3w J.P. II 100 i w \u015brod\u0119 o godz. 18 od P. Olak ul. D\u0142uga 9 do P. Krzy\u017cowskich J.P. II 1<\/p>\n<p>&nbsp;<\/p>\n<p>Dzi\u0119kuj\u0119 za sprz\u0105tanie ko\u015bcio\u0142a w tym tygodniu. Nast\u0119pne sprz\u0105tanie b\u0119dzie w sobot\u0119 o godz. 9:00. Sprz\u0105taj\u0105 Panie: Aleksandra Majcherek Anna \u0141oboz Natalia Juraszek i Marta Nawrocka.<\/p>\n<p>&nbsp;<\/p>\n<p>Bardzo dzi\u0119kuj\u0119 za ofiary na rodzin\u0119 syryjsk\u0105 z Allepo.<\/p>\n<p>&nbsp;<\/p>\n<p>Je\u015bli nie pogorsz\u0105 si\u0119 warunki epidemiologiczne to w najbli\u017csz\u0105 niedziel\u0119 na mszach \u015bw. o godz. 8\u00a0 \u00a0 i 10 b\u0119dzie gra\u0142 i \u015bpiewa\u0142 kol\u0119dy zesp\u00f3\u0142 dzieci i m\u0142odzie\u017cy z Krzy\u017c\u00f3wek.<\/p>\n<p>&nbsp;<\/p>\n<p>&nbsp;<\/p>\n<p>&nbsp;<\/p>\n<p>&nbsp;<\/p>\n<p>&nbsp;<\/p>\n<p>.<\/p>\n","protected":false},"excerpt":{"rendered":"<p>&nbsp; Krzy\u017cowa \u00a09 .I . 2022 r. \u00a0\u00a0\u00a0\u00a0\u00a0\u00a0\u00a0\u00a0\u00a0\u00a0\u00a0\u00a0\u00a0\u00a0\u00a0\u00a0\u00a0\u00a0\u00a0\u00a0\u00a0\u00a0\u00a0\u00a0\u00a0\u00a0\u00a0\u00a0\u00a0\u00a0\u00a0\u00a0\u00a0\u00a0\u00a0\u00a0\u00a0\u00a0\u00a0\u00a0\u00a0\u00a0\u00a0\u00a0\u00a0\u00a0\u00a0\u00a0\u00a0\u00a0\u00a0\u00a0\u00a0\u00a0\u00a0\u00a0\u00a0\u00a0\u00a0\u00a0\u00a0\u00a0\u00a0\u00a0\u00a0\u00a0\u00a0\u00a0\u00a0\u00a0\u00a0\u00a0\u00a0\u00a0\u00a0\u00a0\u00a0 \u00a0\u00a0\u00a0\u00a0\u00a0\u00a0\u00a0\u00a0\u00a0\u00a0\u00a0\u00a0\u00a0\u00a0\u00a0\u00a0\u00a0\u00a0\u00a0\u00a0\u00a0\u00a0\u00a0\u00a0\u00a0\u00a0\u00a0\u00a0\u00a0\u00a0\u00a0\u00a0\u00a0\u00a0\u00a0 \u00a0\u00a0\u00a0\u00a0\u00a0\u00a0\u00a0\u00a0\u00a0\u00a0\u00a0\u00a0\u00a0\u00a0\u00a0\u00a0\u00a0\u00a0\u00a0\u00a0\u00a0\u00a0\u00a0\u00a0\u00a0\u00a0\u00a0\u00a0\u00a0\u00a0\u00a0\u00a0\u00a0\u00a0\u00a0\u00a0\u00a0\u00a0\u00a0\u00a0\u00a0\u00a0 \u00a0 \u00a0 \u00a0 \u00a0 \u00a0 \u00a0 \u00a0 \u00a0 \u00a0 \u00a0 \u00a0 \u00a0 \u00a0 \u00a0 \u00a0 \u00a0 \u00a0 \u00a0 \u00a0 \u00a0 \u00a0 \u00a0 \u00a0 \u00a0 \u00a0 \u00a0 \u00a0 \u00a0\u015aWI\u0118TO CHRZTU PA\u0143SKIEGO &nbsp; Przy okazji dzisiejszego \u015bwi\u0119ta Chrztu Pa\u0144skiego przypominam niekt\u00f3re informacje dotycz\u0105ce udzielana chrztu \u015bw. w [&hellip;]<\/p>\n","protected":false},"author":0,"featured_media":0,"comment_status":"closed","ping_status":"closed","sticky":false,"template":"","format":"standard","meta":{"ngg_post_thumbnail":0,"footnotes":""},"categories":[3],"tags":[],"class_list":["post-2755","post","type-post","status-publish","format-standard","hentry","category-ogloszenia"],"aioseo_notices":[],"_links":{"self":[{"href":"https:\/\/parafiakrzyzowa.pl\/index.php?rest_route=\/wp\/v2\/posts\/2755","targetHints":{"allow":["GET"]}}],"collection":[{"href":"https:\/\/parafiakrzyzowa.pl\/index.php?rest_route=\/wp\/v2\/posts"}],"about":[{"href":"https:\/\/parafiakrzyzowa.pl\/index.php?rest_route=\/wp\/v2\/types\/post"}],"replies":[{"embeddable":true,"href":"https:\/\/parafiakrzyzowa.pl\/index.php?rest_route=%2Fwp%2Fv2%2Fcomments&post=2755"}],"version-history":[{"count":1,"href":"https:\/\/parafiakrzyzowa.pl\/index.php?rest_route=\/wp\/v2\/posts\/2755\/revisions"}],"predecessor-version":[{"id":2756,"href":"https:\/\/parafiakrzyzowa.pl\/index.php?rest_route=\/wp\/v2\/posts\/2755\/revisions\/2756"}],"wp:attachment":[{"href":"https:\/\/parafiakrzyzowa.pl\/index.php?rest_route=%2Fwp%2Fv2%2Fmedia&parent=2755"}],"wp:term":[{"taxonomy":"category","embeddable":true,"href":"https:\/\/parafiakrzyzowa.pl\/index.php?rest_route=%2Fwp%2Fv2%2Fcategories&post=2755"},{"taxonomy":"post_tag","embeddable":true,"href":"https:\/\/parafiakrzyzowa.pl\/index.php?rest_route=%2Fwp%2Fv2%2Ftags&post=2755"}],"curies":[{"name":"wp","href":"https:\/\/api.w.org\/{rel}","templated":true}]}}