{"id":2773,"date":"2022-01-21T18:12:07","date_gmt":"2022-01-21T18:12:07","guid":{"rendered":"https:\/\/parafiakrzyzowa.pl\/?p=2773"},"modified":"2022-01-22T07:31:03","modified_gmt":"2022-01-22T07:31:03","slug":"2773","status":"publish","type":"post","link":"https:\/\/parafiakrzyzowa.pl\/?p=2773","title":{"rendered":""},"content":{"rendered":"<p>&nbsp;<\/p>\n<p>Krzy\u017cowa \u00a023 .I . 2022 r.<\/p>\n<p><strong>\u00a0 \u00a0 \u00a0 \u00a0 \u00a0 \u00a0 \u00a0 \u00a0 \u00a0 \u00a0 \u00a0 \u00a0 \u00a0 \u00a0 \u00a0 \u00a0 \u00a0 \u00a0 \u00a0 \u00a0 \u00a0 \u00a0 \u00a0<\/strong><strong>\u00a0<u>III NIEDZIELA ZWYK\u0141A<\/u><\/strong><\/p>\n<p>&nbsp;<\/p>\n<p>&nbsp;<\/p>\n<p>Pandemia znowu nabiera tempa. Bardzo serdecznie zapraszam tych kt\u00f3rzy mog\u0105 na codzienn\u0105 msz\u0119 \u015bw. \u017ceby\u015bmy mogli si\u0119 modli\u0107 o ust\u0105pienie tej choroby.<\/p>\n<p>&nbsp;<\/p>\n<p>Ca\u0142a nasza szko\u0142a w Krzy\u017cowej jest znowu na kwarantannie.<\/p>\n<p>&nbsp;<\/p>\n<p>Witam wszystkich go\u015bci kt\u00f3rzy odpoczywaj\u0105 w naszej parafii. \u017bycz\u0119 du\u017co \u015bniegu i bezpiecznego wypoczynku na nartach.<\/p>\n<p>&nbsp;<\/p>\n<p>Ze wzgl\u0119du na kwarantann\u0119 nie b\u0119dzie spotkania w tym tygodniu z dzie\u0107mi z klasy III.<\/p>\n<p>&nbsp;<\/p>\n<p>W sobot\u0119 o godz. 11 prosz\u0119 wszystkich lektor\u00f3w lektorki i kantorki do ko\u015bcio\u0142a. B\u0119dziemy ju\u017c rozbierali szopk\u0119 i choinki.<\/p>\n<p>&nbsp;<\/p>\n<p>B\u00f3g zap\u0142a\u0107 za sprz\u0105tanie ko\u015bcio\u0142a w tym tygodniu. Nast\u0119pne sprz\u0105tanie b\u0119dzie w sobot\u0119 o godz. 9:00. Sprz\u0105taj\u0105 Panie: Barbara Witas Aniela Pierlak Renata Pastor i Maria Niewdana.<\/p>\n<p>&nbsp;<\/p>\n<p>Zach\u0119cam do nabywania prasy katolickiej.<\/p>\n<p>&nbsp;<\/p>\n<p>Kalendarz liturgiczny<\/p>\n<p>&nbsp;<\/p>\n<p>Poniedzia\u0142ek \u2013 wsp. \u015bw. Franciszka Walezego<\/p>\n<p>Wtorek \u2013 \u015bwi\u0119to Nawr\u00f3cenia \u015bw. Paw\u0142a Aposto\u0142a<\/p>\n<p>\u015aroda \u2013 wsp. \u015bwi\u0119tych biskup\u00f3w Tymoteusza i Tytusa<\/p>\n<p>Pi\u0105tek \u2013 wsp. \u015bw. Tomasza z Akwinu kap\u0142ana i Doktora Ko\u015bciola<\/p>\n","protected":false},"excerpt":{"rendered":"<p>&nbsp; Krzy\u017cowa \u00a023 .I . 2022 r. \u00a0 \u00a0 \u00a0 \u00a0 \u00a0 \u00a0 \u00a0 \u00a0 \u00a0 \u00a0 \u00a0 \u00a0 \u00a0 \u00a0 \u00a0 \u00a0 \u00a0 \u00a0 \u00a0 \u00a0 \u00a0 \u00a0 \u00a0\u00a0III NIEDZIELA ZWYK\u0141A &nbsp; &nbsp; Pandemia znowu nabiera tempa. Bardzo serdecznie zapraszam tych kt\u00f3rzy mog\u0105 na codzienn\u0105 msz\u0119 \u015bw. \u017ceby\u015bmy mogli si\u0119 modli\u0107 o ust\u0105pienie tej [&hellip;]<\/p>\n","protected":false},"author":0,"featured_media":0,"comment_status":"closed","ping_status":"closed","sticky":false,"template":"","format":"standard","meta":{"ngg_post_thumbnail":0,"footnotes":""},"categories":[3],"tags":[],"class_list":["post-2773","post","type-post","status-publish","format-standard","hentry","category-ogloszenia"],"aioseo_notices":[],"_links":{"self":[{"href":"https:\/\/parafiakrzyzowa.pl\/index.php?rest_route=\/wp\/v2\/posts\/2773","targetHints":{"allow":["GET"]}}],"collection":[{"href":"https:\/\/parafiakrzyzowa.pl\/index.php?rest_route=\/wp\/v2\/posts"}],"about":[{"href":"https:\/\/parafiakrzyzowa.pl\/index.php?rest_route=\/wp\/v2\/types\/post"}],"replies":[{"embeddable":true,"href":"https:\/\/parafiakrzyzowa.pl\/index.php?rest_route=%2Fwp%2Fv2%2Fcomments&post=2773"}],"version-history":[{"count":3,"href":"https:\/\/parafiakrzyzowa.pl\/index.php?rest_route=\/wp\/v2\/posts\/2773\/revisions"}],"predecessor-version":[{"id":2776,"href":"https:\/\/parafiakrzyzowa.pl\/index.php?rest_route=\/wp\/v2\/posts\/2773\/revisions\/2776"}],"wp:attachment":[{"href":"https:\/\/parafiakrzyzowa.pl\/index.php?rest_route=%2Fwp%2Fv2%2Fmedia&parent=2773"}],"wp:term":[{"taxonomy":"category","embeddable":true,"href":"https:\/\/parafiakrzyzowa.pl\/index.php?rest_route=%2Fwp%2Fv2%2Fcategories&post=2773"},{"taxonomy":"post_tag","embeddable":true,"href":"https:\/\/parafiakrzyzowa.pl\/index.php?rest_route=%2Fwp%2Fv2%2Ftags&post=2773"}],"curies":[{"name":"wp","href":"https:\/\/api.w.org\/{rel}","templated":true}]}}