{"id":2779,"date":"2022-01-29T08:53:18","date_gmt":"2022-01-29T08:53:18","guid":{"rendered":"https:\/\/parafiakrzyzowa.pl\/?p=2779"},"modified":"2022-01-29T08:53:22","modified_gmt":"2022-01-29T08:53:22","slug":"2779","status":"publish","type":"post","link":"https:\/\/parafiakrzyzowa.pl\/?p=2779","title":{"rendered":""},"content":{"rendered":"<p>&nbsp;<\/p>\n<p>Krzy\u017cowa \u00a030 .I . 2022 r.<\/p>\n<p><strong>\u00a0\u00a0\u00a0\u00a0\u00a0\u00a0\u00a0\u00a0\u00a0\u00a0\u00a0\u00a0\u00a0\u00a0\u00a0\u00a0\u00a0\u00a0\u00a0\u00a0\u00a0\u00a0\u00a0\u00a0\u00a0\u00a0\u00a0\u00a0\u00a0\u00a0\u00a0\u00a0\u00a0\u00a0\u00a0\u00a0\u00a0\u00a0\u00a0\u00a0\u00a0\u00a0\u00a0\u00a0\u00a0\u00a0\u00a0\u00a0\u00a0\u00a0\u00a0\u00a0\u00a0\u00a0\u00a0\u00a0\u00a0\u00a0\u00a0\u00a0\u00a0\u00a0\u00a0\u00a0\u00a0\u00a0\u00a0\u00a0\u00a0\u00a0\u00a0\u00a0\u00a0\u00a0\u00a0\u00a0\u00a0 <\/strong><\/p>\n<p><strong>\u00a0\u00a0\u00a0\u00a0\u00a0\u00a0\u00a0\u00a0\u00a0\u00a0\u00a0\u00a0\u00a0\u00a0\u00a0\u00a0\u00a0\u00a0\u00a0\u00a0\u00a0\u00a0\u00a0\u00a0\u00a0\u00a0\u00a0\u00a0\u00a0\u00a0\u00a0\u00a0\u00a0\u00a0\u00a0 <\/strong><\/p>\n<p><strong>\u00a0\u00a0\u00a0\u00a0\u00a0\u00a0\u00a0\u00a0\u00a0\u00a0\u00a0\u00a0\u00a0\u00a0\u00a0\u00a0\u00a0\u00a0\u00a0\u00a0\u00a0\u00a0\u00a0\u00a0\u00a0\u00a0\u00a0\u00a0\u00a0\u00a0\u00a0\u00a0\u00a0\u00a0\u00a0\u00a0\u00a0\u00a0\u00a0\u00a0\u00a0\u00a0 <\/strong><strong>\u00a0<\/strong><\/p>\n<p><strong>\u00a0<\/strong><\/p>\n<p><strong>\u00a0 \u00a0 \u00a0 \u00a0 \u00a0 \u00a0 \u00a0 \u00a0 \u00a0 \u00a0 \u00a0 \u00a0 \u00a0 \u00a0 \u00a0 \u00a0 \u00a0 \u00a0 \u00a0 \u00a0 \u00a0 \u00a0 \u00a0 \u00a0 \u00a0<\/strong><strong><u>IV NIEDZIELA ZWYK\u0141A<\/u><\/strong><\/p>\n<p>&nbsp;<\/p>\n<p>&nbsp;<\/p>\n<p>&nbsp;<\/p>\n<p>Ostatnia niedziela stycznia. Ko\u0144czy si\u0119 okres \u015bpiewania kol\u0119d. Niestety czas kt\u00f3ry prze\u017cywamy jest naznaczony pandemi\u0105 kt\u00f3ra zbiera obfite \u017cniwo w postaci \u015bmierci. Nasze dzieci s\u0105 znowu w czasie zdobywania wiedzy poprzez zamkni\u0119cie w swoich domach.<\/p>\n<p>Zapraszam na codzienn\u0105 msz\u0119 \u015bw. do naszego ko\u015bcio\u0142a zw\u0142aszcza dzieci i m\u0142odzie\u017c , mi\u0119dzy innymi po to \u017ceby si\u0119 wyrwa\u0107 z tej samotno\u015bci kt\u00f3ra niszczy psychik\u0119 .<\/p>\n<p>&nbsp;<\/p>\n<p>W \u015brod\u0119 przypada \u015bwi\u0119to Ofiarowania Pa\u0144skiego czyli Matki Bo\u017cej Gromnicznej . Msz\u0119 \u015bw.\u00a0 \u00a0 \u00a0 \u00a0 \u00a0 \u00a0 \u00a0 \u00a0 \u00a0w naszym ko\u015bciele o godz. 8 i 17. Przynosimy do ko\u015bcio\u0142a gromnice . Gromnica powinna by\u0107\u00a0 \u00a0 \u00a0 \u00a0 \u00a0 \u00a0 \u00a0 \u00a0w ka\u017cdym domu ludzi wierz\u0105cych mi\u0119dzy innymi po to aby mo\u017cna w\u0142o\u017cy\u0107 w r\u0119ce cz\u0142owieka konaj\u0105cego. Bardzo serdecznie zapraszam. Przed msz\u0105 \u015bw. wieczorn\u0105 prosz\u0119 o R\u00f3\u017caniec w intencji ust\u0105pienia pandemii. I za chorych z naszej Parafii.<\/p>\n<p>&nbsp;<\/p>\n<p>W tym tygodniu przypada I czwartek pi\u0105tek i sobota miesi\u0105ca. W czwartek msza \u015bw. o godz. 17, a po mszy \u015bw. Godzina \u015bw. w czasie kt\u00f3rej modlimy si\u0119 o nowe powo\u0142ania do kap\u0142a\u0144stwa i \u017cycia zakonnego. W pi\u0105tek po mszy \u015bw. nabo\u017ce\u0144stwo do Serca Jezusowego , a w sobot\u0119 litania do Niepokalanego Sera Maryi.<\/p>\n<p>Przed msz\u0105 \u015bw. w sobot\u0119 prosz\u0119 o r\u00f3\u017caniec w intencji naszej parafii.<\/p>\n<p>Spowied\u017a \u015bw. w czwartek i pi\u0105tek od 16 do 17. Wizyta u chorych i senior\u00f3w w pi\u0105tek od godz. 9:00.<\/p>\n<p>&nbsp;<\/p>\n<p>Zach\u0119cam do nabywania prasy katolickiej.<\/p>\n<p>Dzi\u0119kuj\u0119 za pomoc przy rozbieraniu choinek i szopki w ostatni pi\u0105tek , a Paniom za sprz\u0105tanie ko\u015bcio\u0142a wczoraj. Nast\u0119pne sprz\u0105tanie b\u0119dzie w sobot\u0119 . Sprz\u0105taj\u0105 panie: Ewelina Michalec Krystyna S\u0142owik i Helena Olak. Kupujemy ju\u017c kwiaty.<\/p>\n<p>Spotkanie z dzie\u0107mi z klasy III b\u0119dzie w \u015brod\u0119 o godz. 16:30.<\/p>\n<p>&nbsp;<\/p>\n<p>Dzi\u0119kuj\u0119 bardzo za ofiary na pomoc rodzinie syryjskiej.<\/p>\n<p>&nbsp;<\/p>\n<p>Kalendarz liturgiczny<\/p>\n<p>Poniedzia\u0142ek \u2013 wsp. \u015bw. Jana Bosko kap\u0142ana<\/p>\n<p>\u015aroda \u2013 \u015bwi\u0119to Ofiarowania Pa\u0144skiego<\/p>\n<p>Sobota \u2013 wsp. \u015bw. Agaty dziewicy i m\u0119czennicy<\/p>\n<p>&nbsp;<\/p>\n","protected":false},"excerpt":{"rendered":"<p>&nbsp; Krzy\u017cowa \u00a030 .I . 2022 r. \u00a0\u00a0\u00a0\u00a0\u00a0\u00a0\u00a0\u00a0\u00a0\u00a0\u00a0\u00a0\u00a0\u00a0\u00a0\u00a0\u00a0\u00a0\u00a0\u00a0\u00a0\u00a0\u00a0\u00a0\u00a0\u00a0\u00a0\u00a0\u00a0\u00a0\u00a0\u00a0\u00a0\u00a0\u00a0\u00a0\u00a0\u00a0\u00a0\u00a0\u00a0\u00a0\u00a0\u00a0\u00a0\u00a0\u00a0\u00a0\u00a0\u00a0\u00a0\u00a0\u00a0\u00a0\u00a0\u00a0\u00a0\u00a0\u00a0\u00a0\u00a0\u00a0\u00a0\u00a0\u00a0\u00a0\u00a0\u00a0\u00a0\u00a0\u00a0\u00a0\u00a0\u00a0\u00a0\u00a0\u00a0 \u00a0\u00a0\u00a0\u00a0\u00a0\u00a0\u00a0\u00a0\u00a0\u00a0\u00a0\u00a0\u00a0\u00a0\u00a0\u00a0\u00a0\u00a0\u00a0\u00a0\u00a0\u00a0\u00a0\u00a0\u00a0\u00a0\u00a0\u00a0\u00a0\u00a0\u00a0\u00a0\u00a0\u00a0\u00a0 \u00a0\u00a0\u00a0\u00a0\u00a0\u00a0\u00a0\u00a0\u00a0\u00a0\u00a0\u00a0\u00a0\u00a0\u00a0\u00a0\u00a0\u00a0\u00a0\u00a0\u00a0\u00a0\u00a0\u00a0\u00a0\u00a0\u00a0\u00a0\u00a0\u00a0\u00a0\u00a0\u00a0\u00a0\u00a0\u00a0\u00a0\u00a0\u00a0\u00a0\u00a0\u00a0 \u00a0 \u00a0 \u00a0 \u00a0 \u00a0 \u00a0 \u00a0 \u00a0 \u00a0 \u00a0 \u00a0 \u00a0 \u00a0 \u00a0 \u00a0 \u00a0 \u00a0 \u00a0 \u00a0 \u00a0 \u00a0 \u00a0 \u00a0 \u00a0 \u00a0 \u00a0 \u00a0IV NIEDZIELA ZWYK\u0141A &nbsp; &nbsp; &nbsp; Ostatnia niedziela stycznia. Ko\u0144czy si\u0119 okres \u015bpiewania kol\u0119d. Niestety czas kt\u00f3ry prze\u017cywamy jest [&hellip;]<\/p>\n","protected":false},"author":0,"featured_media":0,"comment_status":"closed","ping_status":"closed","sticky":false,"template":"","format":"standard","meta":{"ngg_post_thumbnail":0,"footnotes":""},"categories":[3],"tags":[],"class_list":["post-2779","post","type-post","status-publish","format-standard","hentry","category-ogloszenia"],"aioseo_notices":[],"_links":{"self":[{"href":"https:\/\/parafiakrzyzowa.pl\/index.php?rest_route=\/wp\/v2\/posts\/2779","targetHints":{"allow":["GET"]}}],"collection":[{"href":"https:\/\/parafiakrzyzowa.pl\/index.php?rest_route=\/wp\/v2\/posts"}],"about":[{"href":"https:\/\/parafiakrzyzowa.pl\/index.php?rest_route=\/wp\/v2\/types\/post"}],"replies":[{"embeddable":true,"href":"https:\/\/parafiakrzyzowa.pl\/index.php?rest_route=%2Fwp%2Fv2%2Fcomments&post=2779"}],"version-history":[{"count":1,"href":"https:\/\/parafiakrzyzowa.pl\/index.php?rest_route=\/wp\/v2\/posts\/2779\/revisions"}],"predecessor-version":[{"id":2780,"href":"https:\/\/parafiakrzyzowa.pl\/index.php?rest_route=\/wp\/v2\/posts\/2779\/revisions\/2780"}],"wp:attachment":[{"href":"https:\/\/parafiakrzyzowa.pl\/index.php?rest_route=%2Fwp%2Fv2%2Fmedia&parent=2779"}],"wp:term":[{"taxonomy":"category","embeddable":true,"href":"https:\/\/parafiakrzyzowa.pl\/index.php?rest_route=%2Fwp%2Fv2%2Fcategories&post=2779"},{"taxonomy":"post_tag","embeddable":true,"href":"https:\/\/parafiakrzyzowa.pl\/index.php?rest_route=%2Fwp%2Fv2%2Ftags&post=2779"}],"curies":[{"name":"wp","href":"https:\/\/api.w.org\/{rel}","templated":true}]}}