{"id":2811,"date":"2022-02-26T07:37:34","date_gmt":"2022-02-26T07:37:34","guid":{"rendered":"https:\/\/parafiakrzyzowa.pl\/?p=2811"},"modified":"2022-02-26T07:37:40","modified_gmt":"2022-02-26T07:37:40","slug":"2811","status":"publish","type":"post","link":"https:\/\/parafiakrzyzowa.pl\/?p=2811","title":{"rendered":""},"content":{"rendered":"<p>&nbsp;<\/p>\n<p>Krzy\u017cowa \u00a027 .II . 2022 r.<\/p>\n<p><strong>\u00a0\u00a0\u00a0\u00a0\u00a0\u00a0\u00a0\u00a0\u00a0\u00a0\u00a0\u00a0\u00a0\u00a0\u00a0\u00a0\u00a0\u00a0\u00a0\u00a0\u00a0\u00a0\u00a0\u00a0\u00a0\u00a0\u00a0\u00a0\u00a0\u00a0\u00a0\u00a0\u00a0\u00a0\u00a0\u00a0\u00a0\u00a0\u00a0\u00a0\u00a0\u00a0\u00a0\u00a0\u00a0\u00a0\u00a0\u00a0\u00a0\u00a0\u00a0\u00a0\u00a0\u00a0\u00a0\u00a0\u00a0\u00a0\u00a0\u00a0\u00a0\u00a0\u00a0\u00a0\u00a0\u00a0\u00a0\u00a0\u00a0\u00a0\u00a0\u00a0\u00a0\u00a0\u00a0\u00a0\u00a0 <\/strong><\/p>\n<p><strong>\u00a0\u00a0\u00a0\u00a0\u00a0\u00a0\u00a0\u00a0\u00a0\u00a0\u00a0\u00a0\u00a0\u00a0\u00a0\u00a0\u00a0\u00a0\u00a0\u00a0\u00a0\u00a0\u00a0\u00a0\u00a0\u00a0\u00a0\u00a0\u00a0\u00a0\u00a0\u00a0\u00a0\u00a0\u00a0 <\/strong><\/p>\n<p><strong>\u00a0\u00a0\u00a0\u00a0\u00a0\u00a0\u00a0\u00a0\u00a0\u00a0\u00a0\u00a0\u00a0\u00a0\u00a0\u00a0\u00a0\u00a0\u00a0\u00a0\u00a0\u00a0\u00a0\u00a0\u00a0\u00a0\u00a0\u00a0\u00a0\u00a0\u00a0\u00a0\u00a0\u00a0\u00a0\u00a0\u00a0 <\/strong><strong>\u00a0 \u00a0 \u00a0 \u00a0 \u00a0 \u00a0 \u00a0\u00a0<\/strong><strong><u>VIII NIEDZIELA ZWYK\u0141A<\/u><\/strong><\/p>\n<p>Dzieci i m\u0142odzie\u017c szkolna ko\u0144cz\u0105 dzi\u015b ferie zimowe. Wszystkim \u017cycz\u0119 do ko\u0144ca roku szkolnego du\u017co si\u0142 i osi\u0105gni\u0119\u0107 w zdobywaniu wiedzy i m\u0105dro\u015bci.<\/p>\n<p>Od jutra msze \u015bw. w dni powszednie b\u0119d\u0105 odprawiane o godz. 18. We wtorki i czwartki o godz. 7.<\/p>\n<p>Dzisiaj w naszej parafii 40 godzinne nabo\u017ce\u0144stwo przed Wielkim Postem. Po mszy \u015bw. o godz. 8 b\u0119dzie wystawienie Naj\u015bwi\u0119tszego Sakramentu i mo\u017cliwo\u015b\u0107 modlitwy i adoracji dla parafian<\/p>\n<p>z Krzy\u017c\u00f3wek , a po mszy \u015bw. o godz. 10 b\u0119dzie wystawiony Pan Jezus do mszy \u015bw. wieczornej . Bardzo serdecznie zach\u0119cam i zapraszam wszystkich na prywatn\u0105 modlitw\u0119 przed Panem Jezusem szczeg\u00f3lnie w intencji pokoju na Ukrainie i za naszych dzielnych braci Ukrai\u0144c\u00f3w.<\/p>\n<p>&nbsp;<\/p>\n<p>W \u015brod\u0119 jest Popielec i rozpocz\u0119cie Wielkiego Postu. Msze \u015bw. w naszym ko\u015bciele z obrz\u0119dem posypania g\u0142\u00f3w popio\u0142em b\u0119dzie o godz. 8 i 18. W \u015arod\u0119 popielcow\u0105 obowi\u0105zuje post \u015bcis\u0142y. Na pro\u015bb\u0119 Ojca \u015bw. Franciszka ofiarujmy w ten dzie\u0144 post i modlitw\u0119 w intencji pokoju na Ukrainie.<\/p>\n<p>Niestety sprawdzi\u0142y si\u0119 czarne zapowiedzi i Sowieci w bandycki spos\u00f3b napadli na Ukrain\u0119.\u00a0 Jestem pewien, \u017ce je\u015bli Ukraina padnie to si\u0119 nie zatrzymaj\u0105 i p\u00f3jd\u0105 dalej na zach\u00f3d i nasza Ojczyzna jest zagro\u017cona. Nam pozostaje wielka modlitwa i post w czasie Wielkiego Postu aby zapanowa\u0142 pok\u00f3j<\/p>\n<p>i \u017ceby nie dosi\u0119g\u0142o nas to nieszcz\u0119\u015bcie i pomoc narodowi ukrai\u0144skiemu. Wielu uchod\u017ac\u00f3w\u00a0 ju\u017c nap\u0142ywa do Polski i potrzebuj\u0105 pomocy. Dlatego te\u017c sk\u0142adka z \u015arody Popielcowej b\u0119dzie przeznaczona na pomoc uchod\u017acom i w najbli\u017csz\u0105 niedziel\u0119 przed ko\u015bcio\u0142em lektorzy b\u0119d\u0105 zbiera\u0107 ofiary na ten cel.<\/p>\n<p>Serdecznie prosz\u0119 o postanowienia wielkopostne i ofiarujmy i nasze posty i trze\u017awo\u015b\u0107 o pok\u00f3j na Ukrainie.<\/p>\n<p>&nbsp;<\/p>\n<p>W Popielec bardzo serdecznie prosz\u0119 o R\u00f3\u017caniec o pok\u00f3j na Ukrainie.<\/p>\n<p>&nbsp;<\/p>\n<p>W tym tygodniu przypada I czwartek pi\u0105tek i sobota miesi\u0105ca. W czwartek msza \u015bw. b\u0119dzie o godz. 18 a po mszy \u015bw. Godzina \u015awi\u0119ta.<\/p>\n<p>W pi\u0105tek Droga Krzy\u017cowa dla wszystkich o godz. 17:30 .<\/p>\n<p>W niedziele Droga Krzy\u017cowa dla tych kt\u00f3rzy nie mog\u0105 uczestniczy\u0107 w pi\u0105tek b\u0119dzie zawsze po mszy \u015bw. o godz. 8<\/p>\n<p>Gorzkie \u017bale z kazaniem pasyjnym za tydzie\u0144 w I niedziel\u0119 Wielkiego Postu b\u0119dzie o godz. 17:15.<\/p>\n<p>W tym roku kazania pasyjne b\u0119dzie g\u0142osi\u0142 ks. Piotr Wr\u00f3bel wikariusz z parafii w Jele\u015bni.<\/p>\n<p>Spowied\u017a \u015bw. we czwartek od godz. 17 do 18 a w pi\u0105tek spowied\u017a od 16:30 do 17:30.<\/p>\n<p>Wizyta u senior\u00f3w od godz. 9:00.<\/p>\n<p>W sobot\u0119 bardzo prosz\u0119 o R\u00f3\u017caniec r\u00f3wnie\u017c w intencji pokoju na Ukrainie.<\/p>\n<p>Bardzo serdecznie zapraszam do spowiedzi na pocz\u0105tek Wielkiego Postu.<\/p>\n<p>Zach\u0119cam do nabywania prasy katolickiej.<\/p>\n<p>B\u00f3g zap\u0142a\u0107 za sprz\u0105tanie ko\u015bcio\u0142a w tym tygodniu. Nast\u0119pne b\u0119dzie w sobot\u0119 o godz. 9. Nie kupujemy ju\u017c kwiat\u00f3w do ko\u015bcio\u0142a. Sprz\u0105taj\u0105 Panie: Ewa Piela Jadwiga Dunat Ewa Smolicka Lucyna Krzy\u017cowska i Renata G\u00f3ra.<\/p>\n<p>Kalendarz liturgiczny<\/p>\n<p>\u015aroda \u2013 Popielec<\/p>\n<p>Pi\u0105tek \u2013 \u015bwi\u0119to \u015bw. Kazimierza Kr\u00f3lewicza<\/p>\n<p>Spotkanie z dzie\u0107mi z klasy III b\u0119dzie jutro o godz. 16:30.<\/p>\n","protected":false},"excerpt":{"rendered":"<p>&nbsp; Krzy\u017cowa \u00a027 .II . 2022 r. \u00a0\u00a0\u00a0\u00a0\u00a0\u00a0\u00a0\u00a0\u00a0\u00a0\u00a0\u00a0\u00a0\u00a0\u00a0\u00a0\u00a0\u00a0\u00a0\u00a0\u00a0\u00a0\u00a0\u00a0\u00a0\u00a0\u00a0\u00a0\u00a0\u00a0\u00a0\u00a0\u00a0\u00a0\u00a0\u00a0\u00a0\u00a0\u00a0\u00a0\u00a0\u00a0\u00a0\u00a0\u00a0\u00a0\u00a0\u00a0\u00a0\u00a0\u00a0\u00a0\u00a0\u00a0\u00a0\u00a0\u00a0\u00a0\u00a0\u00a0\u00a0\u00a0\u00a0\u00a0\u00a0\u00a0\u00a0\u00a0\u00a0\u00a0\u00a0\u00a0\u00a0\u00a0\u00a0\u00a0\u00a0 \u00a0\u00a0\u00a0\u00a0\u00a0\u00a0\u00a0\u00a0\u00a0\u00a0\u00a0\u00a0\u00a0\u00a0\u00a0\u00a0\u00a0\u00a0\u00a0\u00a0\u00a0\u00a0\u00a0\u00a0\u00a0\u00a0\u00a0\u00a0\u00a0\u00a0\u00a0\u00a0\u00a0\u00a0\u00a0 \u00a0\u00a0\u00a0\u00a0\u00a0\u00a0\u00a0\u00a0\u00a0\u00a0\u00a0\u00a0\u00a0\u00a0\u00a0\u00a0\u00a0\u00a0\u00a0\u00a0\u00a0\u00a0\u00a0\u00a0\u00a0\u00a0\u00a0\u00a0\u00a0\u00a0\u00a0\u00a0\u00a0\u00a0\u00a0\u00a0\u00a0 \u00a0 \u00a0 \u00a0 \u00a0 \u00a0 \u00a0 \u00a0\u00a0VIII NIEDZIELA ZWYK\u0141A Dzieci i m\u0142odzie\u017c szkolna ko\u0144cz\u0105 dzi\u015b ferie zimowe. Wszystkim \u017cycz\u0119 do ko\u0144ca roku szkolnego du\u017co si\u0142 i osi\u0105gni\u0119\u0107 w zdobywaniu wiedzy i m\u0105dro\u015bci. Od jutra msze \u015bw. w dni powszednie b\u0119d\u0105 odprawiane o godz. 18. We [&hellip;]<\/p>\n","protected":false},"author":0,"featured_media":0,"comment_status":"closed","ping_status":"closed","sticky":false,"template":"","format":"standard","meta":{"ngg_post_thumbnail":0,"footnotes":""},"categories":[3],"tags":[],"class_list":["post-2811","post","type-post","status-publish","format-standard","hentry","category-ogloszenia"],"aioseo_notices":[],"_links":{"self":[{"href":"https:\/\/parafiakrzyzowa.pl\/index.php?rest_route=\/wp\/v2\/posts\/2811","targetHints":{"allow":["GET"]}}],"collection":[{"href":"https:\/\/parafiakrzyzowa.pl\/index.php?rest_route=\/wp\/v2\/posts"}],"about":[{"href":"https:\/\/parafiakrzyzowa.pl\/index.php?rest_route=\/wp\/v2\/types\/post"}],"replies":[{"embeddable":true,"href":"https:\/\/parafiakrzyzowa.pl\/index.php?rest_route=%2Fwp%2Fv2%2Fcomments&post=2811"}],"version-history":[{"count":1,"href":"https:\/\/parafiakrzyzowa.pl\/index.php?rest_route=\/wp\/v2\/posts\/2811\/revisions"}],"predecessor-version":[{"id":2812,"href":"https:\/\/parafiakrzyzowa.pl\/index.php?rest_route=\/wp\/v2\/posts\/2811\/revisions\/2812"}],"wp:attachment":[{"href":"https:\/\/parafiakrzyzowa.pl\/index.php?rest_route=%2Fwp%2Fv2%2Fmedia&parent=2811"}],"wp:term":[{"taxonomy":"category","embeddable":true,"href":"https:\/\/parafiakrzyzowa.pl\/index.php?rest_route=%2Fwp%2Fv2%2Fcategories&post=2811"},{"taxonomy":"post_tag","embeddable":true,"href":"https:\/\/parafiakrzyzowa.pl\/index.php?rest_route=%2Fwp%2Fv2%2Ftags&post=2811"}],"curies":[{"name":"wp","href":"https:\/\/api.w.org\/{rel}","templated":true}]}}