{"id":2815,"date":"2022-03-05T10:27:13","date_gmt":"2022-03-05T10:27:13","guid":{"rendered":"https:\/\/parafiakrzyzowa.pl\/?p=2815"},"modified":"2022-03-05T10:27:19","modified_gmt":"2022-03-05T10:27:19","slug":"2815","status":"publish","type":"post","link":"https:\/\/parafiakrzyzowa.pl\/?p=2815","title":{"rendered":""},"content":{"rendered":"<p>&nbsp;<\/p>\n<p>Krzy\u017cowa \u00a06 .III . 2022 r.<\/p>\n<p><strong>\u00a0\u00a0\u00a0\u00a0\u00a0\u00a0\u00a0\u00a0\u00a0\u00a0\u00a0\u00a0\u00a0\u00a0\u00a0\u00a0\u00a0\u00a0\u00a0\u00a0\u00a0\u00a0\u00a0\u00a0\u00a0\u00a0\u00a0\u00a0\u00a0\u00a0\u00a0\u00a0\u00a0\u00a0\u00a0\u00a0\u00a0\u00a0\u00a0\u00a0\u00a0\u00a0\u00a0\u00a0\u00a0\u00a0\u00a0\u00a0\u00a0\u00a0\u00a0\u00a0\u00a0\u00a0\u00a0\u00a0\u00a0\u00a0\u00a0\u00a0\u00a0\u00a0\u00a0\u00a0\u00a0\u00a0\u00a0\u00a0\u00a0\u00a0\u00a0\u00a0\u00a0\u00a0\u00a0\u00a0\u00a0 <\/strong><\/p>\n<p><strong>\u00a0\u00a0\u00a0\u00a0\u00a0\u00a0\u00a0\u00a0\u00a0\u00a0\u00a0\u00a0\u00a0\u00a0\u00a0\u00a0\u00a0\u00a0\u00a0\u00a0\u00a0\u00a0\u00a0\u00a0\u00a0\u00a0\u00a0\u00a0\u00a0\u00a0\u00a0\u00a0\u00a0\u00a0\u00a0 <\/strong><\/p>\n<p><strong>\u00a0\u00a0\u00a0\u00a0\u00a0\u00a0\u00a0\u00a0\u00a0\u00a0\u00a0\u00a0\u00a0\u00a0\u00a0\u00a0\u00a0\u00a0\u00a0\u00a0\u00a0\u00a0\u00a0\u00a0\u00a0\u00a0\u00a0\u00a0\u00a0\u00a0\u00a0\u00a0 <\/strong><\/p>\n<p><strong>\u00a0<\/strong><\/p>\n<p><strong>\u00a0 \u00a0 \u00a0 \u00a0 \u00a0 \u00a0 \u00a0 \u00a0 \u00a0 \u00a0 \u00a0 \u00a0 \u00a0 \u00a0 \u00a0 \u00a0 \u00a0 \u00a0<\/strong><strong>\u00a0<\/strong><strong><u>I\u00a0 NIEDZIELA WIELKIEGO POSTU<\/u><\/strong><\/p>\n<p>&nbsp;<\/p>\n<p>Rozpocz\u0105\u0142 si\u0119 Wielki Post \u2013 czas naszego duchowego przygotowania do Wielkanocy. Nasz\u0105 modlitw\u0119 posty , ja\u0142mu\u017cn\u0119 trze\u017awo\u015b\u0107 ofiarujmy w intencji pokoju na Ukrainie .<\/p>\n<p>Prawie 1 milion mieszka\u0144c\u00f3w Ukrainy przekroczy\u0142o granic\u0119 naszej Ojczyzny uciekaj\u0105c przed \u015bmierci\u0105. Ca\u0142y \u015bwiat podziwia nas za go\u015bcinno\u015b\u0107 i za opiek\u0119 nad uciekinierami. Niebawem i my w\u0142\u0105czymy si\u0119 w pomoc naszym braciom ze Wschodu. Form\u0119 tej pomocy okre\u015bli nasza diecezjalna Caritas.<\/p>\n<p>Na razie zebrali\u015bmy ofiary pieni\u0119\u017cne w Popielec i dzisiaj po ka\u017cdej mszy \u015bw. przed ko\u015bcio\u0142em lektorzy b\u0119d\u0105 zbiera\u0107 ofiary na ten cel.<\/p>\n<p>Po mszy \u015bw. o godz. 8:00 Droga Krzy\u017cowa dla tych kt\u00f3rzy nie mog\u0105 by\u0107 w pi\u0105tek.<\/p>\n<p>Dzi\u015b o godz. 17:15 Gorzkie \u017bale z kazaniem pasyjnym. Bardzo serdecznie zapraszam.<\/p>\n<p>W pi\u0105tek Droga Krzy\u017cowa o godz. 17:30 dla wszystkich. Nie b\u0119dzie osobno dla dzieci Drogi Krzy\u017cowej , dzieci b\u0119d\u0105 uczestniczy\u0107 razem ze starszymi o godz. 17:30.<\/p>\n<p>&nbsp;<\/p>\n<p>By\u0142y przeszkody w g\u0142osowaniu na nowych kandydat\u00f3w do Rady Duszpasterskiej. G\u0142osowanie b\u0119dzie w najbli\u017csz\u0105 niedziel\u0119 po ka\u017cdej mszy \u015bw.<\/p>\n<p>&nbsp;<\/p>\n<p>Zach\u0119cam do nabywania prasy katolickiej. Jest Go\u015b\u0107 niedzielny i Misyjne Drogi. Dzwoni\u0142 do mnie O. Adam Kami\u0144ski kt\u00f3ry rozpocz\u0105\u0142 prac\u0119 misyjn\u0105 w\u015br\u00f3d Indian w p\u00f3\u0142nocnej Argentynie.<\/p>\n<p>&nbsp;<\/p>\n<p>Spotkanie z dzie\u0107mi z klasy III b\u0119dzie w poniedzia\u0142ek o godz. 16:30.<\/p>\n<p>&nbsp;<\/p>\n<p>Zapraszam na codzienn\u0105 msz\u0119 \u015bw. do naszego ko\u015bcio\u0142a . Niech nasza obecno\u015b\u0107 i codzienna Komunia \u015bw. wyprosz\u0105 \u015bwiatu pok\u00f3j.<\/p>\n<p>&nbsp;<\/p>\n<p>Dzi\u0119kuj\u0119 za sprz\u0105tanie ko\u015bcio\u0142a w tym tygodniu. Nast\u0119pne sprz\u0105tanie b\u0119dzie w pi\u0105tek po wieczornej mszy \u015bw. Sprz\u0105taj\u0105 Panie: Ciupka W\u0142adys\u0142awa Katarzyna Cudzich Maria Michalec i Agata Spyrka.<\/p>\n<p>&nbsp;<\/p>\n<p>Przed obrazem Pana Jezusa Mi\u0142osiernego na stoliku jest skarbona do kt\u00f3rej mo\u017cna sk\u0142ada\u0107 ofiary na kwiaty do Grobu Pana Jezusa.<\/p>\n<p>&nbsp;<\/p>\n<p>Ju\u017c dzi\u015b zapowiadam, \u017ce rekolekcje wielkopostne w naszej parafii rozpoczn\u0105 si\u0119 w 4 niedziel\u0119 Wielkiego Postu tzn. 27 marca. Nauki rekolekcyjne b\u0119dzie g\u0142osi\u0142 ks. Jacek P\u0119dziwiatr by\u0142y dyrektor radia Anio\u0142 Beskid\u00f3w.<\/p>\n<p>&nbsp;<\/p>\n<p>&nbsp;<\/p>\n","protected":false},"excerpt":{"rendered":"<p>&nbsp; Krzy\u017cowa \u00a06 .III . 2022 r. \u00a0\u00a0\u00a0\u00a0\u00a0\u00a0\u00a0\u00a0\u00a0\u00a0\u00a0\u00a0\u00a0\u00a0\u00a0\u00a0\u00a0\u00a0\u00a0\u00a0\u00a0\u00a0\u00a0\u00a0\u00a0\u00a0\u00a0\u00a0\u00a0\u00a0\u00a0\u00a0\u00a0\u00a0\u00a0\u00a0\u00a0\u00a0\u00a0\u00a0\u00a0\u00a0\u00a0\u00a0\u00a0\u00a0\u00a0\u00a0\u00a0\u00a0\u00a0\u00a0\u00a0\u00a0\u00a0\u00a0\u00a0\u00a0\u00a0\u00a0\u00a0\u00a0\u00a0\u00a0\u00a0\u00a0\u00a0\u00a0\u00a0\u00a0\u00a0\u00a0\u00a0\u00a0\u00a0\u00a0\u00a0 \u00a0\u00a0\u00a0\u00a0\u00a0\u00a0\u00a0\u00a0\u00a0\u00a0\u00a0\u00a0\u00a0\u00a0\u00a0\u00a0\u00a0\u00a0\u00a0\u00a0\u00a0\u00a0\u00a0\u00a0\u00a0\u00a0\u00a0\u00a0\u00a0\u00a0\u00a0\u00a0\u00a0\u00a0\u00a0 \u00a0\u00a0\u00a0\u00a0\u00a0\u00a0\u00a0\u00a0\u00a0\u00a0\u00a0\u00a0\u00a0\u00a0\u00a0\u00a0\u00a0\u00a0\u00a0\u00a0\u00a0\u00a0\u00a0\u00a0\u00a0\u00a0\u00a0\u00a0\u00a0\u00a0\u00a0\u00a0 \u00a0 \u00a0 \u00a0 \u00a0 \u00a0 \u00a0 \u00a0 \u00a0 \u00a0 \u00a0 \u00a0 \u00a0 \u00a0 \u00a0 \u00a0 \u00a0 \u00a0 \u00a0 \u00a0\u00a0I\u00a0 NIEDZIELA WIELKIEGO POSTU &nbsp; Rozpocz\u0105\u0142 si\u0119 Wielki Post \u2013 czas naszego duchowego przygotowania do Wielkanocy. Nasz\u0105 modlitw\u0119 posty , ja\u0142mu\u017cn\u0119 trze\u017awo\u015b\u0107 ofiarujmy w intencji pokoju na [&hellip;]<\/p>\n","protected":false},"author":0,"featured_media":0,"comment_status":"closed","ping_status":"closed","sticky":false,"template":"","format":"standard","meta":{"ngg_post_thumbnail":0,"footnotes":""},"categories":[3],"tags":[],"class_list":["post-2815","post","type-post","status-publish","format-standard","hentry","category-ogloszenia"],"aioseo_notices":[],"_links":{"self":[{"href":"https:\/\/parafiakrzyzowa.pl\/index.php?rest_route=\/wp\/v2\/posts\/2815","targetHints":{"allow":["GET"]}}],"collection":[{"href":"https:\/\/parafiakrzyzowa.pl\/index.php?rest_route=\/wp\/v2\/posts"}],"about":[{"href":"https:\/\/parafiakrzyzowa.pl\/index.php?rest_route=\/wp\/v2\/types\/post"}],"replies":[{"embeddable":true,"href":"https:\/\/parafiakrzyzowa.pl\/index.php?rest_route=%2Fwp%2Fv2%2Fcomments&post=2815"}],"version-history":[{"count":1,"href":"https:\/\/parafiakrzyzowa.pl\/index.php?rest_route=\/wp\/v2\/posts\/2815\/revisions"}],"predecessor-version":[{"id":2816,"href":"https:\/\/parafiakrzyzowa.pl\/index.php?rest_route=\/wp\/v2\/posts\/2815\/revisions\/2816"}],"wp:attachment":[{"href":"https:\/\/parafiakrzyzowa.pl\/index.php?rest_route=%2Fwp%2Fv2%2Fmedia&parent=2815"}],"wp:term":[{"taxonomy":"category","embeddable":true,"href":"https:\/\/parafiakrzyzowa.pl\/index.php?rest_route=%2Fwp%2Fv2%2Fcategories&post=2815"},{"taxonomy":"post_tag","embeddable":true,"href":"https:\/\/parafiakrzyzowa.pl\/index.php?rest_route=%2Fwp%2Fv2%2Ftags&post=2815"}],"curies":[{"name":"wp","href":"https:\/\/api.w.org\/{rel}","templated":true}]}}