{"id":2825,"date":"2022-03-12T09:29:10","date_gmt":"2022-03-12T09:29:10","guid":{"rendered":"https:\/\/parafiakrzyzowa.pl\/?p=2825"},"modified":"2022-03-12T09:44:25","modified_gmt":"2022-03-12T09:44:25","slug":"2825","status":"publish","type":"post","link":"https:\/\/parafiakrzyzowa.pl\/?p=2825","title":{"rendered":""},"content":{"rendered":"<p>&nbsp;<\/p>\n<p>Krzy\u017cowa \u00a013 .III . 2022 r.<\/p>\n<p><strong>\u00a0\u00a0\u00a0\u00a0\u00a0\u00a0\u00a0\u00a0\u00a0\u00a0\u00a0\u00a0\u00a0\u00a0\u00a0\u00a0\u00a0\u00a0\u00a0\u00a0\u00a0\u00a0\u00a0\u00a0\u00a0\u00a0\u00a0\u00a0\u00a0\u00a0\u00a0\u00a0\u00a0\u00a0\u00a0\u00a0\u00a0\u00a0\u00a0\u00a0\u00a0\u00a0\u00a0\u00a0\u00a0\u00a0\u00a0\u00a0\u00a0\u00a0\u00a0\u00a0\u00a0\u00a0\u00a0\u00a0\u00a0\u00a0\u00a0\u00a0\u00a0\u00a0\u00a0\u00a0\u00a0\u00a0\u00a0\u00a0\u00a0\u00a0\u00a0\u00a0\u00a0\u00a0\u00a0\u00a0\u00a0 <\/strong><\/p>\n<p><strong>\u00a0 \u00a0 \u00a0 \u00a0 \u00a0 \u00a0 \u00a0 \u00a0 \u00a0 \u00a0 \u00a0 \u00a0 \u00a0 \u00a0 \u00a0 \u00a0 \u00a0 \u00a0\u00a0<\/strong><strong>\u00a0\u00a0<\/strong><strong>\u00a0<\/strong><strong><u>II\u00a0 NIEDZIELA WIELKIEGO POSTU<\/u><\/strong><\/p>\n<p>&nbsp;<\/p>\n<p>Dzisiaj po ka\u017cdej mszy \u015bw. b\u0119d\u0105 wybory kandydat\u00f3w do Rady Duszpasterskiej. Po mszy \u015bw. o godz. 8:00 \u00a0Droga krzy\u017cowa.<\/p>\n<p>Pragn\u0119 serdecznie podzi\u0119kowa\u0107 rodzinom naszej parafii za przyj\u0119cie w swoich domach uchod\u017ac\u00f3w z Ukrainy. Jest ich obecnie 23. W naszej Gminie jest ju\u017c 400 naszych si\u00f3str i braci z Ukrainy w tym 200 dzieci i ci\u0105gle przyje\u017cd\u017caj\u0105 nowi. \u00a0Dlatego mam ogromn\u0105 pro\u015bb\u0119 skierowan\u0105 do was. W \u00a0\u015brod\u0119 mo\u017cna przynosi\u0107 do salki katechetycznej kt\u00f3ra b\u0119dzie otwarta dary. Nie przynosimy odzie\u017cy tylko nast\u0119puj\u0105ce artyku\u0142y : myde\u0142ka pasta do z\u0119b\u00f3w szczoteczki szampony proszki do prania pampersy dla dzieci podpaski dla kobiet,<\/p>\n<p>Artyku\u0142y spo\u017cywcze: cukier m\u0105ka makarony kasza ry\u017c konserwy mi\u0119sne , s\u0142odycze dla dzieci w\u0119dliny\u00a0 tzn. kie\u0142basa szynka albo w puszce albo zapakowane pr\u00f3\u017cniowo.<\/p>\n<p>W czwartek i pi\u0105tek b\u0119d\u0105 mogli ze salki zabra\u0107 produkty nasi parafianie kt\u00f3rzy przyj\u0119li uchod\u017ac\u00f3w, a je\u015bli zostan\u0105 jakie\u015b produkty to zawieziemy do Gminy do GOPS-u \u017ceby mo\u017cna by\u0142o podzieli\u0107 si\u0119\u00a0 innymi uchod\u017acami. Bardzo prosz\u0119 aby \u017cywno\u015b\u0107 by\u0142a z d\u0142ugim terminem wa\u017cno\u015bci.<\/p>\n<p>Parafian z Krzy\u017c\u00f3wek bardzo prosz\u0119 , aby nie zbierali na razie \u017cadnych dar\u00f3w. Nasza pomoc nie mo\u017ce by\u0107 jednorazowa ale systematyczna i d\u0142ugotrwa\u0142a. W okre\u015blonym czasie poprosz\u0119\u00a0 Krzy\u017c\u00f3wki o zbi\u00f3rk\u0119 dar\u00f3w.<\/p>\n<p>Bardzo serdecznie prosz\u0119 o nieustaj\u0105c\u0105 modlitw\u0119 za Ukrain\u0119 , ofiarowanie postu swojego cierpienia \u00a0za ofiary tego ludob\u00f3jstwa dokonanego przez imperium z\u0142a z Moskwy.<\/p>\n<p>&nbsp;<\/p>\n<p>W \u015brod\u0119 jak zwykle przed msz\u0105 \u015bw. R\u00f3\u017canie o pok\u00f3j, a w pi\u0105tek o godz. 17:30 Droga krzy\u017cowa dla wszystkich. Serdecznie zapraszam.<\/p>\n<p>&nbsp;<\/p>\n<p>W poniedzia\u0142ek o godz. 17 spotkanie z dzie\u0107mi klasy III, a po mszy \u015bw. z rodzicami tych dzieci. Bardzo prosz\u0119 o obecno\u015b\u0107.<\/p>\n<p>W \u015brod\u0119 po wieczornej mszy \u015bw. spotkanie z now\u0105 Rad\u0105 Duszpastersk\u0105 , kt\u00f3ra musi z\u0142o\u017cy\u0107 \u015blubowanie przewidziane dekretem ks. Biskupa. Serdecznie zapraszam i licz\u0119 na obecno\u015b\u0107 Pan\u00f3w.<\/p>\n<p>&nbsp;<\/p>\n<p>Zach\u0119cam do nabywania prasy katolickiej.<\/p>\n<p>&nbsp;<\/p>\n<p>Dzi\u0119kuj\u0119 Paniom za sprz\u0105tanie ko\u015bcio\u0142a w tym tygodniu. Nast\u0119pne sprz\u0105tanie b\u0119dzie w pi\u0105tek po mszy \u015bw. o godz. 18. Sprz\u0105taj\u0105 Panie: Teresa Kormaniak Sabina Z\u0105bek , Aniela Kormaniak i Katarzyna Mrowiec. Nie kupujemy kwiat\u00f3w , a ofiar\u0119 sk\u0142adamy do skarbony z napisem Ofiara na kwiaty do grobu Pana Jezusa.<\/p>\n<p>W pi\u0105tek po mszy \u015bw. Koronka do Bo\u017cego Mi\u0142osierdzia<\/p>\n<p>&nbsp;<\/p>\n<p>Kalendarz liturgiczny<\/p>\n<p>&nbsp;<\/p>\n<p>Sobota \u2013 uroczysto\u015b\u0107 \u015bw. J\u00f3zefa Oblubie\u0144ca NMPanny<\/p>\n<p>&nbsp;<\/p>\n<p>&nbsp;<\/p>\n","protected":false},"excerpt":{"rendered":"<p>&nbsp; Krzy\u017cowa \u00a013 .III . 2022 r. \u00a0\u00a0\u00a0\u00a0\u00a0\u00a0\u00a0\u00a0\u00a0\u00a0\u00a0\u00a0\u00a0\u00a0\u00a0\u00a0\u00a0\u00a0\u00a0\u00a0\u00a0\u00a0\u00a0\u00a0\u00a0\u00a0\u00a0\u00a0\u00a0\u00a0\u00a0\u00a0\u00a0\u00a0\u00a0\u00a0\u00a0\u00a0\u00a0\u00a0\u00a0\u00a0\u00a0\u00a0\u00a0\u00a0\u00a0\u00a0\u00a0\u00a0\u00a0\u00a0\u00a0\u00a0\u00a0\u00a0\u00a0\u00a0\u00a0\u00a0\u00a0\u00a0\u00a0\u00a0\u00a0\u00a0\u00a0\u00a0\u00a0\u00a0\u00a0\u00a0\u00a0\u00a0\u00a0\u00a0\u00a0 \u00a0 \u00a0 \u00a0 \u00a0 \u00a0 \u00a0 \u00a0 \u00a0 \u00a0 \u00a0 \u00a0 \u00a0 \u00a0 \u00a0 \u00a0 \u00a0 \u00a0 \u00a0\u00a0\u00a0\u00a0\u00a0II\u00a0 NIEDZIELA WIELKIEGO POSTU &nbsp; Dzisiaj po ka\u017cdej mszy \u015bw. b\u0119d\u0105 wybory kandydat\u00f3w do Rady Duszpasterskiej. Po mszy \u015bw. o godz. 8:00 \u00a0Droga krzy\u017cowa. Pragn\u0119 serdecznie podzi\u0119kowa\u0107 rodzinom naszej parafii [&hellip;]<\/p>\n","protected":false},"author":0,"featured_media":0,"comment_status":"closed","ping_status":"closed","sticky":false,"template":"","format":"standard","meta":{"ngg_post_thumbnail":0,"footnotes":""},"categories":[3],"tags":[],"class_list":["post-2825","post","type-post","status-publish","format-standard","hentry","category-ogloszenia"],"aioseo_notices":[],"_links":{"self":[{"href":"https:\/\/parafiakrzyzowa.pl\/index.php?rest_route=\/wp\/v2\/posts\/2825","targetHints":{"allow":["GET"]}}],"collection":[{"href":"https:\/\/parafiakrzyzowa.pl\/index.php?rest_route=\/wp\/v2\/posts"}],"about":[{"href":"https:\/\/parafiakrzyzowa.pl\/index.php?rest_route=\/wp\/v2\/types\/post"}],"replies":[{"embeddable":true,"href":"https:\/\/parafiakrzyzowa.pl\/index.php?rest_route=%2Fwp%2Fv2%2Fcomments&post=2825"}],"version-history":[{"count":3,"href":"https:\/\/parafiakrzyzowa.pl\/index.php?rest_route=\/wp\/v2\/posts\/2825\/revisions"}],"predecessor-version":[{"id":2830,"href":"https:\/\/parafiakrzyzowa.pl\/index.php?rest_route=\/wp\/v2\/posts\/2825\/revisions\/2830"}],"wp:attachment":[{"href":"https:\/\/parafiakrzyzowa.pl\/index.php?rest_route=%2Fwp%2Fv2%2Fmedia&parent=2825"}],"wp:term":[{"taxonomy":"category","embeddable":true,"href":"https:\/\/parafiakrzyzowa.pl\/index.php?rest_route=%2Fwp%2Fv2%2Fcategories&post=2825"},{"taxonomy":"post_tag","embeddable":true,"href":"https:\/\/parafiakrzyzowa.pl\/index.php?rest_route=%2Fwp%2Fv2%2Ftags&post=2825"}],"curies":[{"name":"wp","href":"https:\/\/api.w.org\/{rel}","templated":true}]}}