{"id":2833,"date":"2022-03-19T08:29:23","date_gmt":"2022-03-19T08:29:23","guid":{"rendered":"https:\/\/parafiakrzyzowa.pl\/?p=2833"},"modified":"2022-03-19T08:29:30","modified_gmt":"2022-03-19T08:29:30","slug":"2833","status":"publish","type":"post","link":"https:\/\/parafiakrzyzowa.pl\/?p=2833","title":{"rendered":""},"content":{"rendered":"<p>&nbsp;<\/p>\n<p>Krzy\u017cowa \u00a020 .III . 2022 r.<\/p>\n<p><strong>\u00a0\u00a0\u00a0\u00a0\u00a0\u00a0\u00a0\u00a0\u00a0\u00a0\u00a0\u00a0\u00a0\u00a0\u00a0\u00a0\u00a0\u00a0\u00a0\u00a0\u00a0\u00a0\u00a0\u00a0\u00a0\u00a0\u00a0\u00a0\u00a0\u00a0\u00a0\u00a0\u00a0\u00a0\u00a0\u00a0\u00a0\u00a0\u00a0\u00a0\u00a0\u00a0\u00a0\u00a0\u00a0\u00a0\u00a0\u00a0\u00a0\u00a0\u00a0\u00a0\u00a0\u00a0\u00a0\u00a0\u00a0\u00a0\u00a0\u00a0\u00a0\u00a0\u00a0\u00a0\u00a0\u00a0\u00a0\u00a0\u00a0\u00a0\u00a0\u00a0\u00a0\u00a0\u00a0\u00a0\u00a0 <\/strong><\/p>\n<p><strong>\u00a0\u00a0\u00a0\u00a0\u00a0\u00a0\u00a0\u00a0\u00a0\u00a0\u00a0\u00a0\u00a0\u00a0\u00a0\u00a0\u00a0\u00a0\u00a0\u00a0\u00a0\u00a0\u00a0\u00a0\u00a0\u00a0\u00a0\u00a0\u00a0\u00a0\u00a0\u00a0\u00a0\u00a0\u00a0 <\/strong><\/p>\n<p><strong>\u00a0 \u00a0 \u00a0 \u00a0 \u00a0 \u00a0 \u00a0 \u00a0 \u00a0 \u00a0 \u00a0 \u00a0 \u00a0 \u00a0 \u00a0 \u00a0 \u00a0 \u00a0 \u00a0<\/strong><strong>\u00a0<\/strong><strong><u>III\u00a0 NIEDZIELA WIELKIEGO POSTU<\/u><\/strong><\/p>\n<p>&nbsp;<\/p>\n<p>Zapraszam bardzo serdecznie jeszcze dzisiaj na Gorzkie \u017bale z kazaniem pasyjnym o godz. 17:15.<\/p>\n<p>&nbsp;<\/p>\n<p>Jeszcze raz pragn\u0119 podzi\u0119kowa\u0107 wszystkim rodzinom z naszej parafii , kt\u00f3re przyj\u0119\u0142y pod sw\u00f3j dach uchod\u017ac\u00f3w z Ukrainy. A ca\u0142ej parafii pragn\u0119 z\u0142o\u017cy\u0107 wielkie B\u00f3g zap\u0142a\u0107 za dary kt\u00f3re z\u0142o\u017cyli\u015bcie\u00a0\u00a0\u00a0\u00a0\u00a0\u00a0\u00a0\u00a0\u00a0\u00a0\u00a0\u00a0 w \u015brod\u0119 dla naszych braci i siostry z Ukrainy. Wszystkie dary , a by\u0142o ich bardzo du\u017co zosta\u0142y zabrane przez uchod\u017ac\u00f3w mieszkaj\u0105cych w naszej parafii. Jak bardzo wam dzi\u0119kuj\u0105 . Jeste\u015bcie wielcy. Tak jak obiecywa\u0142em w odpowiednim czasie b\u0119d\u0119 prosi\u0142 parafian z Krzy\u017c\u00f3wek r\u00f3wnie\u017c o takie dary.<\/p>\n<p>&nbsp;<\/p>\n<p>Niech trwa nasza serdeczno\u015b\u0107 i troska o nich w naszej wsp\u00f3lnocie.<\/p>\n<p>Dzi\u0119kuj\u0119 Radzie Duszpasterskiej za spotkanie na kt\u00f3rym by\u0142o zaprzysi\u0119\u017cenie i wyb\u00f3r wiceprzewodnicz\u0105cego i sekretarza Rady. Oto cz\u0142onkowie Rady Duszpasterskiej: z Krzy\u017c\u00f3wek Florian Z\u0105bek J\u00f3zef Cudzich W\u0142adys\u0142aw Walczak i J\u00f3zef J\u0119drzejas. Z Krzy\u017cowej Tadeusz Pastor S\u0142awomir Klimczak Kazimierz Wyr\u00f3d Andrzej G\u00f3ra &#8211; wiceprzewodnicz\u0105cy, Bogus\u0142aw Filip \u2013 sekretarz. Mateusz Filip, J\u00f3zef Hubka, Jan Walig\u00f3ra, J\u00f3zef Michalec, Tadeusz Skrzyp i Marek Krzy\u017cowski.<\/p>\n<p>Rad\u0119 Ekonomiczn\u0105 tworz\u0105 : Andrzej G\u00f3ra, J\u00f3zef Cudzich i Tadeusz Skrzyp.<\/p>\n<p>Rada Duszpasterska zadecydowa\u0142a , \u017ce w tym roku wykupimy dzia\u0142ki na cmentarz ale ze wzgl\u0119du na trudne czasy kt\u00f3re s\u0105 przed nami nie rozpoczniemy remontu cmentarza w tym roku.<\/p>\n<p>&nbsp;<\/p>\n<p>W pi\u0105tek przypada uroczysto\u015b\u0107 Zwiastowania Pa\u0144skiego . Msze \u015bw. b\u0119d\u0105 rano o godz. 8:00\u00a0\u00a0\u00a0\u00a0\u00a0\u00a0\u00a0\u00a0\u00a0\u00a0\u00a0\u00a0\u00a0\u00a0\u00a0\u00a0\u00a0\u00a0\u00a0\u00a0\u00a0\u00a0\u00a0\u00a0\u00a0\u00a0\u00a0 i wieczorem o godz. 17 . Takie jest zarz\u0105dzenie biskup\u00f3w \u017ceby w\u0142a\u015bnie o tej godzinie w naszej Ojczy\u017anie by\u0142y msze \u015bw. w \u0142\u0105czno\u015bci z Papie\u017cem kt\u00f3ry na Watykanie b\u0119dzie Po\u015bwi\u0119ca\u0142 Niepokalanemu Sercu Matki Naj\u015bwi\u0119tszej Rosj\u0119 i Ukrain\u0119. W pi\u0105tek nie ma postu.<\/p>\n<p>&nbsp;<\/p>\n<p>W \u015brod\u0119 jak zwykle prosz\u0119 o R\u00f3\u017caniec o pok\u00f3j na Ukrainie. W pi\u0105tek Droga krzy\u017cowa tym razem\u00a0 \u00a0 \u00a0 \u00a0 o godz. 16:30.<\/p>\n<p>W najbli\u017csz\u0105 niedziel\u0119 27 marca rozpoczynamy rekolekcje wielkopostne. W niedziel\u0119 msze \u015bw.\u00a0\u00a0\u00a0\u00a0\u00a0\u00a0\u00a0\u00a0 \u00a0\u00a0\u00a0\u00a0\u00a0\u00a0\u00a0\u00a0i nauki tak jak w inne niedziele. Ca\u0142y program rekolekcji podam za tydzie\u0144, b\u0119dzie r\u00f3wnie\u017c na stronie internetowej naszej Parafii.<\/p>\n<p>Dzi\u0119kuj\u0119 za sprz\u0105tanie ko\u015bcio\u0142a w tym tygodniu. Nast\u0119pne sprz\u0105tanie b\u0119dzie w pi\u0105tek po mszy \u015bw. o godz. 17:00. Sprz\u0105taj\u0105 panie: Maria Z\u0105bek Stanis\u0142awa Mrowiec Maria Jarz\u0105bek Bo\u017cena Kormaniak<\/p>\n<p>Dzi\u0119kuj\u0119 za ofiary na rodzin\u0119 syryjsk\u0105 z Allepo i za ofiary na kwiaty do Grobu Pana Jezusa.<\/p>\n<p>&nbsp;<\/p>\n<p>Spotkanie z dzie\u0107mi z klasy III w poniedzia\u0142ek o godz. 16:30.<\/p>\n<p>&nbsp;<\/p>\n<p>Kalendarz liturgiczny<\/p>\n<p>Pi\u0105tek \u2013 Uroczysto\u015b\u0107 zwiastowania Pa\u0144skiego<\/p>\n","protected":false},"excerpt":{"rendered":"<p>&nbsp; Krzy\u017cowa \u00a020 .III . 2022 r. \u00a0\u00a0\u00a0\u00a0\u00a0\u00a0\u00a0\u00a0\u00a0\u00a0\u00a0\u00a0\u00a0\u00a0\u00a0\u00a0\u00a0\u00a0\u00a0\u00a0\u00a0\u00a0\u00a0\u00a0\u00a0\u00a0\u00a0\u00a0\u00a0\u00a0\u00a0\u00a0\u00a0\u00a0\u00a0\u00a0\u00a0\u00a0\u00a0\u00a0\u00a0\u00a0\u00a0\u00a0\u00a0\u00a0\u00a0\u00a0\u00a0\u00a0\u00a0\u00a0\u00a0\u00a0\u00a0\u00a0\u00a0\u00a0\u00a0\u00a0\u00a0\u00a0\u00a0\u00a0\u00a0\u00a0\u00a0\u00a0\u00a0\u00a0\u00a0\u00a0\u00a0\u00a0\u00a0\u00a0\u00a0 \u00a0\u00a0\u00a0\u00a0\u00a0\u00a0\u00a0\u00a0\u00a0\u00a0\u00a0\u00a0\u00a0\u00a0\u00a0\u00a0\u00a0\u00a0\u00a0\u00a0\u00a0\u00a0\u00a0\u00a0\u00a0\u00a0\u00a0\u00a0\u00a0\u00a0\u00a0\u00a0\u00a0\u00a0\u00a0 \u00a0 \u00a0 \u00a0 \u00a0 \u00a0 \u00a0 \u00a0 \u00a0 \u00a0 \u00a0 \u00a0 \u00a0 \u00a0 \u00a0 \u00a0 \u00a0 \u00a0 \u00a0 \u00a0\u00a0III\u00a0 NIEDZIELA WIELKIEGO POSTU &nbsp; Zapraszam bardzo serdecznie jeszcze dzisiaj na Gorzkie \u017bale z kazaniem pasyjnym o godz. 17:15. &nbsp; Jeszcze raz pragn\u0119 podzi\u0119kowa\u0107 wszystkim rodzinom z naszej [&hellip;]<\/p>\n","protected":false},"author":0,"featured_media":0,"comment_status":"closed","ping_status":"closed","sticky":false,"template":"","format":"standard","meta":{"ngg_post_thumbnail":0,"footnotes":""},"categories":[3],"tags":[],"class_list":["post-2833","post","type-post","status-publish","format-standard","hentry","category-ogloszenia"],"aioseo_notices":[],"_links":{"self":[{"href":"https:\/\/parafiakrzyzowa.pl\/index.php?rest_route=\/wp\/v2\/posts\/2833","targetHints":{"allow":["GET"]}}],"collection":[{"href":"https:\/\/parafiakrzyzowa.pl\/index.php?rest_route=\/wp\/v2\/posts"}],"about":[{"href":"https:\/\/parafiakrzyzowa.pl\/index.php?rest_route=\/wp\/v2\/types\/post"}],"replies":[{"embeddable":true,"href":"https:\/\/parafiakrzyzowa.pl\/index.php?rest_route=%2Fwp%2Fv2%2Fcomments&post=2833"}],"version-history":[{"count":1,"href":"https:\/\/parafiakrzyzowa.pl\/index.php?rest_route=\/wp\/v2\/posts\/2833\/revisions"}],"predecessor-version":[{"id":2834,"href":"https:\/\/parafiakrzyzowa.pl\/index.php?rest_route=\/wp\/v2\/posts\/2833\/revisions\/2834"}],"wp:attachment":[{"href":"https:\/\/parafiakrzyzowa.pl\/index.php?rest_route=%2Fwp%2Fv2%2Fmedia&parent=2833"}],"wp:term":[{"taxonomy":"category","embeddable":true,"href":"https:\/\/parafiakrzyzowa.pl\/index.php?rest_route=%2Fwp%2Fv2%2Fcategories&post=2833"},{"taxonomy":"post_tag","embeddable":true,"href":"https:\/\/parafiakrzyzowa.pl\/index.php?rest_route=%2Fwp%2Fv2%2Ftags&post=2833"}],"curies":[{"name":"wp","href":"https:\/\/api.w.org\/{rel}","templated":true}]}}