{"id":2836,"date":"2022-03-19T08:33:43","date_gmt":"2022-03-19T08:33:43","guid":{"rendered":"https:\/\/parafiakrzyzowa.pl\/?p=2836"},"modified":"2022-03-19T08:33:52","modified_gmt":"2022-03-19T08:33:52","slug":"2836","status":"publish","type":"post","link":"https:\/\/parafiakrzyzowa.pl\/?p=2836","title":{"rendered":""},"content":{"rendered":"<p>&nbsp;<\/p>\n<p>&nbsp;<\/p>\n<p><strong>\u00a0\u00a0\u00a0\u00a0\u00a0\u00a0\u00a0\u00a0\u00a0\u00a0\u00a0\u00a0\u00a0\u00a0\u00a0\u00a0\u00a0\u00a0\u00a0\u00a0\u00a0\u00a0\u00a0\u00a0\u00a0\u00a0\u00a0\u00a0\u00a0\u00a0\u00a0\u00a0\u00a0\u00a0\u00a0\u00a0\u00a0\u00a0\u00a0\u00a0\u00a0\u00a0\u00a0\u00a0\u00a0\u00a0\u00a0\u00a0\u00a0\u00a0\u00a0\u00a0\u00a0\u00a0\u00a0\u00a0\u00a0\u00a0\u00a0\u00a0\u00a0\u00a0\u00a0\u00a0\u00a0\u00a0\u00a0\u00a0\u00a0\u00a0\u00a0\u00a0\u00a0\u00a0\u00a0\u00a0\u00a0 <\/strong><\/p>\n<p><strong>\u00a0\u00a0\u00a0\u00a0 \u00a0\u00a0\u00a0\u00a0\u00a0\u00a0\u00a0\u00a0\u00a0\u00a0\u00a0\u00a0\u00a0\u00a0\u00a0\u00a0\u00a0\u00a0\u00a0\u00a0\u00a0\u00a0\u00a0\u00a0\u00a0\u00a0\u00a0\u00a0\u00a0\u00a0\u00a0\u00a0\u00a0\u00a0\u00a0\u00a0<\/strong><strong><u>INTENCJE MSZY \u015aWI\u0118TYCH<\/u><\/strong><\/p>\n<p><strong>\u00a0<\/strong><\/p>\n<p><strong><u>NIEDZIELA 20. III. 2022r.<\/u><\/strong><\/p>\n<p>&nbsp;<\/p>\n<p>Godz. 8:00\u00a0 &#8211;\u00a0\u00a0\u00a0\u00a0 +Tadeusz P\u0142aza w 1r. \u015bmierci<\/p>\n<p>&nbsp;<\/p>\n<p>Godz. 10\u00a0\u00a0\u00a0 &#8211; \u00a0\u00a0\u00a0\u00a0+ Pawe\u0142 Witas w 18r. \u015bmierci<\/p>\n<p>&nbsp;<\/p>\n<p>Godz. 18\u00a0\u00a0\u00a0\u00a0 &#8211; \u00a0\u00a0++ Wiktoria Wrzeszcz m\u0105\u017c J\u00f3zef<\/p>\n<p><strong><u>\u00a0<\/u><\/strong><\/p>\n<p><strong><u>PONIEDZIA\u0141EK 21 .III. 2022r.<\/u><\/strong><\/p>\n<p>&nbsp;<\/p>\n<p>Godz. 18\u00a0\u00a0\u00a0\u00a0\u00a0 &#8211;\u00a0\u00a0 ++ J\u00f3zef J\u0119drzejas i rodzice Bronis\u0142aw i Wiktoria<\/p>\n<p><strong><u>\u00a0<\/u><\/strong><\/p>\n<p><strong><u>WTOREK 22 .III. 2022r. <\/u><\/strong><\/p>\n<p>&nbsp;<\/p>\n<p>Godz.\u00a0 7:00\u00a0 &#8211; \u00a0\u00a0\u00a0\u00a0\u00a0\u00a0\u00a0\u00a0W intencji Parafian<\/p>\n<p>&nbsp;<\/p>\n<p><strong><u>\u015aRODA 23 .III. 2022r.<\/u><\/strong><\/p>\n<p>&nbsp;<\/p>\n<p>Godz.. 18\u00a0 \u00a0\u00a0&#8211;\u00a0 \u00a0\u00a0++\u00a0 Stefania Michalec m\u0105\u017c Zygmunt<\/p>\n<p><strong><u>\u00a0<\/u><\/strong><\/p>\n<p><strong><u>CZWARTEK 24 .III. 2022r.<\/u><\/strong><\/p>\n<p>&nbsp;<\/p>\n<p>Godz. \u00a018\u00a0\u00a0\u00a0 \u00a0&#8211;\u00a0 \u00a0\u00a0\u00a0\u00a0+\u00a0 Anna Bu\u0142ka<\/p>\n<p>&nbsp;<\/p>\n<p><strong><u>PI\u0104TEK 25. III. 2022r .- ZWIASTOWANIE PA\u0143SKIE<\/u><\/strong><\/p>\n<p>&nbsp;<\/p>\n<p>Godz. 8 :00\u00a0 &#8211;\u00a0\u00a0 ++ Weronika Galas w 18r. \u015bmierci m\u0105\u017c Wojciech<\/p>\n<p>&nbsp;<\/p>\n<p>Godz. 17\u00a0\u00a0\u00a0\u00a0\u00a0\u00a0 &#8211;\u00a0\u00a0 ++ Tadeusz Walig\u00f3ra w 6r. \u015bmierci i rodzice W\u0142adys\u0142aw i Magdalena<\/p>\n<p>&#8211;\u00a0\u00a0\u00a0\u00a0\u00a0\u00a0\u00a0 O pok\u00f3j na Ukrainie i nawr\u00f3cenie Rosji<\/p>\n<p><strong><u>\u00a0\u00a0\u00a0\u00a0\u00a0\u00a0\u00a0\u00a0\u00a0\u00a0\u00a0\u00a0\u00a0\u00a0\u00a0\u00a0\u00a0\u00a0 <\/u><\/strong><\/p>\n<p><strong><u>SOBOTA 26. III. 2022r.<\/u><\/strong><\/p>\n<p>&nbsp;<\/p>\n<p>Godz. 18\u00a0\u00a0\u00a0\u00a0 &#8211;\u00a0\u00a0 \u00a0\u00a0\u00a0\u00a0\u00a0\u00a0+ Waleria Cudzich w r. \u015bmierci<\/p>\n<p>&nbsp;<\/p>\n<p><strong><u>NIEDZIELA\u00a0 27.III. 2022r.<\/u><\/strong><\/p>\n<p>&nbsp;<\/p>\n<p>Godz. 8:00\u00a0 &#8211;\u00a0 \u00a0\u00a0\u00a0\u00a0\u00a0\u00a0\u00a0\u00a0+\u00a0 Tadeusz Kami\u0144ski w 1r. \u015bmierci<\/p>\n<p>&nbsp;<\/p>\n<p>Godz. 10\u00a0\u00a0 \u00a0&#8211;\u00a0 \u00a0\u00a0\u00a0\u00a0\u00a0\u00a0\u00a0\u00a0\u00a0\u00a0\u00a0\u00a0\u00a0\u00a0O b\u0142. Bo\u017ce i zdrowie dla Dawida Dendysa w 18r. urodzin<\/p>\n<p>&nbsp;<\/p>\n<p>Godz. 18\u00a0 \u00a0\u00a0\u00a0&#8211;\u00a0\u00a0 \u00a0\u00a0\u00a0\u00a0\u00a0\u00a0\u00a0\u00a0+\u00a0\u00a0 Dominik Mrowiec w 3r. \u015bmierci<\/p>\n","protected":false},"excerpt":{"rendered":"<p>&nbsp; &nbsp; \u00a0\u00a0\u00a0\u00a0\u00a0\u00a0\u00a0\u00a0\u00a0\u00a0\u00a0\u00a0\u00a0\u00a0\u00a0\u00a0\u00a0\u00a0\u00a0\u00a0\u00a0\u00a0\u00a0\u00a0\u00a0\u00a0\u00a0\u00a0\u00a0\u00a0\u00a0\u00a0\u00a0\u00a0\u00a0\u00a0\u00a0\u00a0\u00a0\u00a0\u00a0\u00a0\u00a0\u00a0\u00a0\u00a0\u00a0\u00a0\u00a0\u00a0\u00a0\u00a0\u00a0\u00a0\u00a0\u00a0\u00a0\u00a0\u00a0\u00a0\u00a0\u00a0\u00a0\u00a0\u00a0\u00a0\u00a0\u00a0\u00a0\u00a0\u00a0\u00a0\u00a0\u00a0\u00a0\u00a0\u00a0 \u00a0\u00a0\u00a0\u00a0 \u00a0\u00a0\u00a0\u00a0\u00a0\u00a0\u00a0\u00a0\u00a0\u00a0\u00a0\u00a0\u00a0\u00a0\u00a0\u00a0\u00a0\u00a0\u00a0\u00a0\u00a0\u00a0\u00a0\u00a0\u00a0\u00a0\u00a0\u00a0\u00a0\u00a0\u00a0\u00a0\u00a0\u00a0\u00a0\u00a0INTENCJE MSZY \u015aWI\u0118TYCH \u00a0 NIEDZIELA 20. III. 2022r. &nbsp; Godz. 8:00\u00a0 &#8211;\u00a0\u00a0\u00a0\u00a0 +Tadeusz P\u0142aza w 1r. \u015bmierci &nbsp; Godz. 10\u00a0\u00a0\u00a0 &#8211; \u00a0\u00a0\u00a0\u00a0+ Pawe\u0142 Witas w 18r. \u015bmierci &nbsp; Godz. 18\u00a0\u00a0\u00a0\u00a0 &#8211; \u00a0\u00a0++ Wiktoria Wrzeszcz m\u0105\u017c J\u00f3zef \u00a0 PONIEDZIA\u0141EK 21 .III. 2022r. &nbsp; Godz. 18\u00a0\u00a0\u00a0\u00a0\u00a0 &#8211;\u00a0\u00a0 ++ J\u00f3zef J\u0119drzejas i rodzice Bronis\u0142aw [&hellip;]<\/p>\n","protected":false},"author":0,"featured_media":0,"comment_status":"closed","ping_status":"closed","sticky":false,"template":"","format":"standard","meta":{"ngg_post_thumbnail":0,"footnotes":""},"categories":[7],"tags":[],"class_list":["post-2836","post","type-post","status-publish","format-standard","hentry","category-intencje"],"aioseo_notices":[],"_links":{"self":[{"href":"https:\/\/parafiakrzyzowa.pl\/index.php?rest_route=\/wp\/v2\/posts\/2836","targetHints":{"allow":["GET"]}}],"collection":[{"href":"https:\/\/parafiakrzyzowa.pl\/index.php?rest_route=\/wp\/v2\/posts"}],"about":[{"href":"https:\/\/parafiakrzyzowa.pl\/index.php?rest_route=\/wp\/v2\/types\/post"}],"replies":[{"embeddable":true,"href":"https:\/\/parafiakrzyzowa.pl\/index.php?rest_route=%2Fwp%2Fv2%2Fcomments&post=2836"}],"version-history":[{"count":1,"href":"https:\/\/parafiakrzyzowa.pl\/index.php?rest_route=\/wp\/v2\/posts\/2836\/revisions"}],"predecessor-version":[{"id":2837,"href":"https:\/\/parafiakrzyzowa.pl\/index.php?rest_route=\/wp\/v2\/posts\/2836\/revisions\/2837"}],"wp:attachment":[{"href":"https:\/\/parafiakrzyzowa.pl\/index.php?rest_route=%2Fwp%2Fv2%2Fmedia&parent=2836"}],"wp:term":[{"taxonomy":"category","embeddable":true,"href":"https:\/\/parafiakrzyzowa.pl\/index.php?rest_route=%2Fwp%2Fv2%2Fcategories&post=2836"},{"taxonomy":"post_tag","embeddable":true,"href":"https:\/\/parafiakrzyzowa.pl\/index.php?rest_route=%2Fwp%2Fv2%2Ftags&post=2836"}],"curies":[{"name":"wp","href":"https:\/\/api.w.org\/{rel}","templated":true}]}}