{"id":2839,"date":"2022-03-26T08:49:05","date_gmt":"2022-03-26T08:49:05","guid":{"rendered":"https:\/\/parafiakrzyzowa.pl\/?p=2839"},"modified":"2022-03-26T08:49:12","modified_gmt":"2022-03-26T08:49:12","slug":"2839","status":"publish","type":"post","link":"https:\/\/parafiakrzyzowa.pl\/?p=2839","title":{"rendered":""},"content":{"rendered":"<p>Krzy\u017cowa \u00a027 .III . 2022 r.<\/p>\n<p><strong>\u00a0\u00a0\u00a0\u00a0\u00a0\u00a0\u00a0\u00a0\u00a0\u00a0\u00a0\u00a0\u00a0\u00a0\u00a0\u00a0\u00a0\u00a0\u00a0\u00a0\u00a0\u00a0\u00a0\u00a0\u00a0\u00a0\u00a0\u00a0\u00a0\u00a0\u00a0\u00a0\u00a0\u00a0\u00a0\u00a0\u00a0\u00a0\u00a0\u00a0\u00a0\u00a0\u00a0\u00a0\u00a0\u00a0\u00a0\u00a0\u00a0\u00a0\u00a0\u00a0\u00a0\u00a0\u00a0\u00a0\u00a0\u00a0\u00a0\u00a0\u00a0\u00a0\u00a0\u00a0\u00a0\u00a0\u00a0\u00a0\u00a0\u00a0\u00a0\u00a0\u00a0\u00a0\u00a0\u00a0\u00a0 <\/strong><\/p>\n<p><strong>\u00a0\u00a0\u00a0\u00a0\u00a0\u00a0\u00a0\u00a0\u00a0\u00a0\u00a0\u00a0\u00a0\u00a0\u00a0\u00a0\u00a0\u00a0\u00a0\u00a0\u00a0\u00a0\u00a0\u00a0\u00a0\u00a0\u00a0\u00a0\u00a0\u00a0\u00a0\u00a0\u00a0\u00a0\u00a0 <\/strong><\/p>\n<p><strong>\u00a0\u00a0\u00a0\u00a0\u00a0\u00a0\u00a0\u00a0\u00a0\u00a0\u00a0\u00a0\u00a0\u00a0\u00a0\u00a0\u00a0\u00a0\u00a0\u00a0\u00a0\u00a0\u00a0\u00a0\u00a0\u00a0\u00a0\u00a0\u00a0\u00a0\u00a0\u00a0 <\/strong><\/p>\n<p><strong>\u00a0<\/strong><\/p>\n<p><strong>\u00a0\u00a0\u00a0\u00a0\u00a0\u00a0\u00a0\u00a0\u00a0\u00a0\u00a0\u00a0\u00a0\u00a0\u00a0\u00a0\u00a0\u00a0\u00a0\u00a0\u00a0\u00a0\u00a0\u00a0\u00a0\u00a0 <\/strong><strong>\u00a0<\/strong><strong><u>IV\u00a0 NIEDZIELA WIELKIEGO POSTU<\/u><\/strong><\/p>\n<p>&nbsp;<\/p>\n<p>&nbsp;<\/p>\n<p>W naszej wsp\u00f3lnocie parafialnej rozpoczynamy dzi\u015b rekolekcje wielkopostne. Nauki rekolekcyjne b\u0119dzie g\u0142osi\u0142 ks. Jacek P\u0119dziwiatr, kt\u00f3rego bardzo serdecznie witam i \u017cycz\u0119 wiele si\u0142 i \u015bwiat\u0142a Duch \u015awi\u0119tego w g\u0142oszeniu Bo\u017cego S\u0142owa.<\/p>\n<p>&nbsp;<\/p>\n<p>Dzi\u015b msze \u015bw. i nauki rekolekcyjne w nast\u0119puj\u0105cym porz\u0105dku. Godz. 8:00, 10:00 17:15 Gorzkie \u017bale z kazaniem pasyjnym i godz. 18 msza \u015bw.<\/p>\n<p>&nbsp;<\/p>\n<p>Jutro Msza \u015bw. o godz. 9:00. 17:00 i 19 :00. \u00a0Dzieci z rodzicami przychodz\u0105 na godz. 17, a parafian\u00a0 \u00a0 i m\u0142odzie\u017c na godz. 19. Po mszy \u015bw. o godz. 19 ks. Jacek b\u0119dzie opowiada\u0142 o Ziemi \u015awi\u0119tej i b\u0119dzie wy\u015bwietla\u0142 prze\u017arocza . Kto b\u0119dzie ch\u0119tny to pozostanie.<\/p>\n<p>Program rekolekcji jest na stronie internetowej naszej Parafii.<\/p>\n<p>&nbsp;<\/p>\n<p>Jutro podam program rekolekcji na wtorek.<\/p>\n<p>&nbsp;<\/p>\n<p>W tym tygodniu przypada I pi\u0105tek i sobota miesi\u0105ca. W pi\u0105tek b\u0119dzie jeszcze spowied\u017a od 16:30 do 17:30 , a o 17:30 Droga krzy\u017cowa dla wszystkich . Po mszy \u015bw. nabo\u017ce\u0144stwo do Serca Jezusowego.<\/p>\n<p>&nbsp;<\/p>\n<p>W sobot\u0119 przed msz\u0105 \u015bw. prosz\u0119 o r\u00f3\u017caniec w intencji pokoju na Ukrainie.<\/p>\n<p>&nbsp;<\/p>\n<p>Zach\u0119cam do nabywania prasy katolickiej.<\/p>\n<p>B\u00f3g zap\u0142a\u0107 za sprz\u0105tanie ko\u015bcio\u0142a w tym tygodniu. Nast\u0119pne sprz\u0105tanie b\u0119dzie w pi\u0105tek po wieczornej mszy \u015bw. Sprz\u0105taj\u0105 Panie: Dorota Pastor Marzena Wylecia\u0142 Halina Z\u0105bek i Krystyna Gracjas.<\/p>\n<p>&nbsp;<\/p>\n<p>Mo\u017cna sk\u0142ada\u0107 ofiary na kwiaty do Grobu Pana Jezusa.<\/p>\n<p>&nbsp;<\/p>\n<p>Mo\u017cna wci\u0105\u017c\u00a0 zg\u0142asza\u0107 ch\u0119\u0107 przyj\u0119cia do swojego domu uchod\u017ac\u00f3w z Ukrainy<\/p>\n<p>&nbsp;<\/p>\n<p>&nbsp;<\/p>\n<p>&nbsp;<\/p>\n<p>&nbsp;<\/p>\n<p>&nbsp;<\/p>\n<p>&nbsp;<\/p>\n<p>&nbsp;<\/p>\n<p>&nbsp;<\/p>\n","protected":false},"excerpt":{"rendered":"<p>Krzy\u017cowa \u00a027 .III . 2022 r. \u00a0\u00a0\u00a0\u00a0\u00a0\u00a0\u00a0\u00a0\u00a0\u00a0\u00a0\u00a0\u00a0\u00a0\u00a0\u00a0\u00a0\u00a0\u00a0\u00a0\u00a0\u00a0\u00a0\u00a0\u00a0\u00a0\u00a0\u00a0\u00a0\u00a0\u00a0\u00a0\u00a0\u00a0\u00a0\u00a0\u00a0\u00a0\u00a0\u00a0\u00a0\u00a0\u00a0\u00a0\u00a0\u00a0\u00a0\u00a0\u00a0\u00a0\u00a0\u00a0\u00a0\u00a0\u00a0\u00a0\u00a0\u00a0\u00a0\u00a0\u00a0\u00a0\u00a0\u00a0\u00a0\u00a0\u00a0\u00a0\u00a0\u00a0\u00a0\u00a0\u00a0\u00a0\u00a0\u00a0\u00a0 \u00a0\u00a0\u00a0\u00a0\u00a0\u00a0\u00a0\u00a0\u00a0\u00a0\u00a0\u00a0\u00a0\u00a0\u00a0\u00a0\u00a0\u00a0\u00a0\u00a0\u00a0\u00a0\u00a0\u00a0\u00a0\u00a0\u00a0\u00a0\u00a0\u00a0\u00a0\u00a0\u00a0\u00a0\u00a0 \u00a0\u00a0\u00a0\u00a0\u00a0\u00a0\u00a0\u00a0\u00a0\u00a0\u00a0\u00a0\u00a0\u00a0\u00a0\u00a0\u00a0\u00a0\u00a0\u00a0\u00a0\u00a0\u00a0\u00a0\u00a0\u00a0\u00a0\u00a0\u00a0\u00a0\u00a0\u00a0 \u00a0 \u00a0\u00a0\u00a0\u00a0\u00a0\u00a0\u00a0\u00a0\u00a0\u00a0\u00a0\u00a0\u00a0\u00a0\u00a0\u00a0\u00a0\u00a0\u00a0\u00a0\u00a0\u00a0\u00a0\u00a0\u00a0\u00a0 \u00a0IV\u00a0 NIEDZIELA WIELKIEGO POSTU &nbsp; &nbsp; W naszej wsp\u00f3lnocie parafialnej rozpoczynamy dzi\u015b rekolekcje wielkopostne. Nauki rekolekcyjne b\u0119dzie g\u0142osi\u0142 ks. Jacek P\u0119dziwiatr, kt\u00f3rego bardzo serdecznie witam i \u017cycz\u0119 wiele si\u0142 i \u015bwiat\u0142a Duch \u015awi\u0119tego w g\u0142oszeniu Bo\u017cego S\u0142owa. &nbsp; Dzi\u015b msze \u015bw. i nauki rekolekcyjne [&hellip;]<\/p>\n","protected":false},"author":0,"featured_media":0,"comment_status":"closed","ping_status":"closed","sticky":false,"template":"","format":"standard","meta":{"ngg_post_thumbnail":0,"footnotes":""},"categories":[3],"tags":[],"class_list":["post-2839","post","type-post","status-publish","format-standard","hentry","category-ogloszenia"],"aioseo_notices":[],"_links":{"self":[{"href":"https:\/\/parafiakrzyzowa.pl\/index.php?rest_route=\/wp\/v2\/posts\/2839","targetHints":{"allow":["GET"]}}],"collection":[{"href":"https:\/\/parafiakrzyzowa.pl\/index.php?rest_route=\/wp\/v2\/posts"}],"about":[{"href":"https:\/\/parafiakrzyzowa.pl\/index.php?rest_route=\/wp\/v2\/types\/post"}],"replies":[{"embeddable":true,"href":"https:\/\/parafiakrzyzowa.pl\/index.php?rest_route=%2Fwp%2Fv2%2Fcomments&post=2839"}],"version-history":[{"count":1,"href":"https:\/\/parafiakrzyzowa.pl\/index.php?rest_route=\/wp\/v2\/posts\/2839\/revisions"}],"predecessor-version":[{"id":2840,"href":"https:\/\/parafiakrzyzowa.pl\/index.php?rest_route=\/wp\/v2\/posts\/2839\/revisions\/2840"}],"wp:attachment":[{"href":"https:\/\/parafiakrzyzowa.pl\/index.php?rest_route=%2Fwp%2Fv2%2Fmedia&parent=2839"}],"wp:term":[{"taxonomy":"category","embeddable":true,"href":"https:\/\/parafiakrzyzowa.pl\/index.php?rest_route=%2Fwp%2Fv2%2Fcategories&post=2839"},{"taxonomy":"post_tag","embeddable":true,"href":"https:\/\/parafiakrzyzowa.pl\/index.php?rest_route=%2Fwp%2Fv2%2Ftags&post=2839"}],"curies":[{"name":"wp","href":"https:\/\/api.w.org\/{rel}","templated":true}]}}