{"id":2842,"date":"2022-03-26T08:51:05","date_gmt":"2022-03-26T08:51:05","guid":{"rendered":"https:\/\/parafiakrzyzowa.pl\/?p=2842"},"modified":"2022-03-26T08:51:11","modified_gmt":"2022-03-26T08:51:11","slug":"2842","status":"publish","type":"post","link":"https:\/\/parafiakrzyzowa.pl\/?p=2842","title":{"rendered":""},"content":{"rendered":"<p><strong>\u00a0REKOLEKCJE WIELKOPOSTNE W PARAFII<\/strong><\/p>\n<p><strong>\u00a0\u00a0NIEPOKALANEGO SERCA NM PANNY\u00a0 \u00a0W KRZY\u017bOWEJ<\/strong><\/p>\n<p><strong>\u00a0\u00a0\u00a0\u00a0\u00a0\u00a0\u00a0\u00a0\u00a0\u00a0\u00a0\u00a0\u00a0\u00a0\u00a0\u00a0\u00a0\u00a0 \u00a0\u00a0\u00a0\u00a0\u00a0\u00a0\u00a0\u00a027.III\u2013 30.III 2022r.<\/strong><\/p>\n<p><strong><u>\u00a0<\/u><\/strong><\/p>\n<p><strong><u>Niedziela 27.III. 2019<\/u><\/strong><\/p>\n<p><strong>\u00a0<\/strong><\/p>\n<p><strong>\u00a0<\/strong>Godz. 8:00 &#8211; \u00a0\u00a0\u00a0Msza \u015bw. z nauk\u0105 og\u00f3ln\u0105 dla wszystkich<\/p>\n<p>&nbsp;<\/p>\n<p>Godz. 10:00 &#8211; Msza \u015bw. z nauk\u0105 og\u00f3ln\u0105 dla wszystkich<\/p>\n<p>&nbsp;<\/p>\n<p>Godz.17:15\u00a0 &#8211; \u00a0Gorzkie \u017bale z kazaniem pasyjnym<\/p>\n<p>&nbsp;<\/p>\n<p>Godz. 18\u00a0\u00a0\u00a0\u00a0 &#8211;\u00a0\u00a0 Msza \u015bw. z kazaniem og\u00f3lnym<\/p>\n<p>&nbsp;<\/p>\n<p><strong><u>\u00a0Poniedzia\u0142ek 28.III. 2022r.<\/u><\/strong><\/p>\n<p>&nbsp;<\/p>\n<p>Godz. 9:00 &#8211;\u00a0 \u00a0Msza \u015bw. z nauk\u0105 og\u00f3ln\u0105 dla wszystkich<\/p>\n<p>Godz.17:00 &#8211;\u00a0 Msza \u015bw. z nauk\u0105 dla wszystkich \/ rodzice i dzieci\/<\/p>\n<p>Godz.19\u00a0\u00a0 \u00a0\u00a0&#8211;\u00a0\u00a0 Msza \u015bw. z nauk\u0105 og\u00f3ln\u0105 dla wszystkich \/ m\u0142odzie\u017c\/<\/p>\n<p>Godz. 20\u00a0\u00a0\u00a0 &#8211;\u00a0\u00a0 Pielgrzymka po Ziemi \u015bwi\u0119tej<\/p>\n<p>&nbsp;<\/p>\n<p><strong><u>Wtorek 29.III. 2022r.<\/u><\/strong><\/p>\n<p>&nbsp;<\/p>\n<p>Godz.8:00\u00a0 &#8211; do 9:00\u00a0\u00a0 Spowied\u017a \u015bw.<\/p>\n<p>Godz.9:00\u00a0\u00a0\u00a0\u00a0 &#8211;\u00a0 \u00a0\u00a0\u00a0\u00a0\u00a0\u00a0\u00a0\u00a0\u00a0\u00a0\u00a0Msza \u015bw. z nauk\u0105 dla wszystkich<\/p>\n<p>Godz. 9:30 &#8211; 10:30\u00a0 \u00a0\u00a0\u00a0\u00a0Spowied\u017a \u015bw.<\/p>\n<p>Godz. 15:30 \u2013 17\u00a0 \u00a0\u00a0\u00a0\u00a0\u00a0\u00a0Spowied\u017a \u015bw.<\/p>\n<p>Godz. 17 \u2013 \u00a0\u00a0\u00a0\u00a0\u00a0\u00a0\u00a0\u00a0\u00a0\u00a0\u00a0\u00a0\u00a0\u00a0\u00a0\u00a0\u00a0Msza \u015bwi\u0119ta z nauka dla wszystkich<\/p>\n<p>Godz. 18 &#8211; 19:00 \u2013 \u00a0\u00a0\u00a0\u00a0\u00a0Spowied\u017a \u015bw. i adoracja Naj\u015bwi\u0119tszego Sakramentu<\/p>\n<p>Godz. 19\u00a0\u00a0\u00a0\u00a0 &#8211; \u00a0\u00a0\u00a0\u00a0\u00a0\u00a0\u00a0\u00a0\u00a0\u00a0\u00a0\u00a0\u00a0\u00a0Msza \u015bw. z nauk\u0105 og\u00f3ln\u0105<\/p>\n<p><strong>\u00a0<\/strong><\/p>\n<p><strong><u>\u00a0<\/u><\/strong><\/p>\n<p><strong><u>\u00a0 \u015aroda 30.III.2022r.<\/u><\/strong><\/p>\n<p>&nbsp;<\/p>\n<p>Godz.9:00 &#8211; Msza \u015bw. dla wszystkich i sakrament Namaszczenia chorych i b\u0142.<\/p>\n<p>rekolekcyjne<\/p>\n<p>Godz.17\u00a0 \u00a0&#8211; \u00a0\u00a0Msza \u015bw. dla wszystkich i b\u0142ogos\u0142awie\u0144stwo rekolekcyjne<\/p>\n<p>Godz.19\u00a0\u00a0\u00a0 &#8211;\u00a0 Msza \u015bw. dla wszystkich i b\u0142. rekolekcyjne<\/p>\n<p><strong>\u00a0<\/strong><\/p>\n<p>&nbsp;<\/p>\n<p><strong>\u00a0<\/strong><\/p>\n","protected":false},"excerpt":{"rendered":"<p>\u00a0REKOLEKCJE WIELKOPOSTNE W PARAFII \u00a0\u00a0NIEPOKALANEGO SERCA NM PANNY\u00a0 \u00a0W KRZY\u017bOWEJ \u00a0\u00a0\u00a0\u00a0\u00a0\u00a0\u00a0\u00a0\u00a0\u00a0\u00a0\u00a0\u00a0\u00a0\u00a0\u00a0\u00a0\u00a0 \u00a0\u00a0\u00a0\u00a0\u00a0\u00a0\u00a0\u00a027.III\u2013 30.III 2022r. \u00a0 Niedziela 27.III. 2019 \u00a0 \u00a0Godz. 8:00 &#8211; \u00a0\u00a0\u00a0Msza \u015bw. z nauk\u0105 og\u00f3ln\u0105 dla wszystkich &nbsp; Godz. 10:00 &#8211; Msza \u015bw. z nauk\u0105 og\u00f3ln\u0105 dla wszystkich &nbsp; Godz.17:15\u00a0 &#8211; \u00a0Gorzkie \u017bale z kazaniem pasyjnym &nbsp; Godz. 18\u00a0\u00a0\u00a0\u00a0 &#8211;\u00a0\u00a0 Msza \u015bw. z [&hellip;]<\/p>\n","protected":false},"author":0,"featured_media":0,"comment_status":"closed","ping_status":"closed","sticky":false,"template":"","format":"standard","meta":{"ngg_post_thumbnail":0,"footnotes":""},"categories":[3],"tags":[],"class_list":["post-2842","post","type-post","status-publish","format-standard","hentry","category-ogloszenia"],"aioseo_notices":[],"_links":{"self":[{"href":"https:\/\/parafiakrzyzowa.pl\/index.php?rest_route=\/wp\/v2\/posts\/2842","targetHints":{"allow":["GET"]}}],"collection":[{"href":"https:\/\/parafiakrzyzowa.pl\/index.php?rest_route=\/wp\/v2\/posts"}],"about":[{"href":"https:\/\/parafiakrzyzowa.pl\/index.php?rest_route=\/wp\/v2\/types\/post"}],"replies":[{"embeddable":true,"href":"https:\/\/parafiakrzyzowa.pl\/index.php?rest_route=%2Fwp%2Fv2%2Fcomments&post=2842"}],"version-history":[{"count":1,"href":"https:\/\/parafiakrzyzowa.pl\/index.php?rest_route=\/wp\/v2\/posts\/2842\/revisions"}],"predecessor-version":[{"id":2843,"href":"https:\/\/parafiakrzyzowa.pl\/index.php?rest_route=\/wp\/v2\/posts\/2842\/revisions\/2843"}],"wp:attachment":[{"href":"https:\/\/parafiakrzyzowa.pl\/index.php?rest_route=%2Fwp%2Fv2%2Fmedia&parent=2842"}],"wp:term":[{"taxonomy":"category","embeddable":true,"href":"https:\/\/parafiakrzyzowa.pl\/index.php?rest_route=%2Fwp%2Fv2%2Fcategories&post=2842"},{"taxonomy":"post_tag","embeddable":true,"href":"https:\/\/parafiakrzyzowa.pl\/index.php?rest_route=%2Fwp%2Fv2%2Ftags&post=2842"}],"curies":[{"name":"wp","href":"https:\/\/api.w.org\/{rel}","templated":true}]}}